{"id":24784,"date":"2023-07-04T08:21:41","date_gmt":"2023-07-04T11:21:41","guid":{"rendered":"https:\/\/elfederalmendoza.com\/?p=24784"},"modified":"2023-07-04T08:21:43","modified_gmt":"2023-07-04T11:21:43","slug":"el-pj-a-punto-de-perder-el-senado-que-controla-desde-1983-asi-quedo-el-mapa-electoral-tras-el-triunfo-de-juntos-por-el-cambio-en-san-juan","status":"publish","type":"post","link":"https:\/\/elfederalmendoza.com.ar\/index.php\/2023\/07\/04\/el-pj-a-punto-de-perder-el-senado-que-controla-desde-1983-asi-quedo-el-mapa-electoral-tras-el-triunfo-de-juntos-por-el-cambio-en-san-juan\/","title":{"rendered":"El PJ a punto de perder el Senado que controla desde 1983: As\u00ed qued\u00f3 el mapa electoral tras el triunfo de Juntos por el Cambio en San Juan"},"content":{"rendered":"\n<p>La tendencia es la victoria de los oficialismos, a excepci\u00f3n de <strong>Neuqu\u00e9n, San Luis y San Juan. Santa Fe<\/strong> se presenta como el pr\u00f3ximo desaf\u00edo electoral. C\u00f3mo queda repartido el poder en la Argentina hasta el momento.<\/p>\n\n\n\n<p><img loading=\"lazy\" decoding=\"async\" alt=\"Mapa electoral de la Argentina\" height=\"1286\" width=\"1260\" class=\"\" src=\"https:\/\/www.infobae.com\/new-resizer\/JwoiRePHTl77u-2LT4ivvJxrLXg=\/1260x1286\/filters:format(webp):quality(85)\/cloudfront-us-east-1.images.arcpublishing.com\/infobae\/PFDY3AQTYRE27DE2HK7G6W6HWY.png\" srcset=\"https:\/\/www.infobae.com\/new-resizer\/qU5RyJExLGhO6_pUlkIpm6aOkEE=\/420x420\/filters:format(webp):quality(85)\/cloudfront-us-east-1.images.arcpublishing.com\/infobae\/PFDY3AQTYRE27DE2HK7G6W6HWY.png 420w,https:\/\/www.infobae.com\/new-resizer\/X5levtXr1NCNo6rxm07jlFVptgY=\/768x768\/filters:format(webp):quality(85)\/cloudfront-us-east-1.images.arcpublishing.com\/infobae\/PFDY3AQTYRE27DE2HK7G6W6HWY.png 768w,https:\/\/www.infobae.com\/new-resizer\/2hwVPqDhgVENyN3TiGVutEP9Xgo=\/992x992\/filters:format(webp):quality(85)\/cloudfront-us-east-1.images.arcpublishing.com\/infobae\/PFDY3AQTYRE27DE2HK7G6W6HWY.png 992w,https:\/\/www.infobae.com\/new-resizer\/lLX4V76NKj0ugRO7z1lRtdxEvBY=\/1200x1200\/filters:format(webp):quality(85)\/cloudfront-us-east-1.images.arcpublishing.com\/infobae\/PFDY3AQTYRE27DE2HK7G6W6HWY.png 1200w,https:\/\/www.infobae.com\/new-resizer\/yfta6oBHxOJVJ7ruB_mb6eS1XmM=\/1440x1440\/filters:format(webp):quality(85)\/cloudfront-us-east-1.images.arcpublishing.com\/infobae\/PFDY3AQTYRE27DE2HK7G6W6HWY.png 1440w\">Mapa electoral de la Argentina<\/p>\n\n\n\n<p>La maquinaria electoral en la Argentina contin\u00faa su curso. Desde el inicio del calendario,&nbsp;<strong>ya hubo comicios en 16 provincias y en 13 ya se eligi\u00f3 para gobernador<\/strong>, en sinton\u00eda con la estrategia pol\u00edtica de los mandatarios locales para desacoplar su suerte del gobierno nacional, afectado por la crisis pol\u00edtica y econ\u00f3mica.<\/p>\n\n\n\n<p>As\u00ed, en este escenario, algunas certezas de las elecciones provinciales. Con excepci\u00f3n de San Juan, San Luis y Neuqu\u00e9n, donde el frente Neuquinizate que encabez\u00f3&nbsp;<strong>Rolando Figueroa<\/strong>&nbsp;ciment\u00f3 una candidatura apoyada por Macri, sectores peronistas y radicales, que traccionaron votos a trav\u00e9s de listas colectoras, y se impuso ante el tradicional Movimiento Popular Neuquino, el voto local apoy\u00f3 los&nbsp;<strong>oficialismos&nbsp;<\/strong>y la&nbsp;<strong>continuidad<\/strong>, como los casos de&nbsp;<strong>Gildo Insfran<\/strong>&nbsp;(Formosa),&nbsp;<strong>Mart\u00edn Llaryora<\/strong>&nbsp;(C\u00f3rdoba),&nbsp;<strong>Osvaldo Jaldo<\/strong>&nbsp;(Tucum\u00e1n),&nbsp;<strong>Ricardo Quintela<\/strong>&nbsp;(La Rioja),&nbsp;<strong>Gustavo S\u00e1enz&nbsp;<\/strong>(Salta),&nbsp;<strong>Sergio Ziliotto<\/strong>&nbsp;(La Pampa),&nbsp;<strong>Alberto Weretilneck<\/strong>&nbsp;(R\u00edo Negro),&nbsp;<strong>Hugo Passalacqua<\/strong>&nbsp;(Misiones),&nbsp;<strong>Carlos Sadir<\/strong>&nbsp;(Jujuy) y&nbsp;<strong>Gustavo Melella<\/strong>&nbsp;(Tierra del Fuego).<\/p>\n\n\n\n<p><img loading=\"lazy\" decoding=\"async\" alt=\"Horacio Rodr\u00edguez Larreta y Marcelo Orrego, en los festejos por el triunfo de Juntos por el Cambio en San Juan\" height=\"1279\" width=\"1920\" class=\"\" src=\"https:\/\/www.infobae.com\/new-resizer\/tgqZC2ou93jUIGaZQUvtKTib5Q0=\/1920x1279\/filters:format(webp):quality(85)\/cloudfront-us-east-1.images.arcpublishing.com\/infobae\/5O4QK7TOFVDRVOAQOZ6VXIUASQ.jpg\" srcset=\"https:\/\/www.infobae.com\/new-resizer\/DILsbL3RlrgrnzmKoQV-G33dR-A=\/420x280\/filters:format(webp):quality(85)\/cloudfront-us-east-1.images.arcpublishing.com\/infobae\/5O4QK7TOFVDRVOAQOZ6VXIUASQ.jpg 420w,https:\/\/www.infobae.com\/new-resizer\/MA3PlAnhSARBtyeD9PVe3ClxmHA=\/768x512\/filters:format(webp):quality(85)\/cloudfront-us-east-1.images.arcpublishing.com\/infobae\/5O4QK7TOFVDRVOAQOZ6VXIUASQ.jpg 768w,https:\/\/www.infobae.com\/new-resizer\/bQQI3NXelzsQS4kEWcfey7RTmvo=\/992x661\/filters:format(webp):quality(85)\/cloudfront-us-east-1.images.arcpublishing.com\/infobae\/5O4QK7TOFVDRVOAQOZ6VXIUASQ.jpg 992w,https:\/\/www.infobae.com\/new-resizer\/waP2f4DA88xmOI2WkVLtBPigRTM=\/1200x800\/filters:format(webp):quality(85)\/cloudfront-us-east-1.images.arcpublishing.com\/infobae\/5O4QK7TOFVDRVOAQOZ6VXIUASQ.jpg 1200w,https:\/\/www.infobae.com\/new-resizer\/SWeTWw0ophnYRBMtv4Fq0oFhdzc=\/1440x960\/filters:format(webp):quality(85)\/cloudfront-us-east-1.images.arcpublishing.com\/infobae\/5O4QK7TOFVDRVOAQOZ6VXIUASQ.jpg 1440w\">Horacio Rodr\u00edguez Larreta y Marcelo Orrego, en los festejos por el triunfo de Juntos por el Cambio en San Juan<\/p>\n\n\n\n<p>Cada elecci\u00f3n provincial tiene su propia particularidad, m\u00e1s all\u00e1 de los intentos de los dirigentes nacionales, sin distinci\u00f3n de colores pol\u00edticos, para intentar capitalizar un triunfo en las urnas. Por caso,&nbsp;<strong>Horacio Rodr\u00edguez Larreta<\/strong>&nbsp;viaj\u00f3 anoche a San Juan para celebrar el triunfo de&nbsp;<strong>Marcelo Orrego<\/strong>, el abogado que termin\u00f3 con 20 a\u00f1os de hegemon\u00eda peronista. Y&nbsp;<strong>Patricia Bullrich<\/strong>&nbsp;hizo lo mismo con Mendoza, donde Juntos por el Cambio tuvo un buen desempe\u00f1o en las PASO. De hecho, sum\u00f3 a<strong>&nbsp;Luis Petri,<\/strong>&nbsp;un candidato de esa provincia, como compa\u00f1ero de f\u00f3rmula.<\/p>\n\n\n\n<h2 class=\"wp-block-heading\">Triunfos opositores<\/h2>\n\n\n\n<p>La victoria de Orrego en San Juan volvi\u00f3 a encender las luces de alerta en el oficialismo nacional, que busca su ordenamiento detr\u00e1s de la candidatura de unidad de&nbsp;<strong>Sergio Massa<\/strong>&nbsp;y&nbsp;<strong>Agust\u00edn Rossi<\/strong>. Fue un triunfo contundente, por m\u00e1s de 20 puntos, en una provincia peronista que tuvo como particularidad el voto fragmentado: ayer \u00fanicamente se vot\u00f3 para gobernador, en el resto de las categor\u00edas se eligieron en mayo, tras el freno de la Corte Suprema a una nueva reelecci\u00f3n de&nbsp;<strong>Sergio U\u00f1ac<\/strong>.<\/p>\n\n\n\n<p>\u201cEl de Marcelo Orrego es el triunfo del trabajo. Pero sobre todo es el triunfo del cambio, despu\u00e9s de 20 a\u00f1os de peronismo. Como ocurri\u00f3 en San Luis, ac\u00e1 tambi\u00e9n. Los sanjuaninos quieren un cambio y ya lo ven\u00edamos viendo. Trabajamos juntos hace varios a\u00f1os. Recorr\u00ed con Marcelo varias veces la provincia y lo not\u00e1bamos. El tercer factor es que se trat\u00f3 de un triunfo del concepto de sumar, de ampliarnos\u201d, sostuvo Larreta a&nbsp;<strong>Infobae.<\/strong><\/p>\n\n\n\n<p>En San Luis tambi\u00e9n perdi\u00f3 el peronismo en un territorio que dominaba desde 1983 tras el retorno de la democracia a la Argentina con<strong>&nbsp;Claudio Poggi&nbsp;<\/strong>a la cabeza de una alianza multisectorial con predominio de los partidos afines a Juntos por el Cambio, especialmente el PRO y la UCR. Esta elecci\u00f3n tambi\u00e9n tuvo otra particularidad: el enfrentamiento pol\u00edtico entre los hermanos&nbsp;<strong>Adolfo y Alberto Rodr\u00edguez Sa\u00e1<\/strong>.<\/p>\n\n\n\n<h2 class=\"wp-block-heading\">Lo que ya se vot\u00f3: continuidad<\/h2>\n\n\n\n<p><img loading=\"lazy\" decoding=\"async\" alt=\"Mart\u00edn Llaryora, en las celebraciones de su triunfo en C\u00f3rdoba, otra elecci\u00f3n que represent\u00f3 la continuidad de la gesti\u00f3n encabezada por Juan Schiaretti\" height=\"852\" width=\"1280\" class=\"\" src=\"https:\/\/www.infobae.com\/new-resizer\/nni9dGuzgBlBrba8fsHmdA_8K54=\/1280x852\/filters:format(webp):quality(85)\/cloudfront-us-east-1.images.arcpublishing.com\/infobae\/VFBGKCSPHNCYPEYG7QH72AWWUA.jpeg\" srcset=\"https:\/\/www.infobae.com\/new-resizer\/ODGY1M6vGNVpbxHlUwjp9KasgdU=\/420x280\/filters:format(webp):quality(85)\/cloudfront-us-east-1.images.arcpublishing.com\/infobae\/VFBGKCSPHNCYPEYG7QH72AWWUA.jpeg 420w,https:\/\/www.infobae.com\/new-resizer\/O1mQ6_ZArI6pRqI_lDD3Pj0a04M=\/768x512\/filters:format(webp):quality(85)\/cloudfront-us-east-1.images.arcpublishing.com\/infobae\/VFBGKCSPHNCYPEYG7QH72AWWUA.jpeg 768w,https:\/\/www.infobae.com\/new-resizer\/bR5Bb4YgqnxRIrZbjUQD3CVzvXU=\/992x661\/filters:format(webp):quality(85)\/cloudfront-us-east-1.images.arcpublishing.com\/infobae\/VFBGKCSPHNCYPEYG7QH72AWWUA.jpeg 992w,https:\/\/www.infobae.com\/new-resizer\/M_MiARTjLQqglUJBQ2jO6hWlDP4=\/1200x800\/filters:format(webp):quality(85)\/cloudfront-us-east-1.images.arcpublishing.com\/infobae\/VFBGKCSPHNCYPEYG7QH72AWWUA.jpeg 1200w,https:\/\/www.infobae.com\/new-resizer\/ObFXCdSfpijtAIM8O744aXFL5jI=\/1440x960\/filters:format(webp):quality(85)\/cloudfront-us-east-1.images.arcpublishing.com\/infobae\/VFBGKCSPHNCYPEYG7QH72AWWUA.jpeg 1440w\">Mart\u00edn Llaryora, en las celebraciones de su triunfo en C\u00f3rdoba, otra elecci\u00f3n que represent\u00f3 la continuidad de la gesti\u00f3n encabezada por Juan Schiaretti<\/p>\n\n\n\n<p>Un distrito codiciado fue&nbsp;<strong>C\u00f3rdoba<\/strong>. Mientras avanza el escrutinio definitivo,&nbsp;<strong>Luis Juez<\/strong>, candidato de Juntos por el Cambio, reconoci\u00f3 a finales de la semana pasada \u201cno tener esperanzas\u201d de revertir el resultado de los comicios en los que se impuso&nbsp;<strong>Mart\u00edn Llaryora<\/strong>, un dirigente cercano al gobernador&nbsp;<strong>Juan Schiaretti&nbsp;<\/strong>y a su armado peronista no kirchnerista. Fue una victoria ajustada, por s\u00f3lo tres puntos, tras una jornada de elecciones con cr\u00edticas por la demora en el recuento de votos.<\/p>\n\n\n\n<p><strong>Melella<\/strong>&nbsp;(FORJA), en tanto, logr\u00f3 su reelecci\u00f3n por amplio margen, el 53% de los votos, y evit\u00f3 una segunda vuelta en la provincia patag\u00f3nica de Tierra del Fuego. Lo hizo con apoyo de sectores de la UCR, del kirchnerismo, del peronismo y el l Movimiento Popular Fueguino (MOPOF). Dato particular, y que tiene que encender todas las alertas:&nbsp;<strong>en segundo lugar qued\u00f3 el voto en blanco<\/strong>, con el 21,59% de los votos. Juntos por el Cambio qued\u00f3 en cuarto lugar.<\/p>\n\n\n\n<p><img loading=\"lazy\" decoding=\"async\" alt=\"Gustavo Melella. El gobernador de Tierra del Fuego logr\u00f3 su reelecci\u00f3n el pasado fin de semana\" height=\"1284\" width=\"1920\" class=\"\" src=\"https:\/\/www.infobae.com\/new-resizer\/pLeGXMbGB7-Ppm9T0LbXr6bBTYA=\/1920x1284\/filters:format(webp):quality(85)\/cloudfront-us-east-1.images.arcpublishing.com\/infobae\/WKZ6NAPUZVEAXDD6I5ZO52BCXE.jpeg\" srcset=\"https:\/\/www.infobae.com\/new-resizer\/r9QUDfA_CTzEP6sgsNcU6GRtb3A=\/420x280\/filters:format(webp):quality(85)\/cloudfront-us-east-1.images.arcpublishing.com\/infobae\/WKZ6NAPUZVEAXDD6I5ZO52BCXE.jpeg 420w,https:\/\/www.infobae.com\/new-resizer\/IhqAFegmb_eBNK4kUdP7xYVxqqs=\/768x512\/filters:format(webp):quality(85)\/cloudfront-us-east-1.images.arcpublishing.com\/infobae\/WKZ6NAPUZVEAXDD6I5ZO52BCXE.jpeg 768w,https:\/\/www.infobae.com\/new-resizer\/BG-3GldBHa-DztIWmE-kbH4BXp0=\/992x661\/filters:format(webp):quality(85)\/cloudfront-us-east-1.images.arcpublishing.com\/infobae\/WKZ6NAPUZVEAXDD6I5ZO52BCXE.jpeg 992w,https:\/\/www.infobae.com\/new-resizer\/qV1jjqWazwRPL26BOzkVK0EMauA=\/1200x800\/filters:format(webp):quality(85)\/cloudfront-us-east-1.images.arcpublishing.com\/infobae\/WKZ6NAPUZVEAXDD6I5ZO52BCXE.jpeg 1200w,https:\/\/www.infobae.com\/new-resizer\/OIjUal-IxPHWtQoBYdqpF-mRWj4=\/1440x960\/filters:format(webp):quality(85)\/cloudfront-us-east-1.images.arcpublishing.com\/infobae\/WKZ6NAPUZVEAXDD6I5ZO52BCXE.jpeg 1440w\">Gustavo Melella. El gobernador de Tierra del Fuego logr\u00f3 su reelecci\u00f3n el pasado fin de semana<\/p>\n\n\n\n<p><strong>Quintela (Frente de Todos)<\/strong>, por su lado, tambi\u00e9n se impuso con holgura en La Rioja y fue reelecto con el 50,63% de los votos, casi 20 puntos m\u00e1s que Felipe \u00c1lvarez, candidato de Juntos por el Cambio. Alberto Fern\u00e1ndez viaj\u00f3 a las pocas horas para celebrar el triunfo.<\/p>\n\n\n\n<p>\u201cQue podamos reafirmar la democracia, como se reafirm\u00f3, es importante; se escuchan voces que dicen que la democracia no es el modo, el camino. Es un tiempo donde se vuelve a hablar que los derechos pueden pasar a un segundo plano, que se pueden donar los \u00f3rganos para hacerse de recursos o que la calles de la ciudad pueden ser privatizadas\u201d, afirm\u00f3 el Presidente en una conferencia junto al mandatario provincial.<\/p>\n\n\n\n<p>Otro gobernador que recibi\u00f3 un fuerte respaldo fue el salte\u00f1o&nbsp;<strong>S\u00e1enz (Identidad Salte\u00f1a)<\/strong>, que super\u00f3 el 47% de los votos y lo saludaron tanto&nbsp;<strong>Sergio Massa<\/strong>&nbsp;y como&nbsp;<strong>Horacio Rodr\u00edguez Larreta.<\/strong>&nbsp;En la provincia norte\u00f1a Juntos por el Cambio tuvo una performance deslucida, en segundo lugar, con 17,26% de los votos. Cercano al ministro de Econom\u00eda, S\u00e1enz construy\u00f3 su poder pol\u00edtico por encima de la grieta que separa al gobierno nacional con JxC, la principal coalici\u00f3n opositora. Es m\u00e1s, el Frente de Todos present\u00f3 su propio candidato, el diputado nacional&nbsp;<strong>Emiliano Estrada<\/strong>, relegado al tercer lugar con 16%.<\/p>\n\n\n\n<p><img loading=\"lazy\" decoding=\"async\" alt=\"Gustavo S\u00e1enz, Salta. Otro gobernador que logr\u00f3 su reelecci\u00f3n\" height=\"911\" width=\"1619\" class=\"\" src=\"https:\/\/www.infobae.com\/new-resizer\/IN3imYypfgZJv6AXzN0oYvRUc_c=\/1619x911\/filters:format(webp):quality(85)\/cloudfront-us-east-1.images.arcpublishing.com\/infobae\/OL5FNRKFLJFDHNS36NFU6JG7LA.JPG\" srcset=\"https:\/\/www.infobae.com\/new-resizer\/0SvqNPrROSbVg4rr-iKSFzidldc=\/420x236\/filters:format(webp):quality(85)\/cloudfront-us-east-1.images.arcpublishing.com\/infobae\/OL5FNRKFLJFDHNS36NFU6JG7LA.JPG 420w,https:\/\/www.infobae.com\/new-resizer\/S8PhkERnzLhmXoKWcGBGNiirptc=\/768x432\/filters:format(webp):quality(85)\/cloudfront-us-east-1.images.arcpublishing.com\/infobae\/OL5FNRKFLJFDHNS36NFU6JG7LA.JPG 768w,https:\/\/www.infobae.com\/new-resizer\/wHpfQiwLhtW2nQboUoKMzxQ8cVs=\/992x558\/filters:format(webp):quality(85)\/cloudfront-us-east-1.images.arcpublishing.com\/infobae\/OL5FNRKFLJFDHNS36NFU6JG7LA.JPG 992w,https:\/\/www.infobae.com\/new-resizer\/Uf2F-V_FjtNSpZY9Fd1QTNWCXYI=\/1200x675\/filters:format(webp):quality(85)\/cloudfront-us-east-1.images.arcpublishing.com\/infobae\/OL5FNRKFLJFDHNS36NFU6JG7LA.JPG 1200w,https:\/\/www.infobae.com\/new-resizer\/TtDzxSq2P45f3mt31F2ZDRozJzQ=\/1440x810\/filters:format(webp):quality(85)\/cloudfront-us-east-1.images.arcpublishing.com\/infobae\/OL5FNRKFLJFDHNS36NFU6JG7LA.JPG 1440w\">Gustavo S\u00e1enz, Salta. Otro gobernador que logr\u00f3 su reelecci\u00f3n<\/p>\n\n\n\n<p>En La Pampa,&nbsp;<strong>Ziliotto (PJ)&nbsp;<\/strong>mantuvo la tradici\u00f3n peronista, partido que gobierna la provincia desde 1983, y logr\u00f3 su reelecci\u00f3n con m\u00e1s del 45% de los votos. En este caso, la diferencia con Juntos por el Cambio fue menor: el candidato&nbsp;<strong>Mart\u00edn Berhongaray<\/strong>&nbsp;obtuvo 42% de los votos, lo que represent\u00f3 un avance de la coalici\u00f3n opositora en relaci\u00f3n a las elecciones de 2019, cuando el radical&nbsp;<strong>Daniel Kroneberger<\/strong>&nbsp;se qued\u00f3 con el 31,80% de los votos, frente al 52,68% de Zillioto.<\/p>\n\n\n\n<p>En tanto, en R\u00edo Negro,&nbsp;<strong>Weretilneck<\/strong>&nbsp;garantiz\u00f3 la continuidad de Juntos somos R\u00edo Negro. Regresar\u00e1 a la gobernaci\u00f3n provincial tras imponerse por 22 puntos porcentuales al candidato de Cambia R\u00edo Negro,&nbsp;<strong>An\u00edbal Tortoriello<\/strong>, la fuerza opositora que tambi\u00e9n -al igual que en La Pampa, registr\u00f3 una fuerte suba en el caudal de votos en los \u00faltimos cuatro a\u00f1os. En 2019, la radical Lorena Matzen obten\u00eda s\u00f3lo el 5,57%.<\/p>\n\n\n\n<p>La elecci\u00f3n de&nbsp;<strong>Hugo Passalacqua<\/strong>, del Frente Renovador de la Concordia misionero, fue contundente: 65% de los votos para consolidar la continuidad de la fuerza pol\u00edtica. En segundo lugar, otra vez, qued\u00f3 Juntos por el Cambio, con el 26,57% de los votos, en un desempe\u00f1o superior al 17,59% recolectado por el ex presidente del PRO nacional,&nbsp;<strong>Humberto Schiavonni<\/strong>.<\/p>\n\n\n\n<p>El caso de&nbsp;<strong>Carlos Sadir<\/strong>, en Jujuy, es otro ejemplo de una elecci\u00f3n a favor de la continuidad del proyecto encabezado por el radical Gerardo Morales en 2015. El candidato del&nbsp;<strong>Frente Cambia Jujuy<\/strong>&nbsp;se impuso con el&nbsp;<strong>49.52%&nbsp;<\/strong>de los votos, seg\u00fan los datos del escrutinio provisorio. Ampli\u00f3 el 43,76% que logr\u00f3 Morales cuando obtuvo su reelecci\u00f3n. En segundo lugar, qued\u00f3&nbsp;<strong>Rub\u00e9n Rivarola<\/strong>, del<strong>&nbsp;Frente de Todos<\/strong>, con el&nbsp;<strong>22.32%&nbsp;<\/strong>y el dirigente del FIT&nbsp;<strong>Alejandro Vilca<\/strong>&nbsp;qued\u00f3 en un tercer lugar.<\/p>\n\n\n\n<p>En formosa, Gildo Insfr\u00e1n ratific\u00f3 su poder electoral y logr\u00f3 su octava reelecci\u00f3n con casi el 70% de los votos. El caudillo peronista seguir\u00e1 siendo el gobernador hasta 2027 y totalizar\u00e1, en ese entonces,&nbsp;<strong>32 a\u00f1os en el poder. Todo un&nbsp;<\/strong>r\u00e9cord.<\/p>\n\n\n\n<h2 class=\"wp-block-heading\">El factor Milei<\/h2>\n\n\n\n<p>La realidad provincial de la potencia electoral de Milei marca una diferencia con sus proyecciones a nivel nacional.<\/p>\n\n\n\n<p>Uno de los datos que llam\u00f3 la atenci\u00f3n en&nbsp;<strong>Tierra del Fuego<\/strong>&nbsp;fue la performance de la candidata de&nbsp;<strong>Republicanos Unidos<\/strong>, la evang\u00e9lica&nbsp;<strong>Laura Andrea Almir\u00f3n<\/strong>, que tuvo el apoyo de Milei. Qued\u00f3 en la<strong>&nbsp;tercera ubicaci\u00f3n<\/strong>, con poco m\u00e1s del 7%. Almir\u00f3n es una pastora evangelista, conocida entre los fueguinos por sus posiciones contra el aborto legal pero que no ten\u00eda contaba con antecedentes en la pol\u00edtica.<\/p>\n\n\n\n<p>En Tucum\u00e1n,&nbsp;<strong>Ricardo Bussi&nbsp;<\/strong>s\u00f3lo obtuvo el 3,9% de los votos, muy lejos de la expectativa que ten\u00eda Milei, que hizo una campa\u00f1a activa, con visitas regulares y recorridas proselitistas. \u201cEn 2015 Macri perdi\u00f3 11 elecciones previas en las provincias y fue Presidente\u201d, esgrimi\u00f3 el economista liberar para responder a las cr\u00edticas.<\/p>\n\n\n\n<p>En La Pampa, el partido libertario no present\u00f3 candidato a gobernador, pero tuvo aspirantes a diputados provinciales y concejales en algunas ciudades.<\/p>\n\n\n\n<p>Mientras que en Salta, la fuerza<strong>&nbsp;La Libertad Avanza<\/strong>&nbsp;tampoco present\u00f3 candidatos a gobernador. Milei estuvo cerca de cerrar filas con Marcos Urtubey, hijo de Juan Manuel, pero las negociaciones no prosperaron.<\/p>\n\n\n\n<p>En La Rioja,&nbsp;<strong>Mart\u00edn Menem<\/strong>, la apuesta de la Libertad Avanza termin\u00f3 tercero, con el 15,5% de los votos, lejos de posicionarse como la segunda fuerza provincial, como se especul\u00f3 en su momento.<\/p>\n\n\n\n<p>En R\u00edo Negro, el candidato libertario&nbsp;<strong>Ariel Rivero&nbsp;<\/strong>qued\u00f3 en cuarto lugar, con el 9,18% de los votos, debajo de Weretilneck, Tortoriello y Silvia Horne (Alianza Vamos Con Todos).<\/p>\n\n\n\n<p>Pese a que pidi\u00f3 que no la voten, la candidata a gobernadora libertaria por Misiones,&nbsp;<strong>Ninfa Alvarenga<\/strong>, cosech\u00f3 s\u00f3lo 700 votos y se ubic\u00f3 en el \u00faltimo lugar, con el 0,4%.<\/p>\n\n\n\n<p>En Neuqu\u00e9n,&nbsp;<strong>Carlos Egu\u00eda<\/strong>&nbsp;encabez\u00f3 la boleta de Cumplir, la cual el 16 de abril pasado alcanz\u00f3 el8,25% de los sufragios, en medio de la interna del Movimiento Popular Neuquino (MPN), que deriv\u00f3 en la ruptura de ese hist\u00f3rico partido y la victoria de Rolando Figueroa.<\/p>\n\n\n\n<p>En Jujuy, Valores, Ideas y Acciones (VIA)+Libertarios llev\u00f3 como candidata a gobernadora a&nbsp;<strong>Cecilia Garc\u00eda<\/strong>, esposa de Luciano Demarco, quien no fue respaldada por La Libertad Avanza y acumul\u00f3 el 3,33% de los sufragios.<\/p>\n\n\n\n<p>Para las \u00faltimas elecciones, el economista se encarg\u00f3 de enfatizar que no apoyaba a ning\u00fan candidato, mientras las \u00faltimas encuestas nacionales dan cuenta de -al menos- un estancamiento en su proyecci\u00f3n electoral y el fortalecimiento de la bipolaridad entre Uni\u00f3n por la Patria y Juntos por el Cambio.<\/p>\n\n\n\n<p><img loading=\"lazy\" decoding=\"async\" alt=\"Impacto porcentual de cada provincia en el padr\u00f3n nacional\" height=\"1666\" width=\"1920\" class=\"\" src=\"https:\/\/www.infobae.com\/new-resizer\/ERfrlxxzc9-NCZQkRNPoY9OEgbs=\/1920x1666\/filters:format(webp):quality(85)\/cloudfront-us-east-1.images.arcpublishing.com\/infobae\/BQKL2X6GKJAOTJ2APZQADMKMJI.jpg\" srcset=\"https:\/\/www.infobae.com\/new-resizer\/J8pXOVXWwcJ3XK5xmKKqa8VUhXg=\/992x850\/filters:format(webp):quality(85)\/cloudfront-us-east-1.images.arcpublishing.com\/infobae\/BQKL2X6GKJAOTJ2APZQADMKMJI.jpg 992w\">Impacto porcentual de cada provincia en el padr\u00f3n nacional<\/p>\n\n\n\n<h2 class=\"wp-block-heading\">29.36% del padr\u00f3n nacional<\/h2>\n\n\n\n<p>Hasta el momento, las elecciones provinciales que ya eligieron gobernador representan el 29.36<strong>% del padr\u00f3n nacional<\/strong>. Predominan los triunfos de los oficialismos, pero San Luis y San Juan representaron sorpresivas victorias de la oposici\u00f3n y en las provincias en las que el Frente de Todos gan\u00f3 en 2019 -La Pampa, por ejemplo- la oposici\u00f3n escal\u00f3 varias posiciones. El pr\u00f3ximo test de peso ser\u00e1 Santa Fe, el pr\u00f3ximo 16 de julio y, sobre todo, Buenos Aires, la madre de todas las batallas, una frase tan trillada como real, en la que el peronismo y Cristina Kirchner depositan todas sus esperanzas.<\/p>\n","protected":false},"excerpt":{"rendered":"<p>La tendencia es la victoria de los oficialismos, a excepci\u00f3n de Neuqu\u00e9n, San Luis y San Juan. Santa Fe se presenta como el pr\u00f3ximo desaf\u00edo electoral. C\u00f3mo queda repartido el poder en la Argentina hasta el momento. Mapa electoral de la Argentina La maquinaria electoral en la Argentina contin\u00faa su curso. Desde el inicio del<a class=\"read-more\" href=\"https:\/\/elfederalmendoza.com.ar\/index.php\/2023\/07\/04\/el-pj-a-punto-de-perder-el-senado-que-controla-desde-1983-asi-quedo-el-mapa-electoral-tras-el-triunfo-de-juntos-por-el-cambio-en-san-juan\/\"> [&hellip;]<\/a><\/p>\n","protected":false},"author":2,"featured_media":24787,"comment_status":"open","ping_status":"open","sticky":false,"template":"","format":"standard","meta":{"footnotes":""},"categories":[5618],"tags":[],"class_list":["post-24784","post","type-post","status-publish","format-standard","has-post-thumbnail","hentry","category-arg"],"rttpg_featured_image_url":{"full":["https:\/\/elfederalmendoza.com.ar\/wp-content\/uploads\/2023\/07\/orrego1.jpg",980,619,false],"landscape":["https:\/\/elfederalmendoza.com.ar\/wp-content\/uploads\/2023\/07\/orrego1.jpg",980,619,false],"portraits":["https:\/\/elfederalmendoza.com.ar\/wp-content\/uploads\/2023\/07\/orrego1.jpg",980,619,false],"thumbnail":["https:\/\/elfederalmendoza.com.ar\/wp-content\/uploads\/2023\/07\/orrego1-150x150.jpg",150,150,true],"medium":["https:\/\/elfederalmendoza.com.ar\/wp-content\/uploads\/2023\/07\/orrego1-300x189.jpg",300,189,true],"large":["https:\/\/elfederalmendoza.com.ar\/wp-content\/uploads\/2023\/07\/orrego1.jpg",640,404,false],"1536x1536":["https:\/\/elfederalmendoza.com.ar\/wp-content\/uploads\/2023\/07\/orrego1.jpg",980,619,false],"2048x2048":["https:\/\/elfederalmendoza.com.ar\/wp-content\/uploads\/2023\/07\/orrego1.jpg",980,619,false],"ultp_layout_landscape_large":["https:\/\/elfederalmendoza.com.ar\/wp-content\/uploads\/2023\/07\/orrego1.jpg",980,619,false],"ultp_layout_landscape":["https:\/\/elfederalmendoza.com.ar\/wp-content\/uploads\/2023\/07\/orrego1-870x570.jpg",870,570,true],"ultp_layout_portrait":["https:\/\/elfederalmendoza.com.ar\/wp-content\/uploads\/2023\/07\/orrego1-600x619.jpg",600,619,true],"ultp_layout_square":["https:\/\/elfederalmendoza.com.ar\/wp-content\/uploads\/2023\/07\/orrego1-600x600.jpg",600,600,true],"rpwe-thumbnail":["https:\/\/elfederalmendoza.com.ar\/wp-content\/uploads\/2023\/07\/orrego1-45x45.jpg",45,45,true],"advps-thumb-one":["https:\/\/elfederalmendoza.com.ar\/wp-content\/uploads\/2023\/07\/orrego1-980x420.jpg",980,420,true]},"rttpg_author":{"display_name":"Redacci\u00f3n El Federal","author_link":"https:\/\/elfederalmendoza.com.ar\/index.php\/author\/angelflores\/"},"rttpg_comment":0,"rttpg_category":"<a href=\"https:\/\/elfederalmendoza.com.ar\/index.php\/category\/arg\/\" rel=\"category tag\">Argentina<\/a>","rttpg_excerpt":"La tendencia es la victoria de los oficialismos, a excepci\u00f3n de Neuqu\u00e9n, San Luis y San Juan. Santa Fe se presenta como el pr\u00f3ximo desaf\u00edo electoral. C\u00f3mo queda repartido el poder en la Argentina hasta el momento. Mapa electoral de la Argentina La maquinaria electoral en la Argentina contin\u00faa su curso. Desde el inicio del&hellip;","_links":{"self":[{"href":"https:\/\/elfederalmendoza.com.ar\/index.php\/wp-json\/wp\/v2\/posts\/24784","targetHints":{"allow":["GET"]}}],"collection":[{"href":"https:\/\/elfederalmendoza.com.ar\/index.php\/wp-json\/wp\/v2\/posts"}],"about":[{"href":"https:\/\/elfederalmendoza.com.ar\/index.php\/wp-json\/wp\/v2\/types\/post"}],"author":[{"embeddable":true,"href":"https:\/\/elfederalmendoza.com.ar\/index.php\/wp-json\/wp\/v2\/users\/2"}],"replies":[{"embeddable":true,"href":"https:\/\/elfederalmendoza.com.ar\/index.php\/wp-json\/wp\/v2\/comments?post=24784"}],"version-history":[{"count":1,"href":"https:\/\/elfederalmendoza.com.ar\/index.php\/wp-json\/wp\/v2\/posts\/24784\/revisions"}],"predecessor-version":[{"id":24788,"href":"https:\/\/elfederalmendoza.com.ar\/index.php\/wp-json\/wp\/v2\/posts\/24784\/revisions\/24788"}],"wp:featuredmedia":[{"embeddable":true,"href":"https:\/\/elfederalmendoza.com.ar\/index.php\/wp-json\/wp\/v2\/media\/24787"}],"wp:attachment":[{"href":"https:\/\/elfederalmendoza.com.ar\/index.php\/wp-json\/wp\/v2\/media?parent=24784"}],"wp:term":[{"taxonomy":"category","embeddable":true,"href":"https:\/\/elfederalmendoza.com.ar\/index.php\/wp-json\/wp\/v2\/categories?post=24784"},{"taxonomy":"post_tag","embeddable":true,"href":"https:\/\/elfederalmendoza.com.ar\/index.php\/wp-json\/wp\/v2\/tags?post=24784"}],"curies":[{"name":"wp","href":"https:\/\/api.w.org\/{rel}","templated":true}]}}