{"id":24791,"date":"2023-07-04T08:47:35","date_gmt":"2023-07-04T11:47:35","guid":{"rendered":"https:\/\/elfederalmendoza.com\/?p=24791"},"modified":"2023-07-04T08:47:35","modified_gmt":"2023-07-04T11:47:35","slug":"conmocion-de-san-martin-madre-e-hija-murieron-arrolladas-por-una-camioneta","status":"publish","type":"post","link":"https:\/\/elfederalmendoza.com.ar\/index.php\/2023\/07\/04\/conmocion-de-san-martin-madre-e-hija-murieron-arrolladas-por-una-camioneta\/","title":{"rendered":"Conmoci\u00f3n de San Mart\u00edn: Madre e hija murieron arrolladas por una camioneta"},"content":{"rendered":"\n<p>Una\u00a0<strong>mujer y su hija de nueve a\u00f1os\u00a0<\/strong>murieron este lunes por la tarde en el departamento de San Mart\u00edn al ser\u00a0<strong>arrolladas por una camioneta<\/strong>\u00a0en la calle lateral Norte de la Ruta Nacional 7, a la altura del barrio Nevado.<\/p>\n\n\n\n<p><strong>El hecho ocurri\u00f3 pasadas las 18 horas<\/strong> en la mencionada arteria. Seg\u00fan las primeras informaciones que llegaron desde el lugar, un conductor de una Jeep Gladiator embisti\u00f3 a una mujer y a su hija. Un llamado al 911 alert\u00f3 a las autoridades que llegaron en minutos a la zona.<\/p>\n\n\n\n<p>Cuando lleg\u00f3 la Polic\u00eda y una ambulancia del Servicio Coordinado de Emergencias encontraron a dos personas tiradas en el suelo, instantes despu\u00e9s llegaban familiares de las v\u00edctimas.<\/p>\n\n\n\n<p>Personal del SEC inform\u00f3 que las dos mujeres murieron en el lugar. Las v\u00edctimas fueron identificadas como\u00a0<strong>Zulma Virginia Milla<\/strong>\u00a0de 37 a\u00f1os, en tanto que su hija\u00a0<strong>Luz Elena Milla Leyes<\/strong>\u00a0(9).<\/p>\n\n\n\n<p>Seg\u00fan inform\u00f3&nbsp;<a href=\"https:\/\/radioregional.com.ar\/urgente-san-martin-una-madre-y-su-hija-murieron-embestidas-por-un-auto\/\" target=\"_blank\" rel=\"noreferrer noopener\">Radio Regional<\/a>, la ni\u00f1a asist\u00eda a la&nbsp;<strong>escuela \u00cdtalo Acerbis<\/strong>, ubicada sobre la misma calle donde fue el accidente. Su madre la hab\u00eda ido a buscar a la salida y fue en ese momento cuando las atropellaron. Ambas viv\u00edan en el barrio Municipal, lindero a la ruta nacional.<\/p>\n\n\n\n<p>Los efectivos policiales debieron trasladar al propietario del veh\u00edculo, un&nbsp;<strong>hombre de 72 a\u00f1os<\/strong>&nbsp;domiciliado en el departamento, para resguardarlo de posibles agresiones de los familiares.<\/p>\n\n\n\n<figure class=\"wp-block-image is-resized\"><img loading=\"lazy\" decoding=\"async\" src=\"https:\/\/www.mendozapost.com\/files\/image\/493\/493615\/64a348ba83316_570_326!.jpg?s=e7f5912485393c804c00d5112bb0f29b&amp;d=1688422589\" alt=\"\" width=\"833\" height=\"476\"\/><\/figure>\n","protected":false},"excerpt":{"rendered":"<p>Una\u00a0mujer y su hija de nueve a\u00f1os\u00a0murieron este lunes por la tarde en el departamento de San Mart\u00edn al ser\u00a0arrolladas por una camioneta\u00a0en la calle lateral Norte de la Ruta Nacional 7, a la altura del barrio Nevado. El hecho ocurri\u00f3 pasadas las 18 horas en la mencionada arteria. Seg\u00fan las primeras informaciones que llegaron<a class=\"read-more\" href=\"https:\/\/elfederalmendoza.com.ar\/index.php\/2023\/07\/04\/conmocion-de-san-martin-madre-e-hija-murieron-arrolladas-por-una-camioneta\/\"> [&hellip;]<\/a><\/p>\n","protected":false},"author":2,"featured_media":24793,"comment_status":"open","ping_status":"open","sticky":false,"template":"","format":"standard","meta":{"footnotes":""},"categories":[1],"tags":[],"class_list":["post-24791","post","type-post","status-publish","format-standard","has-post-thumbnail","hentry","category-mza"],"rttpg_featured_image_url":{"full":["https:\/\/elfederalmendoza.com.ar\/wp-content\/uploads\/2023\/07\/madre-e-hija1.jpg",1134,644,false],"landscape":["https:\/\/elfederalmendoza.com.ar\/wp-content\/uploads\/2023\/07\/madre-e-hija1.jpg",1134,644,false],"portraits":["https:\/\/elfederalmendoza.com.ar\/wp-content\/uploads\/2023\/07\/madre-e-hija1.jpg",1134,644,false],"thumbnail":["https:\/\/elfederalmendoza.com.ar\/wp-content\/uploads\/2023\/07\/madre-e-hija1-150x150.jpg",150,150,true],"medium":["https:\/\/elfederalmendoza.com.ar\/wp-content\/uploads\/2023\/07\/madre-e-hija1-300x170.jpg",300,170,true],"large":["https:\/\/elfederalmendoza.com.ar\/wp-content\/uploads\/2023\/07\/madre-e-hija1-1024x582.jpg",640,364,true],"1536x1536":["https:\/\/elfederalmendoza.com.ar\/wp-content\/uploads\/2023\/07\/madre-e-hija1.jpg",1134,644,false],"2048x2048":["https:\/\/elfederalmendoza.com.ar\/wp-content\/uploads\/2023\/07\/madre-e-hija1.jpg",1134,644,false],"ultp_layout_landscape_large":["https:\/\/elfederalmendoza.com.ar\/wp-content\/uploads\/2023\/07\/madre-e-hija1.jpg",1134,644,false],"ultp_layout_landscape":["https:\/\/elfederalmendoza.com.ar\/wp-content\/uploads\/2023\/07\/madre-e-hija1-870x570.jpg",870,570,true],"ultp_layout_portrait":["https:\/\/elfederalmendoza.com.ar\/wp-content\/uploads\/2023\/07\/madre-e-hija1-600x644.jpg",600,644,true],"ultp_layout_square":["https:\/\/elfederalmendoza.com.ar\/wp-content\/uploads\/2023\/07\/madre-e-hija1-600x600.jpg",600,600,true],"rpwe-thumbnail":["https:\/\/elfederalmendoza.com.ar\/wp-content\/uploads\/2023\/07\/madre-e-hija1-45x45.jpg",45,45,true],"advps-thumb-one":["https:\/\/elfederalmendoza.com.ar\/wp-content\/uploads\/2023\/07\/madre-e-hija1-1134x420.jpg",1134,420,true]},"rttpg_author":{"display_name":"Redacci\u00f3n El Federal","author_link":"https:\/\/elfederalmendoza.com.ar\/index.php\/author\/angelflores\/"},"rttpg_comment":0,"rttpg_category":"<a href=\"https:\/\/elfederalmendoza.com.ar\/index.php\/category\/mza\/\" rel=\"category tag\">Mendoza<\/a>","rttpg_excerpt":"Una\u00a0mujer y su hija de nueve a\u00f1os\u00a0murieron este lunes por la tarde en el departamento de San Mart\u00edn al ser\u00a0arrolladas por una camioneta\u00a0en la calle lateral Norte de la Ruta Nacional 7, a la altura del barrio Nevado. El hecho ocurri\u00f3 pasadas las 18 horas en la mencionada arteria. Seg\u00fan las primeras informaciones que llegaron&hellip;","_links":{"self":[{"href":"https:\/\/elfederalmendoza.com.ar\/index.php\/wp-json\/wp\/v2\/posts\/24791","targetHints":{"allow":["GET"]}}],"collection":[{"href":"https:\/\/elfederalmendoza.com.ar\/index.php\/wp-json\/wp\/v2\/posts"}],"about":[{"href":"https:\/\/elfederalmendoza.com.ar\/index.php\/wp-json\/wp\/v2\/types\/post"}],"author":[{"embeddable":true,"href":"https:\/\/elfederalmendoza.com.ar\/index.php\/wp-json\/wp\/v2\/users\/2"}],"replies":[{"embeddable":true,"href":"https:\/\/elfederalmendoza.com.ar\/index.php\/wp-json\/wp\/v2\/comments?post=24791"}],"version-history":[{"count":1,"href":"https:\/\/elfederalmendoza.com.ar\/index.php\/wp-json\/wp\/v2\/posts\/24791\/revisions"}],"predecessor-version":[{"id":24794,"href":"https:\/\/elfederalmendoza.com.ar\/index.php\/wp-json\/wp\/v2\/posts\/24791\/revisions\/24794"}],"wp:featuredmedia":[{"embeddable":true,"href":"https:\/\/elfederalmendoza.com.ar\/index.php\/wp-json\/wp\/v2\/media\/24793"}],"wp:attachment":[{"href":"https:\/\/elfederalmendoza.com.ar\/index.php\/wp-json\/wp\/v2\/media?parent=24791"}],"wp:term":[{"taxonomy":"category","embeddable":true,"href":"https:\/\/elfederalmendoza.com.ar\/index.php\/wp-json\/wp\/v2\/categories?post=24791"},{"taxonomy":"post_tag","embeddable":true,"href":"https:\/\/elfederalmendoza.com.ar\/index.php\/wp-json\/wp\/v2\/tags?post=24791"}],"curies":[{"name":"wp","href":"https:\/\/api.w.org\/{rel}","templated":true}]}}