{"id":24804,"date":"2023-07-04T09:24:54","date_gmt":"2023-07-04T12:24:54","guid":{"rendered":"https:\/\/elfederalmendoza.com\/?p=24804"},"modified":"2023-07-04T09:24:54","modified_gmt":"2023-07-04T12:24:54","slug":"desde-octubre-habra-vuelos-directos-de-aerolineas-argentinas-entre-mendoza-y-tucuman","status":"publish","type":"post","link":"https:\/\/elfederalmendoza.com.ar\/index.php\/2023\/07\/04\/desde-octubre-habra-vuelos-directos-de-aerolineas-argentinas-entre-mendoza-y-tucuman\/","title":{"rendered":"Desde octubre habr\u00e1 vuelos directos de Aerol\u00edneas Argentinas entre Mendoza y Tucum\u00e1n"},"content":{"rendered":"\n<p><strong>Aerol\u00edneas Argentinas<\/strong>\u00a0comenzar\u00e1 a operar vuelos regulares entre\u00a0<strong>Mendoza y Tucum\u00e1n<\/strong>\u00a0a partir del 2 de octubre pr\u00f3ximo, en la apertura de una nueva ruta que contar\u00e1 con dos frecuencias semanales.<\/p>\n\n\n\n<p>El nuevo vuelo federal tendr\u00e1\u00a0<strong>salida desde Mendoza a Tucum\u00e1n los lunes y jueves, mientras que la ruta de Tucum\u00e1n a Mendoza funcionar\u00e1 los mi\u00e9rcoles y s\u00e1bados.\u00a0<\/strong>No hay por ahora, estimaci\u00f3n de precios de los pasajes.<\/p>\n\n\n\n<p>El anuncio fue celebrado por el gobernador Rodolfo Suarez: \u00abMendoza suma una nueva ruta a\u00e9rea. A partir de octubre, se conectar\u00e1 en forma directa con Tucum\u00e1n con 2 frecuencias semanales. Adem\u00e1s, el Aeropuerto de Mendoza registr\u00f3 el mayor movimiento de pasajeros en vuelos internacionales del interior del pa\u00eds (40.919 personas)\u00bb.<\/p>\n\n\n\n<p><strong>Mendoza conectada con 4 pa\u00edses y 10 destinos nacionales<\/strong><\/p>\n\n\n\n<p>Otro aspecto que destac\u00f3 el mandatario fue que&nbsp;<strong>\u00abcon 210 vuelos semanales, la provincia se encuentra conectada en forma directa con 4 pa\u00edses y 10 destinos nacionales. Seguiremos trabajando para lograr m\u00e1s oportunidades para los mendocinos\u00bb.<\/strong><\/p>\n\n\n\n<p>De esta manera la l\u00ednea de bandera pasa a operar 39 rutas nacionales, 47 intertramos o rutas federales y 21 destinos internacionales.<\/p>\n\n\n\n<p>La empresa estatal apunta en 2023 a superar largamente los 13.000.000 de pasajeros transportados en un a\u00f1o calendario, constituyendo una nueva marca hist\u00f3rica.<\/p>\n\n\n\n<p>El anuncio se concreta tras haber avisado Aerol\u00edneas el viernes \u00faltimo, que&nbsp;<strong>reforzar\u00e1 un 17% su programaci\u00f3n de vuelos dom\u00e9sticos de cara a las vacaciones de invierno, e incrementar\u00e1 la conectividad con Brasil.&nbsp;<\/strong>Este destino es clave, ya que se trata del mercado m\u00e1s importante para la Argentina en la regi\u00f3n.<\/p>\n\n\n\n<p>Las vacaciones de invierno en Mendoza se iniciar\u00e1n el s\u00e1bado 8 de julio y se extender\u00e1n hasta el domingo 23 del mismo mes. En CABA y otros puntos del pa\u00eds se iniciar\u00e1n y finalizar\u00e1n una semana despu\u00e9s.<\/p>\n\n\n\n<p>El cronograma de Aerol\u00edneas incluir\u00e1 a 39 localidades nacionales y 46 intertramos<strong>&nbsp;(trayectos entre provincias sin pasar por Buenos Aires).&nbsp;<\/strong>Habr\u00e1 un 107% m\u00e1s de asientos y un 113% m\u00e1s en los destinos de nieve. Con Brasil, ser\u00e1n 65 vuelos semanales.<\/p>\n\n\n\n<p><strong>Brasil cuenta y contar\u00e1 con conexiones directas desde San Pablo a Salta, Mendoza, C\u00f3rdoba, El Calafate, Chapelco, Bariloche y Ushuaia, adem\u00e1s de Buenos Aires.<\/strong><\/p>\n\n\n\n<p>Entre 2019 y 2022 las rutas transversales de cabotaje, que no pasan por Buenos Aires y que registraron mayor crecimiento fueron: C\u00f3rdoba-Comodoro Rivadavia, con 68 %, pasando de 3.241 pasajeros a 5.457; C\u00f3rdoba-Iguaz\u00fa, tambi\u00e9n 68 %, de 5.249 a 8.804 pasajeros; C\u00f3rdoba-Tucum\u00e1n con 61%, pasando de 4.018 pasajeros a 6.462; C\u00f3rdoba-Salta, con 32% yendo de 21.251 pasajeros 27.998 y<strong>&nbsp;Mendoza-Salta, con 26%, pasando de 11.395 pasajeros a 14.362.<\/strong><\/p>\n\n\n\n<p>Entre los vuelos internacionales se resalta la ruta Mendoza-Panam\u00e1, la que creci\u00f3 el 25%, pasando de 4.963 a 6.212 pasajeros.<\/p>\n\n\n\n<p><em>Fuente: Diario Uno<\/em><\/p>\n","protected":false},"excerpt":{"rendered":"<p>Aerol\u00edneas Argentinas\u00a0comenzar\u00e1 a operar vuelos regulares entre\u00a0Mendoza y Tucum\u00e1n\u00a0a partir del 2 de octubre pr\u00f3ximo, en la apertura de una nueva ruta que contar\u00e1 con dos frecuencias semanales. El nuevo vuelo federal tendr\u00e1\u00a0salida desde Mendoza a Tucum\u00e1n los lunes y jueves, mientras que la ruta de Tucum\u00e1n a Mendoza funcionar\u00e1 los mi\u00e9rcoles y s\u00e1bados.\u00a0No hay<a class=\"read-more\" href=\"https:\/\/elfederalmendoza.com.ar\/index.php\/2023\/07\/04\/desde-octubre-habra-vuelos-directos-de-aerolineas-argentinas-entre-mendoza-y-tucuman\/\"> [&hellip;]<\/a><\/p>\n","protected":false},"author":2,"featured_media":24807,"comment_status":"open","ping_status":"open","sticky":false,"template":"","format":"standard","meta":{"footnotes":""},"categories":[1],"tags":[],"class_list":["post-24804","post","type-post","status-publish","format-standard","has-post-thumbnail","hentry","category-mza"],"rttpg_featured_image_url":{"full":["https:\/\/elfederalmendoza.com.ar\/wp-content\/uploads\/2023\/07\/Aeropuerto-Internacional-de-Mendoza-El-Plumerillo.jpg",1024,768,false],"landscape":["https:\/\/elfederalmendoza.com.ar\/wp-content\/uploads\/2023\/07\/Aeropuerto-Internacional-de-Mendoza-El-Plumerillo.jpg",1024,768,false],"portraits":["https:\/\/elfederalmendoza.com.ar\/wp-content\/uploads\/2023\/07\/Aeropuerto-Internacional-de-Mendoza-El-Plumerillo.jpg",1024,768,false],"thumbnail":["https:\/\/elfederalmendoza.com.ar\/wp-content\/uploads\/2023\/07\/Aeropuerto-Internacional-de-Mendoza-El-Plumerillo-150x150.jpg",150,150,true],"medium":["https:\/\/elfederalmendoza.com.ar\/wp-content\/uploads\/2023\/07\/Aeropuerto-Internacional-de-Mendoza-El-Plumerillo-300x225.jpg",300,225,true],"large":["https:\/\/elfederalmendoza.com.ar\/wp-content\/uploads\/2023\/07\/Aeropuerto-Internacional-de-Mendoza-El-Plumerillo.jpg",640,480,false],"1536x1536":["https:\/\/elfederalmendoza.com.ar\/wp-content\/uploads\/2023\/07\/Aeropuerto-Internacional-de-Mendoza-El-Plumerillo.jpg",1024,768,false],"2048x2048":["https:\/\/elfederalmendoza.com.ar\/wp-content\/uploads\/2023\/07\/Aeropuerto-Internacional-de-Mendoza-El-Plumerillo.jpg",1024,768,false],"ultp_layout_landscape_large":["https:\/\/elfederalmendoza.com.ar\/wp-content\/uploads\/2023\/07\/Aeropuerto-Internacional-de-Mendoza-El-Plumerillo.jpg",1024,768,false],"ultp_layout_landscape":["https:\/\/elfederalmendoza.com.ar\/wp-content\/uploads\/2023\/07\/Aeropuerto-Internacional-de-Mendoza-El-Plumerillo-870x570.jpg",870,570,true],"ultp_layout_portrait":["https:\/\/elfederalmendoza.com.ar\/wp-content\/uploads\/2023\/07\/Aeropuerto-Internacional-de-Mendoza-El-Plumerillo-600x768.jpg",600,768,true],"ultp_layout_square":["https:\/\/elfederalmendoza.com.ar\/wp-content\/uploads\/2023\/07\/Aeropuerto-Internacional-de-Mendoza-El-Plumerillo-600x600.jpg",600,600,true],"rpwe-thumbnail":["https:\/\/elfederalmendoza.com.ar\/wp-content\/uploads\/2023\/07\/Aeropuerto-Internacional-de-Mendoza-El-Plumerillo-45x45.jpg",45,45,true],"advps-thumb-one":["https:\/\/elfederalmendoza.com.ar\/wp-content\/uploads\/2023\/07\/Aeropuerto-Internacional-de-Mendoza-El-Plumerillo-1024x420.jpg",1024,420,true]},"rttpg_author":{"display_name":"Redacci\u00f3n El Federal","author_link":"https:\/\/elfederalmendoza.com.ar\/index.php\/author\/angelflores\/"},"rttpg_comment":0,"rttpg_category":"<a href=\"https:\/\/elfederalmendoza.com.ar\/index.php\/category\/mza\/\" rel=\"category tag\">Mendoza<\/a>","rttpg_excerpt":"Aerol\u00edneas Argentinas\u00a0comenzar\u00e1 a operar vuelos regulares entre\u00a0Mendoza y Tucum\u00e1n\u00a0a partir del 2 de octubre pr\u00f3ximo, en la apertura de una nueva ruta que contar\u00e1 con dos frecuencias semanales. El nuevo vuelo federal tendr\u00e1\u00a0salida desde Mendoza a Tucum\u00e1n los lunes y jueves, mientras que la ruta de Tucum\u00e1n a Mendoza funcionar\u00e1 los mi\u00e9rcoles y s\u00e1bados.\u00a0No hay&hellip;","_links":{"self":[{"href":"https:\/\/elfederalmendoza.com.ar\/index.php\/wp-json\/wp\/v2\/posts\/24804","targetHints":{"allow":["GET"]}}],"collection":[{"href":"https:\/\/elfederalmendoza.com.ar\/index.php\/wp-json\/wp\/v2\/posts"}],"about":[{"href":"https:\/\/elfederalmendoza.com.ar\/index.php\/wp-json\/wp\/v2\/types\/post"}],"author":[{"embeddable":true,"href":"https:\/\/elfederalmendoza.com.ar\/index.php\/wp-json\/wp\/v2\/users\/2"}],"replies":[{"embeddable":true,"href":"https:\/\/elfederalmendoza.com.ar\/index.php\/wp-json\/wp\/v2\/comments?post=24804"}],"version-history":[{"count":1,"href":"https:\/\/elfederalmendoza.com.ar\/index.php\/wp-json\/wp\/v2\/posts\/24804\/revisions"}],"predecessor-version":[{"id":24806,"href":"https:\/\/elfederalmendoza.com.ar\/index.php\/wp-json\/wp\/v2\/posts\/24804\/revisions\/24806"}],"wp:featuredmedia":[{"embeddable":true,"href":"https:\/\/elfederalmendoza.com.ar\/index.php\/wp-json\/wp\/v2\/media\/24807"}],"wp:attachment":[{"href":"https:\/\/elfederalmendoza.com.ar\/index.php\/wp-json\/wp\/v2\/media?parent=24804"}],"wp:term":[{"taxonomy":"category","embeddable":true,"href":"https:\/\/elfederalmendoza.com.ar\/index.php\/wp-json\/wp\/v2\/categories?post=24804"},{"taxonomy":"post_tag","embeddable":true,"href":"https:\/\/elfederalmendoza.com.ar\/index.php\/wp-json\/wp\/v2\/tags?post=24804"}],"curies":[{"name":"wp","href":"https:\/\/api.w.org\/{rel}","templated":true}]}}