{"id":24819,"date":"2023-07-04T09:51:26","date_gmt":"2023-07-04T12:51:26","guid":{"rendered":"https:\/\/elfederalmendoza.com\/?p=24819"},"modified":"2023-07-04T09:51:26","modified_gmt":"2023-07-04T12:51:26","slug":"ya-es-oficial-el-listado-de-24-medicos-que-cobraran-mas-que-el-gobernador","status":"publish","type":"post","link":"https:\/\/elfederalmendoza.com.ar\/index.php\/2023\/07\/04\/ya-es-oficial-el-listado-de-24-medicos-que-cobraran-mas-que-el-gobernador\/","title":{"rendered":"Ya es oficial el listado de 24 m\u00e9dicos que cobrar\u00e1n m\u00e1s que el Gobernador"},"content":{"rendered":"\n<p>El Gobierno provincial public\u00f3 en el Bolet\u00edn Oficial los decretos 1006 y 1191, que except\u00faan de la Ley de Tope Salarial a 24 m\u00e9dicos. Ambas normativas entrar\u00e1n en vigencia cuando logren la ratificaci\u00f3n legislativa, paso que se dar\u00e1 este martes en la C\u00e1mara de Senadores.<\/p>\n\n\n\n<p>Los especialistas que podr\u00e1n cobrar m\u00e1s que el Gobernador son:<\/p>\n\n\n\n<ul class=\"wp-block-list\">\n<li><strong>Cinco especialistas<\/strong>&nbsp;del servicio de cirug\u00eda cardiovascular y de trasplantes del&nbsp;<strong>Hospital Central.<\/strong><\/li>\n\n\n\n<li><strong>Quince profesionales<\/strong>&nbsp;que pertenecen al servicio de terapia intensiva pedi\u00e1trica y del servicio de recuperaci\u00f3n de cirug\u00eda cardiovascular del&nbsp;<strong>Hospital Notti<\/strong>.<\/li>\n\n\n\n<li><strong>Cuatro m\u00e9dicos<\/strong>&nbsp;que se desempe\u00f1an en el servicio de cuidado intensivo pedi\u00e1trico del&nbsp;<strong>Hospital Fleming<\/strong>.<\/li>\n<\/ul>\n\n\n\n<p>Los m\u00e9dicos exceptuados tambi\u00e9n cuentan con un\u00a0<mark>bloqueo de t\u00edtulo<\/mark>, oblig\u00e1ndolos as\u00ed a trabajar en los nosocomios mencionados y tienen una\u00a0<mark>carga horaria de entre 44 y 55 horas semanales.<\/mark><\/p>\n\n\n\n<p>Con esta medida se busca mejorar las condiciones de los profesionales altamente especializados y evitar que busquen trabajar en otras jurisdicciones por motivos salariales.<\/p>\n\n\n\n<p>La ley de Tope Salarial (8.727) establece que ning\u00fan funcionario, empleado o contratado, bajo cualquier modalidad, que preste servicios en el \u00e1mbito del Poder Ejecutivo, Legislativo y Judicial, abarcando la Administraci\u00f3n P\u00fablica Central Provincial, incluyendo sus reparticiones centralizadas, descentralizadas o aut\u00e1rquicas, cuentas especiales o sociedades del Estado o con participaci\u00f3n estatal mayoritaria, podr\u00e1<em>&nbsp;<\/em>cobrar m\u00e1s que el Gobernador.<\/p>\n\n\n\n<p>La normativa tambi\u00e9n except\u00faa a jueces, el Fiscal del Estado, Asesor de Gobierno, presidente y vocales del tribunal de cuentas, contador y tesorero de la provincia y al superintendente general de irrigaci\u00f3n. Actualmente, Rodolfo Suarez percibe un sueldo de alrededor de 700 mil pesos.<\/p>\n\n\n\n<p>De esta manera, solo resta que senadores ratifique este martes ambos decretos, los cuales ya tienen media sanci\u00f3n de Diputados.<\/p>\n","protected":false},"excerpt":{"rendered":"<p>El Gobierno provincial public\u00f3 en el Bolet\u00edn Oficial los decretos 1006 y 1191, que except\u00faan de la Ley de Tope Salarial a 24 m\u00e9dicos. Ambas normativas entrar\u00e1n en vigencia cuando logren la ratificaci\u00f3n legislativa, paso que se dar\u00e1 este martes en la C\u00e1mara de Senadores. Los especialistas que podr\u00e1n cobrar m\u00e1s que el Gobernador son:<a class=\"read-more\" href=\"https:\/\/elfederalmendoza.com.ar\/index.php\/2023\/07\/04\/ya-es-oficial-el-listado-de-24-medicos-que-cobraran-mas-que-el-gobernador\/\"> [&hellip;]<\/a><\/p>\n","protected":false},"author":2,"featured_media":24825,"comment_status":"open","ping_status":"open","sticky":false,"template":"","format":"standard","meta":{"footnotes":""},"categories":[1],"tags":[],"class_list":["post-24819","post","type-post","status-publish","format-standard","has-post-thumbnail","hentry","category-mza"],"rttpg_featured_image_url":{"full":["https:\/\/elfederalmendoza.com.ar\/wp-content\/uploads\/2023\/07\/NVYE3FEPNFC2XBD4N2SOP2FG24.webp",980,640,false],"landscape":["https:\/\/elfederalmendoza.com.ar\/wp-content\/uploads\/2023\/07\/NVYE3FEPNFC2XBD4N2SOP2FG24.webp",980,640,false],"portraits":["https:\/\/elfederalmendoza.com.ar\/wp-content\/uploads\/2023\/07\/NVYE3FEPNFC2XBD4N2SOP2FG24.webp",980,640,false],"thumbnail":["https:\/\/elfederalmendoza.com.ar\/wp-content\/uploads\/2023\/07\/NVYE3FEPNFC2XBD4N2SOP2FG24-150x150.webp",150,150,true],"medium":["https:\/\/elfederalmendoza.com.ar\/wp-content\/uploads\/2023\/07\/NVYE3FEPNFC2XBD4N2SOP2FG24-300x196.webp",300,196,true],"large":["https:\/\/elfederalmendoza.com.ar\/wp-content\/uploads\/2023\/07\/NVYE3FEPNFC2XBD4N2SOP2FG24.webp",640,418,false],"1536x1536":["https:\/\/elfederalmendoza.com.ar\/wp-content\/uploads\/2023\/07\/NVYE3FEPNFC2XBD4N2SOP2FG24.webp",980,640,false],"2048x2048":["https:\/\/elfederalmendoza.com.ar\/wp-content\/uploads\/2023\/07\/NVYE3FEPNFC2XBD4N2SOP2FG24.webp",980,640,false],"ultp_layout_landscape_large":["https:\/\/elfederalmendoza.com.ar\/wp-content\/uploads\/2023\/07\/NVYE3FEPNFC2XBD4N2SOP2FG24.webp",980,640,false],"ultp_layout_landscape":["https:\/\/elfederalmendoza.com.ar\/wp-content\/uploads\/2023\/07\/NVYE3FEPNFC2XBD4N2SOP2FG24-870x570.webp",870,570,true],"ultp_layout_portrait":["https:\/\/elfederalmendoza.com.ar\/wp-content\/uploads\/2023\/07\/NVYE3FEPNFC2XBD4N2SOP2FG24-600x640.webp",600,640,true],"ultp_layout_square":["https:\/\/elfederalmendoza.com.ar\/wp-content\/uploads\/2023\/07\/NVYE3FEPNFC2XBD4N2SOP2FG24-600x600.webp",600,600,true],"rpwe-thumbnail":["https:\/\/elfederalmendoza.com.ar\/wp-content\/uploads\/2023\/07\/NVYE3FEPNFC2XBD4N2SOP2FG24-45x45.webp",45,45,true],"advps-thumb-one":["https:\/\/elfederalmendoza.com.ar\/wp-content\/uploads\/2023\/07\/NVYE3FEPNFC2XBD4N2SOP2FG24-980x420.webp",980,420,true]},"rttpg_author":{"display_name":"Redacci\u00f3n El Federal","author_link":"https:\/\/elfederalmendoza.com.ar\/index.php\/author\/angelflores\/"},"rttpg_comment":0,"rttpg_category":"<a href=\"https:\/\/elfederalmendoza.com.ar\/index.php\/category\/mza\/\" rel=\"category tag\">Mendoza<\/a>","rttpg_excerpt":"El Gobierno provincial public\u00f3 en el Bolet\u00edn Oficial los decretos 1006 y 1191, que except\u00faan de la Ley de Tope Salarial a 24 m\u00e9dicos. Ambas normativas entrar\u00e1n en vigencia cuando logren la ratificaci\u00f3n legislativa, paso que se dar\u00e1 este martes en la C\u00e1mara de Senadores. Los especialistas que podr\u00e1n cobrar m\u00e1s que el Gobernador son:&hellip;","_links":{"self":[{"href":"https:\/\/elfederalmendoza.com.ar\/index.php\/wp-json\/wp\/v2\/posts\/24819","targetHints":{"allow":["GET"]}}],"collection":[{"href":"https:\/\/elfederalmendoza.com.ar\/index.php\/wp-json\/wp\/v2\/posts"}],"about":[{"href":"https:\/\/elfederalmendoza.com.ar\/index.php\/wp-json\/wp\/v2\/types\/post"}],"author":[{"embeddable":true,"href":"https:\/\/elfederalmendoza.com.ar\/index.php\/wp-json\/wp\/v2\/users\/2"}],"replies":[{"embeddable":true,"href":"https:\/\/elfederalmendoza.com.ar\/index.php\/wp-json\/wp\/v2\/comments?post=24819"}],"version-history":[{"count":1,"href":"https:\/\/elfederalmendoza.com.ar\/index.php\/wp-json\/wp\/v2\/posts\/24819\/revisions"}],"predecessor-version":[{"id":24826,"href":"https:\/\/elfederalmendoza.com.ar\/index.php\/wp-json\/wp\/v2\/posts\/24819\/revisions\/24826"}],"wp:featuredmedia":[{"embeddable":true,"href":"https:\/\/elfederalmendoza.com.ar\/index.php\/wp-json\/wp\/v2\/media\/24825"}],"wp:attachment":[{"href":"https:\/\/elfederalmendoza.com.ar\/index.php\/wp-json\/wp\/v2\/media?parent=24819"}],"wp:term":[{"taxonomy":"category","embeddable":true,"href":"https:\/\/elfederalmendoza.com.ar\/index.php\/wp-json\/wp\/v2\/categories?post=24819"},{"taxonomy":"post_tag","embeddable":true,"href":"https:\/\/elfederalmendoza.com.ar\/index.php\/wp-json\/wp\/v2\/tags?post=24819"}],"curies":[{"name":"wp","href":"https:\/\/api.w.org\/{rel}","templated":true}]}}