{"id":24829,"date":"2023-07-04T08:02:00","date_gmt":"2023-07-04T11:02:00","guid":{"rendered":"https:\/\/elfederalmendoza.com\/?p=24829"},"modified":"2023-07-04T10:04:59","modified_gmt":"2023-07-04T13:04:59","slug":"blumberg-milei-hizo-un-negocio-con-la-politica-y-vendio-candidaturas-de-concejal-por-50-000-dolares","status":"publish","type":"post","link":"https:\/\/elfederalmendoza.com.ar\/index.php\/2023\/07\/04\/blumberg-milei-hizo-un-negocio-con-la-politica-y-vendio-candidaturas-de-concejal-por-50-000-dolares\/","title":{"rendered":"Blumberg: \u00abMilei hizo un negocio con la pol\u00edtica y vendi\u00f3 candidaturas de concejal por 50.000 d\u00f3lares\u00bb"},"content":{"rendered":"\n<p><strong>Juan Carlos Blumberg reapareci\u00f3 este lunes con fuertes cuestionamientos a La Libertad Avanza, el espacio que conduce Javier Milei como candidato a presidente, al que acus\u00f3 de hacer de la pol\u00edtica \u201cun negocio\u201d y pedir hasta \u201cUS$ 50.000 d\u00f3lares\u201d por una candidatura a concejal. El empresario, que hab\u00eda insinuado con integrarse al armado libertario, lo abandon\u00f3 con cr\u00edticas.<\/strong><\/p>\n\n\n\n<p>Blumberg, que particip\u00f3 como candidato en elecciones anteriores, se hab\u00eda sumado a La Libertad Avanza con la intenci\u00f3n de integrar alguna de las listas. Sin embargo, se retir\u00f3 con pol\u00e9mica. \u201cEn el espacio de Milei empezaron a vender puestos para ser candidatos\u201d, manifest\u00f3.<\/p>\n\n\n\n<p>El empresario -padre de Axel Blumberg, secuestrado y asesinado en 2004- apunt\u00f3 contra el entorno del economista libertario. Se\u00f1al\u00f3 a Carlos Kikuchi, el armador nacional de La Libertad Avanza, Sebasti\u00e1n Pareja, el responsable de la construcci\u00f3n pol\u00edtica en la provincia de Buenos Aires, y a Karina Milei, la hermana del precandidato presidencial.<br>\u201cAparentemente, el que ped\u00eda era Kikuchi, el otro Pareja, y la hermana. Hay gente que pag\u00f3 hasta US$50.000\u201d, sostuvo Blumberg este lunes en declaraciones a Radio La Red. Y remarc\u00f3: \u201cHay que gente que pag\u00f3 y hasta la usaron\u201d.<\/p>\n\n\n\n<p>Blumberg mencion\u00f3 particularmente a Mart\u00edn Urionag\u00fcena, presidente del Parque Industrial de Tigre, que era uno de los referentes libertarios en ese distrito del conurbano bonaerense. \u201cNo s\u00e9 qu\u00e9 cantidad de fiscales junt\u00f3 hasta el d\u00eda anterior [del cierre e listas]\u201d, expres\u00f3.<\/p>\n\n\n\n<p>En las \u00faltimas horas se filtr\u00f3 un audio en las redes de Urionag\u00fcena en las que denuncia un pacto entre Milei y Sergio Massa. All\u00ed, asegur\u00f3 que Carlos Kikuchi lo llam\u00f3 para comunicarlo que lo desplazaban del primer lugar de la lista de concejales y se lo ofrec\u00edan al abogado Juan Jos\u00e9 Cervetto. \u201cLo arregl\u00e9 con Sergio Massa\u201d, asever\u00f3 que le comunic\u00f3 el armador de La Libertad Avanza. Esa decisi\u00f3n determin\u00f3 su salida, argument\u00f3: \u201cNo tranzo y pego el portazo\u201d.<\/p>\n\n\n\n<p><strong>En ese contexto, Blumberg dispar\u00f3 contra la conducci\u00f3n del espacio libertario. \u201cEsta gente ha hecho de la pol\u00edtica un negocio\u201d, sostuvo.<\/strong><\/p>\n\n\n\n<p>La situaci\u00f3n que expuso Blumberg este lunes no parece ser un caso aislado. La Naci\u00f3n dio cuenta que dirigentes de diversos puntos del pa\u00eds han se\u00f1alado situaciones similares. El excandidato neuquino del espacio libertario, Carlos Egu\u00eda, denunci\u00f3 un mecanismo de entrega de puestos en el Estado, venta de \u201cfranquicias\u201d electorales y pago de \u201ccachets\u201d para viajes.<\/p>\n\n\n\n<p>\u201cMe llamaron para pedirme cargos en la Legislatura de Neuqu\u00e9n\u201d, afirm\u00f3 Egu\u00eda en su programa de radio, lo que luego reafirm\u00f3 ante la consulta de La Naci\u00f3n. \u201cMe pidieron los mejores cargos, ya fueron dos o tres o los que pudiera conseguir. Imag\u00ednese: yo les dije que ni s\u00e9 cu\u00e1nto cobra un legislador provincial y ellos me respondieron que s\u00ed saben, que gana entre 600.000 y 700.000 pesos. Yo les pregunt\u00e9 si esas personas eran de Neuqu\u00e9n o si iban a trabajar, y me dijeron que no, por lo que me negu\u00e9. \u2018De ninguna manera\u2019, les respond\u00ed, y ah\u00ed rompieron la alianza conmigo y fueron a buscar a otro partido\u201d, denunci\u00f3.<\/p>\n\n\n\n<p>Egu\u00eda afirm\u00f3 que las primeras exigencias de cargos se las plante\u00f3 Julio Serna, un operador que integra el c\u00edrculo \u00edntimo de Milei, pero que luego comprendi\u00f3 que el pedido era sist\u00e9mico. \u201cMe lo pidi\u00f3 Julio Serna, primero, y despu\u00e9s me lo pidieron en una conferencia [telef\u00f3nica] que tuvimos Karina [Milei], Carlos Kikuchi y yo. Pens\u00e9 que Karina le iba a decir a Serna: \u2018V\u00e1yase, ya no trabaja con nosotros\u2019, pero me dijo a m\u00ed que era una pavada. Y eso lo tengo grabado\u201d.<\/p>\n\n\n\n<p>La entonces referente de la agrupaci\u00f3n juvenil La Generaci\u00f3n Libertaria, Mila Zurbriggen, denunci\u00f3 arbitrariedades y acomodos en el espacio, con el dinero y el sexo como dos herramientas determinantes para acceder a cargos p\u00fablicos o espacios de poder.<\/p>\n\n\n\n<p>El vicepresidente de esa misma agrupaci\u00f3n, Agust\u00edn P\u00e9rez, ahond\u00f3 entonces en otro eje que recurrente: \u201cSi vos quer\u00e9s ocupar una posici\u00f3n importante en el partido te piden plata. Si quer\u00e9s sacarte una foto con Milei te piden plata, si quer\u00e9s que haga una charla, hay un solo pedido: \u2018pon\u00e9 plata\u2019\u201d, detall\u00f3.<\/p>\n","protected":false},"excerpt":{"rendered":"<p>Juan Carlos Blumberg reapareci\u00f3 este lunes con fuertes cuestionamientos a La Libertad Avanza, el espacio que conduce Javier Milei como candidato a presidente, al que acus\u00f3 de hacer de la pol\u00edtica \u201cun negocio\u201d y pedir hasta \u201cUS$ 50.000 d\u00f3lares\u201d por una candidatura a concejal. El empresario, que hab\u00eda insinuado con integrarse al armado libertario, lo<a class=\"read-more\" href=\"https:\/\/elfederalmendoza.com.ar\/index.php\/2023\/07\/04\/blumberg-milei-hizo-un-negocio-con-la-politica-y-vendio-candidaturas-de-concejal-por-50-000-dolares\/\"> [&hellip;]<\/a><\/p>\n","protected":false},"author":2,"featured_media":24831,"comment_status":"open","ping_status":"open","sticky":false,"template":"","format":"standard","meta":{"footnotes":""},"categories":[5618],"tags":[],"class_list":["post-24829","post","type-post","status-publish","format-standard","has-post-thumbnail","hentry","category-arg"],"rttpg_featured_image_url":{"full":["https:\/\/elfederalmendoza.com.ar\/wp-content\/uploads\/2023\/07\/javier-milei-y-juan-carlos-blumberg-1601404.jpg",1040,780,false],"landscape":["https:\/\/elfederalmendoza.com.ar\/wp-content\/uploads\/2023\/07\/javier-milei-y-juan-carlos-blumberg-1601404.jpg",1040,780,false],"portraits":["https:\/\/elfederalmendoza.com.ar\/wp-content\/uploads\/2023\/07\/javier-milei-y-juan-carlos-blumberg-1601404.jpg",1040,780,false],"thumbnail":["https:\/\/elfederalmendoza.com.ar\/wp-content\/uploads\/2023\/07\/javier-milei-y-juan-carlos-blumberg-1601404-150x150.jpg",150,150,true],"medium":["https:\/\/elfederalmendoza.com.ar\/wp-content\/uploads\/2023\/07\/javier-milei-y-juan-carlos-blumberg-1601404-300x225.jpg",300,225,true],"large":["https:\/\/elfederalmendoza.com.ar\/wp-content\/uploads\/2023\/07\/javier-milei-y-juan-carlos-blumberg-1601404-1024x768.jpg",640,480,true],"1536x1536":["https:\/\/elfederalmendoza.com.ar\/wp-content\/uploads\/2023\/07\/javier-milei-y-juan-carlos-blumberg-1601404.jpg",1040,780,false],"2048x2048":["https:\/\/elfederalmendoza.com.ar\/wp-content\/uploads\/2023\/07\/javier-milei-y-juan-carlos-blumberg-1601404.jpg",1040,780,false],"ultp_layout_landscape_large":["https:\/\/elfederalmendoza.com.ar\/wp-content\/uploads\/2023\/07\/javier-milei-y-juan-carlos-blumberg-1601404.jpg",1040,780,false],"ultp_layout_landscape":["https:\/\/elfederalmendoza.com.ar\/wp-content\/uploads\/2023\/07\/javier-milei-y-juan-carlos-blumberg-1601404-870x570.jpg",870,570,true],"ultp_layout_portrait":["https:\/\/elfederalmendoza.com.ar\/wp-content\/uploads\/2023\/07\/javier-milei-y-juan-carlos-blumberg-1601404-600x780.jpg",600,780,true],"ultp_layout_square":["https:\/\/elfederalmendoza.com.ar\/wp-content\/uploads\/2023\/07\/javier-milei-y-juan-carlos-blumberg-1601404-600x600.jpg",600,600,true],"rpwe-thumbnail":["https:\/\/elfederalmendoza.com.ar\/wp-content\/uploads\/2023\/07\/javier-milei-y-juan-carlos-blumberg-1601404-45x45.jpg",45,45,true],"advps-thumb-one":["https:\/\/elfederalmendoza.com.ar\/wp-content\/uploads\/2023\/07\/javier-milei-y-juan-carlos-blumberg-1601404-1040x420.jpg",1040,420,true]},"rttpg_author":{"display_name":"Redacci\u00f3n El Federal","author_link":"https:\/\/elfederalmendoza.com.ar\/index.php\/author\/angelflores\/"},"rttpg_comment":0,"rttpg_category":"<a href=\"https:\/\/elfederalmendoza.com.ar\/index.php\/category\/arg\/\" rel=\"category tag\">Argentina<\/a>","rttpg_excerpt":"Juan Carlos Blumberg reapareci\u00f3 este lunes con fuertes cuestionamientos a La Libertad Avanza, el espacio que conduce Javier Milei como candidato a presidente, al que acus\u00f3 de hacer de la pol\u00edtica \u201cun negocio\u201d y pedir hasta \u201cUS$ 50.000 d\u00f3lares\u201d por una candidatura a concejal. El empresario, que hab\u00eda insinuado con integrarse al armado libertario, lo&hellip;","_links":{"self":[{"href":"https:\/\/elfederalmendoza.com.ar\/index.php\/wp-json\/wp\/v2\/posts\/24829","targetHints":{"allow":["GET"]}}],"collection":[{"href":"https:\/\/elfederalmendoza.com.ar\/index.php\/wp-json\/wp\/v2\/posts"}],"about":[{"href":"https:\/\/elfederalmendoza.com.ar\/index.php\/wp-json\/wp\/v2\/types\/post"}],"author":[{"embeddable":true,"href":"https:\/\/elfederalmendoza.com.ar\/index.php\/wp-json\/wp\/v2\/users\/2"}],"replies":[{"embeddable":true,"href":"https:\/\/elfederalmendoza.com.ar\/index.php\/wp-json\/wp\/v2\/comments?post=24829"}],"version-history":[{"count":1,"href":"https:\/\/elfederalmendoza.com.ar\/index.php\/wp-json\/wp\/v2\/posts\/24829\/revisions"}],"predecessor-version":[{"id":24832,"href":"https:\/\/elfederalmendoza.com.ar\/index.php\/wp-json\/wp\/v2\/posts\/24829\/revisions\/24832"}],"wp:featuredmedia":[{"embeddable":true,"href":"https:\/\/elfederalmendoza.com.ar\/index.php\/wp-json\/wp\/v2\/media\/24831"}],"wp:attachment":[{"href":"https:\/\/elfederalmendoza.com.ar\/index.php\/wp-json\/wp\/v2\/media?parent=24829"}],"wp:term":[{"taxonomy":"category","embeddable":true,"href":"https:\/\/elfederalmendoza.com.ar\/index.php\/wp-json\/wp\/v2\/categories?post=24829"},{"taxonomy":"post_tag","embeddable":true,"href":"https:\/\/elfederalmendoza.com.ar\/index.php\/wp-json\/wp\/v2\/tags?post=24829"}],"curies":[{"name":"wp","href":"https:\/\/api.w.org\/{rel}","templated":true}]}}