{"id":24835,"date":"2023-07-05T09:04:58","date_gmt":"2023-07-05T12:04:58","guid":{"rendered":"https:\/\/elfederalmendoza.com\/?p=24835"},"modified":"2023-07-05T09:04:58","modified_gmt":"2023-07-05T12:04:58","slug":"murieron-un-chico-y-su-padre-en-un-tragico-incendio-en-las-heras","status":"publish","type":"post","link":"https:\/\/elfederalmendoza.com.ar\/index.php\/2023\/07\/05\/murieron-un-chico-y-su-padre-en-un-tragico-incendio-en-las-heras\/","title":{"rendered":"Murieron un chico y su padre en un tr\u00e1gico incendio en Las Heras"},"content":{"rendered":"\n<p><strong>Un chico de 12 a\u00f1os, y su padre de 31 a\u00f1os murieron\u00a0<\/strong>al quedar atrapados en un\u00a0<strong><a href=\"https:\/\/www.diariouno.com.ar\/tags\/incendios-en-mendoza\" target=\"_blank\" rel=\"noreferrer noopener\">incendio<\/a>\u00a0en su casa del barrio Santa Teresita, de Las Heras.<\/strong>\u00a0Los vecinos indicaron que el hombre<strong>\u00a0intent\u00f3 sacar a su hijo<\/strong>, pero lo retiraron inconsciente por inhalaci\u00f3n de humo. Un m\u00f3vil de la Polic\u00eda lo llev\u00f3 hasta el hospital, donde los m\u00e9dicos constataron su muerte.<\/p>\n\n\n\n<p>Mientras,\u00a0<strong>su esposa y otras tres hijas escaparon de las llamas y est\u00e1n fuera de peligro.<\/strong><\/p>\n\n\n\n<p>El fuego comenz\u00f3 alrededor de las 5 de este mi\u00e9rcoles en una casa de la\u00a0<strong>manzana C del barrio Santa Teresita, en Las Heras.<\/strong>\u00a0Al parecer, una\u00a0<strong>estufa el\u00e9ctrica<\/strong>\u00a0habr\u00eda tenido un cortocircuito que\u00a0<strong>gener\u00f3 el fuego en la habitaci\u00f3n donde dorm\u00edan los cuatro hermanos<\/strong>.<\/p>\n\n\n\n<p>Los mismos vecinos ayudaron para extinguir el fuego junto a los&nbsp;<strong>Bomberos de la Polic\u00eda<\/strong>. Claudia, una vecina, detall\u00f3 que&nbsp;<strong>las llamas sobrepasaban la casa<\/strong>&nbsp;en la parte de atr\u00e1s.<\/p>\n\n\n\n<p><strong>Tres nenas de 5, 7 y 10 a\u00f1os, junto con su madre, de 28 a\u00f1os, salieron de la casa<\/strong>&nbsp;con ayuda de los vecinos, mientras que&nbsp;<strong>Gonzalo Joaqu\u00edn Espinosa, de 12 a\u00f1os, no pudo salir.&nbsp;<\/strong>Algunos relataron que fue su abuelo quien entr\u00f3 y lo sac\u00f3 ya sin vida.<\/p>\n\n\n\n<p>Ante esa situaci\u00f3n, su padre,&nbsp;<strong>Juan Espinosa, de 31 a\u00f1os, ingres\u00f3 a la casa a pesar del fuego para sacar a su hijo mayor<\/strong>, pero se habr\u00eda&nbsp;<strong>intoxicado<\/strong>&nbsp;con el humo.<\/p>\n\n\n\n<p>En este caso, tambi\u00e9n&nbsp;<strong>habr\u00eda sido su padre quien lo sac\u00f3 inconsciente<\/strong>. Una vez afuera le hicieron maniobras de reanimaci\u00f3n, pero por la presi\u00f3n de los familiares y vecinos, lo subieron a un m\u00f3vil policial y<strong>&nbsp;lo llevaron hasta el encuentro con una ambulancia que iba en camino.<\/strong><\/p>\n\n\n\n<p>En calle Independencia a metros de calle Lisandro Moyano se cruzaron con el Servicio de Emergencias Coordinado, cuyo m\u00e9dico&nbsp;<strong>revis\u00f3 a Juan Espinosa y determin\u00f3 que hab\u00eda muerto, y que posiblemente ten\u00eda las v\u00edas a\u00e9reas quemadas.<\/strong><\/p>\n\n\n\n<p>Las tres nenas y la mujer de 28 a\u00f1os&nbsp;<strong>fueron trasladadas al Hospital Carrillo, donde quedaron internadas fuera de peligro.<\/strong><\/p>\n","protected":false},"excerpt":{"rendered":"<p>Un chico de 12 a\u00f1os, y su padre de 31 a\u00f1os murieron\u00a0al quedar atrapados en un\u00a0incendio\u00a0en su casa del barrio Santa Teresita, de Las Heras.\u00a0Los vecinos indicaron que el hombre\u00a0intent\u00f3 sacar a su hijo, pero lo retiraron inconsciente por inhalaci\u00f3n de humo. Un m\u00f3vil de la Polic\u00eda lo llev\u00f3 hasta el hospital, donde los m\u00e9dicos<a class=\"read-more\" href=\"https:\/\/elfederalmendoza.com.ar\/index.php\/2023\/07\/05\/murieron-un-chico-y-su-padre-en-un-tragico-incendio-en-las-heras\/\"> [&hellip;]<\/a><\/p>\n","protected":false},"author":2,"featured_media":24837,"comment_status":"open","ping_status":"open","sticky":false,"template":"","format":"standard","meta":{"footnotes":""},"categories":[1],"tags":[],"class_list":["post-24835","post","type-post","status-publish","format-standard","has-post-thumbnail","hentry","category-mza"],"rttpg_featured_image_url":{"full":["https:\/\/elfederalmendoza.com.ar\/wp-content\/uploads\/2023\/07\/incendio-santa-teresita-1jpg.webp",1200,675,false],"landscape":["https:\/\/elfederalmendoza.com.ar\/wp-content\/uploads\/2023\/07\/incendio-santa-teresita-1jpg.webp",1200,675,false],"portraits":["https:\/\/elfederalmendoza.com.ar\/wp-content\/uploads\/2023\/07\/incendio-santa-teresita-1jpg.webp",1200,675,false],"thumbnail":["https:\/\/elfederalmendoza.com.ar\/wp-content\/uploads\/2023\/07\/incendio-santa-teresita-1jpg-150x150.webp",150,150,true],"medium":["https:\/\/elfederalmendoza.com.ar\/wp-content\/uploads\/2023\/07\/incendio-santa-teresita-1jpg-300x169.webp",300,169,true],"large":["https:\/\/elfederalmendoza.com.ar\/wp-content\/uploads\/2023\/07\/incendio-santa-teresita-1jpg-1024x576.webp",640,360,true],"1536x1536":["https:\/\/elfederalmendoza.com.ar\/wp-content\/uploads\/2023\/07\/incendio-santa-teresita-1jpg.webp",1200,675,false],"2048x2048":["https:\/\/elfederalmendoza.com.ar\/wp-content\/uploads\/2023\/07\/incendio-santa-teresita-1jpg.webp",1200,675,false],"ultp_layout_landscape_large":["https:\/\/elfederalmendoza.com.ar\/wp-content\/uploads\/2023\/07\/incendio-santa-teresita-1jpg.webp",1200,675,false],"ultp_layout_landscape":["https:\/\/elfederalmendoza.com.ar\/wp-content\/uploads\/2023\/07\/incendio-santa-teresita-1jpg-870x570.webp",870,570,true],"ultp_layout_portrait":["https:\/\/elfederalmendoza.com.ar\/wp-content\/uploads\/2023\/07\/incendio-santa-teresita-1jpg-600x675.webp",600,675,true],"ultp_layout_square":["https:\/\/elfederalmendoza.com.ar\/wp-content\/uploads\/2023\/07\/incendio-santa-teresita-1jpg-600x600.webp",600,600,true],"rpwe-thumbnail":["https:\/\/elfederalmendoza.com.ar\/wp-content\/uploads\/2023\/07\/incendio-santa-teresita-1jpg-45x45.webp",45,45,true],"advps-thumb-one":["https:\/\/elfederalmendoza.com.ar\/wp-content\/uploads\/2023\/07\/incendio-santa-teresita-1jpg-1200x420.webp",1200,420,true]},"rttpg_author":{"display_name":"Redacci\u00f3n El Federal","author_link":"https:\/\/elfederalmendoza.com.ar\/index.php\/author\/angelflores\/"},"rttpg_comment":0,"rttpg_category":"<a href=\"https:\/\/elfederalmendoza.com.ar\/index.php\/category\/mza\/\" rel=\"category tag\">Mendoza<\/a>","rttpg_excerpt":"Un chico de 12 a\u00f1os, y su padre de 31 a\u00f1os murieron\u00a0al quedar atrapados en un\u00a0incendio\u00a0en su casa del barrio Santa Teresita, de Las Heras.\u00a0Los vecinos indicaron que el hombre\u00a0intent\u00f3 sacar a su hijo, pero lo retiraron inconsciente por inhalaci\u00f3n de humo. Un m\u00f3vil de la Polic\u00eda lo llev\u00f3 hasta el hospital, donde los m\u00e9dicos&hellip;","_links":{"self":[{"href":"https:\/\/elfederalmendoza.com.ar\/index.php\/wp-json\/wp\/v2\/posts\/24835","targetHints":{"allow":["GET"]}}],"collection":[{"href":"https:\/\/elfederalmendoza.com.ar\/index.php\/wp-json\/wp\/v2\/posts"}],"about":[{"href":"https:\/\/elfederalmendoza.com.ar\/index.php\/wp-json\/wp\/v2\/types\/post"}],"author":[{"embeddable":true,"href":"https:\/\/elfederalmendoza.com.ar\/index.php\/wp-json\/wp\/v2\/users\/2"}],"replies":[{"embeddable":true,"href":"https:\/\/elfederalmendoza.com.ar\/index.php\/wp-json\/wp\/v2\/comments?post=24835"}],"version-history":[{"count":1,"href":"https:\/\/elfederalmendoza.com.ar\/index.php\/wp-json\/wp\/v2\/posts\/24835\/revisions"}],"predecessor-version":[{"id":24838,"href":"https:\/\/elfederalmendoza.com.ar\/index.php\/wp-json\/wp\/v2\/posts\/24835\/revisions\/24838"}],"wp:featuredmedia":[{"embeddable":true,"href":"https:\/\/elfederalmendoza.com.ar\/index.php\/wp-json\/wp\/v2\/media\/24837"}],"wp:attachment":[{"href":"https:\/\/elfederalmendoza.com.ar\/index.php\/wp-json\/wp\/v2\/media?parent=24835"}],"wp:term":[{"taxonomy":"category","embeddable":true,"href":"https:\/\/elfederalmendoza.com.ar\/index.php\/wp-json\/wp\/v2\/categories?post=24835"},{"taxonomy":"post_tag","embeddable":true,"href":"https:\/\/elfederalmendoza.com.ar\/index.php\/wp-json\/wp\/v2\/tags?post=24835"}],"curies":[{"name":"wp","href":"https:\/\/api.w.org\/{rel}","templated":true}]}}