{"id":24841,"date":"2023-07-05T09:19:23","date_gmt":"2023-07-05T12:19:23","guid":{"rendered":"https:\/\/elfederalmendoza.com\/?p=24841"},"modified":"2023-07-05T09:19:24","modified_gmt":"2023-07-05T12:19:24","slug":"mendoza-es-la-provincia-que-mas-dias-de-clase-tuvo-en-lo-que-va-del-ano","status":"publish","type":"post","link":"https:\/\/elfederalmendoza.com.ar\/index.php\/2023\/07\/05\/mendoza-es-la-provincia-que-mas-dias-de-clase-tuvo-en-lo-que-va-del-ano\/","title":{"rendered":"Mendoza es la provincia que m\u00e1s d\u00edas de clase tuvo en lo que va del a\u00f1o"},"content":{"rendered":"\n<p>Seg\u00fan los datos que surgen del Informe de seguimiento del cumplimiento del\u00a0<strong>ciclo lectivo<\/strong>\u00a0que realiza la Coalici\u00f3n por la Educaci\u00f3n,\u00a0<strong>Mendoza, San Luis y Santiago del Estero son las \u00fanicas provincias argentinas donde los alumnos de primaria tuvieron m\u00e1s de 80 d\u00edas de clases<\/strong>\u00a0en el a\u00f1o 2023.<\/p>\n\n\n\n<p>La\u00a0<strong>Coalici\u00f3n por la Educaci\u00f3n<\/strong>\u00a0-una ONG que realiza este tipo de an\u00e1lisis- contabiliz\u00f3 la cantidad de d\u00edas de clase planificados en las escuelas primarias y la compar\u00f3 con los\u00a0<strong>d\u00edas efectivos de clase hasta el 30 de junio<\/strong>. De esos datos tambi\u00e9n surge que\u00a0<strong>en Santa Cruz los estudiantes tuvieron s\u00f3lo 27 d\u00edas de clase este a\u00f1o<\/strong>. En Tucum\u00e1n, R\u00edo Negro, Neuqu\u00e9n, Misiones, Tucum\u00e1n, Neuqu\u00e9n, R\u00edo Negro, Salta y La Rioja cursaron menos de 60 d\u00edas.<\/p>\n\n\n\n<p>El Informe tiene en cuenta la<strong>\u00a0suspensi\u00f3n de clases de por paros docentes, problemas clim\u00e1ticos y feriados provinciales o jornadas institucionales.<\/strong><\/p>\n\n\n\n<h2 class=\"wp-block-heading\">Mendoza ya dict\u00f3 85 d\u00edas de clases<\/h2>\n\n\n\n<p>Los que m\u00e1s cursaron fueron&nbsp;<strong>Mendoza<\/strong>&nbsp;con 85 d\u00edas de clases;&nbsp;<strong>San Luis, que cumpli\u00f3 con el 100% de los d\u00edas de clase previstos en su planificaci\u00f3n<\/strong>&nbsp;-tuvo 82 d\u00edas de cursado- y Santiago del Estero, con 81 d\u00edas en las aulas.<\/p>\n\n\n\n<p><strong>Catamarca, Entre R\u00edos, Formosa, La Pampa, C\u00f3rdoba, Chaco y Corrientes<\/strong>&nbsp;tambi\u00e9n figuran como provincias con un buen nivel en el cumplimiento de los d\u00edas de clases.<\/p>\n\n\n\n<p>R\u00edo Negro, Neuqu\u00e9n, Misiones, La Rioja, Salta y Santa Cruz est\u00e1n al fondo de la tabla ya que&nbsp;<strong>no lograron llegar al 70% de lo planificado<\/strong>.<\/p>\n\n\n\n<p>\u201cSi bien est\u00e1 probado que&nbsp;<strong>existe correlaci\u00f3n entre la asistencia continua de los estudiantes y la adquisici\u00f3n de aprendizajes<\/strong>, las autoridades educativas miran hacia otro lado cuando se trata de garantizar los 180 d\u00edas de clases que ellos mismos aseguran como centrales\u201d, afirm\u00f3&nbsp;<strong>Gustavo Zorzoli<\/strong>, exrector del Colegio Nacional de Buenos Aires y miembro de la Coalici\u00f3n por la Educaci\u00f3n.<\/p>\n\n\n\n<p>\u201cSon varios los casos en los que no se generan acciones tendientes a salvaguardar el dictado de clases, ya sea por paros docentes o no docentes y problemas clim\u00e1ticos o de infraestructura.&nbsp;<strong>Es m\u00e1s: generan m\u00e1s interrupciones agregando feriados provinciales, municipales o jornadas institucionales<\/strong>. As\u00ed, soslayan de forma continua las consecuencias negativas por a falta de dictado de clases\u201d, dijo Zorzoli al portal de noticias&nbsp;<em>Infobae<\/em>.<\/p>\n","protected":false},"excerpt":{"rendered":"<p>Seg\u00fan los datos que surgen del Informe de seguimiento del cumplimiento del\u00a0ciclo lectivo\u00a0que realiza la Coalici\u00f3n por la Educaci\u00f3n,\u00a0Mendoza, San Luis y Santiago del Estero son las \u00fanicas provincias argentinas donde los alumnos de primaria tuvieron m\u00e1s de 80 d\u00edas de clases\u00a0en el a\u00f1o 2023. La\u00a0Coalici\u00f3n por la Educaci\u00f3n\u00a0-una ONG que realiza este tipo de<a class=\"read-more\" href=\"https:\/\/elfederalmendoza.com.ar\/index.php\/2023\/07\/05\/mendoza-es-la-provincia-que-mas-dias-de-clase-tuvo-en-lo-que-va-del-ano\/\"> [&hellip;]<\/a><\/p>\n","protected":false},"author":2,"featured_media":24843,"comment_status":"open","ping_status":"open","sticky":false,"template":"","format":"standard","meta":{"footnotes":""},"categories":[1],"tags":[],"class_list":["post-24841","post","type-post","status-publish","format-standard","has-post-thumbnail","hentry","category-mza"],"rttpg_featured_image_url":{"full":["https:\/\/elfederalmendoza.com.ar\/wp-content\/uploads\/2023\/07\/1bfb865e-0cc5-472e-a089-47d4f7d2fc26-1.webp",1280,853,false],"landscape":["https:\/\/elfederalmendoza.com.ar\/wp-content\/uploads\/2023\/07\/1bfb865e-0cc5-472e-a089-47d4f7d2fc26-1.webp",1280,853,false],"portraits":["https:\/\/elfederalmendoza.com.ar\/wp-content\/uploads\/2023\/07\/1bfb865e-0cc5-472e-a089-47d4f7d2fc26-1.webp",1280,853,false],"thumbnail":["https:\/\/elfederalmendoza.com.ar\/wp-content\/uploads\/2023\/07\/1bfb865e-0cc5-472e-a089-47d4f7d2fc26-1-150x150.webp",150,150,true],"medium":["https:\/\/elfederalmendoza.com.ar\/wp-content\/uploads\/2023\/07\/1bfb865e-0cc5-472e-a089-47d4f7d2fc26-1-300x200.webp",300,200,true],"large":["https:\/\/elfederalmendoza.com.ar\/wp-content\/uploads\/2023\/07\/1bfb865e-0cc5-472e-a089-47d4f7d2fc26-1-1024x682.webp",640,426,true],"1536x1536":["https:\/\/elfederalmendoza.com.ar\/wp-content\/uploads\/2023\/07\/1bfb865e-0cc5-472e-a089-47d4f7d2fc26-1.webp",1280,853,false],"2048x2048":["https:\/\/elfederalmendoza.com.ar\/wp-content\/uploads\/2023\/07\/1bfb865e-0cc5-472e-a089-47d4f7d2fc26-1.webp",1280,853,false],"ultp_layout_landscape_large":["https:\/\/elfederalmendoza.com.ar\/wp-content\/uploads\/2023\/07\/1bfb865e-0cc5-472e-a089-47d4f7d2fc26-1-1200x800.webp",1200,800,true],"ultp_layout_landscape":["https:\/\/elfederalmendoza.com.ar\/wp-content\/uploads\/2023\/07\/1bfb865e-0cc5-472e-a089-47d4f7d2fc26-1-870x570.webp",870,570,true],"ultp_layout_portrait":["https:\/\/elfederalmendoza.com.ar\/wp-content\/uploads\/2023\/07\/1bfb865e-0cc5-472e-a089-47d4f7d2fc26-1-600x853.webp",600,853,true],"ultp_layout_square":["https:\/\/elfederalmendoza.com.ar\/wp-content\/uploads\/2023\/07\/1bfb865e-0cc5-472e-a089-47d4f7d2fc26-1-600x600.webp",600,600,true],"rpwe-thumbnail":["https:\/\/elfederalmendoza.com.ar\/wp-content\/uploads\/2023\/07\/1bfb865e-0cc5-472e-a089-47d4f7d2fc26-1-45x45.webp",45,45,true],"advps-thumb-one":["https:\/\/elfederalmendoza.com.ar\/wp-content\/uploads\/2023\/07\/1bfb865e-0cc5-472e-a089-47d4f7d2fc26-1-1200x420.webp",1200,420,true]},"rttpg_author":{"display_name":"Redacci\u00f3n El Federal","author_link":"https:\/\/elfederalmendoza.com.ar\/index.php\/author\/angelflores\/"},"rttpg_comment":0,"rttpg_category":"<a href=\"https:\/\/elfederalmendoza.com.ar\/index.php\/category\/mza\/\" rel=\"category tag\">Mendoza<\/a>","rttpg_excerpt":"Seg\u00fan los datos que surgen del Informe de seguimiento del cumplimiento del\u00a0ciclo lectivo\u00a0que realiza la Coalici\u00f3n por la Educaci\u00f3n,\u00a0Mendoza, San Luis y Santiago del Estero son las \u00fanicas provincias argentinas donde los alumnos de primaria tuvieron m\u00e1s de 80 d\u00edas de clases\u00a0en el a\u00f1o 2023. La\u00a0Coalici\u00f3n por la Educaci\u00f3n\u00a0-una ONG que realiza este tipo de&hellip;","_links":{"self":[{"href":"https:\/\/elfederalmendoza.com.ar\/index.php\/wp-json\/wp\/v2\/posts\/24841","targetHints":{"allow":["GET"]}}],"collection":[{"href":"https:\/\/elfederalmendoza.com.ar\/index.php\/wp-json\/wp\/v2\/posts"}],"about":[{"href":"https:\/\/elfederalmendoza.com.ar\/index.php\/wp-json\/wp\/v2\/types\/post"}],"author":[{"embeddable":true,"href":"https:\/\/elfederalmendoza.com.ar\/index.php\/wp-json\/wp\/v2\/users\/2"}],"replies":[{"embeddable":true,"href":"https:\/\/elfederalmendoza.com.ar\/index.php\/wp-json\/wp\/v2\/comments?post=24841"}],"version-history":[{"count":1,"href":"https:\/\/elfederalmendoza.com.ar\/index.php\/wp-json\/wp\/v2\/posts\/24841\/revisions"}],"predecessor-version":[{"id":24844,"href":"https:\/\/elfederalmendoza.com.ar\/index.php\/wp-json\/wp\/v2\/posts\/24841\/revisions\/24844"}],"wp:featuredmedia":[{"embeddable":true,"href":"https:\/\/elfederalmendoza.com.ar\/index.php\/wp-json\/wp\/v2\/media\/24843"}],"wp:attachment":[{"href":"https:\/\/elfederalmendoza.com.ar\/index.php\/wp-json\/wp\/v2\/media?parent=24841"}],"wp:term":[{"taxonomy":"category","embeddable":true,"href":"https:\/\/elfederalmendoza.com.ar\/index.php\/wp-json\/wp\/v2\/categories?post=24841"},{"taxonomy":"post_tag","embeddable":true,"href":"https:\/\/elfederalmendoza.com.ar\/index.php\/wp-json\/wp\/v2\/tags?post=24841"}],"curies":[{"name":"wp","href":"https:\/\/api.w.org\/{rel}","templated":true}]}}