{"id":24847,"date":"2023-07-05T09:25:38","date_gmt":"2023-07-05T12:25:38","guid":{"rendered":"https:\/\/elfederalmendoza.com\/?p=24847"},"modified":"2023-07-05T09:25:39","modified_gmt":"2023-07-05T12:25:39","slug":"caso-cecilia-strzyzowski-cesar-sena-se-autopercibe-mujer-y-busca-que-lo-lleven-a-un-penal-femenino","status":"publish","type":"post","link":"https:\/\/elfederalmendoza.com.ar\/index.php\/2023\/07\/05\/caso-cecilia-strzyzowski-cesar-sena-se-autopercibe-mujer-y-busca-que-lo-lleven-a-un-penal-femenino\/","title":{"rendered":"Caso Cecilia Strzyzowski: C\u00e9sar Sena se \u201cautopercibe mujer\u201d y busca que lo lleven a un penal femenino"},"content":{"rendered":"\n<p><strong>A m\u00e1s de un mes de la desaparici\u00f3n de Cecilia Strzyzowski<\/strong>, los agentes que participan de la investigaci\u00f3n <strong>intentan determinar si hubo un crimen en la casa de la familia Sena<\/strong>\u00a0que habr\u00eda terminado con la vida de la joven. Por lo que e<strong>ntre los principales acusados se encuentran<\/strong>\u00a0<strong>su esposo, C\u00e9sar<\/strong>, junto con sus padres Emerenciano Sena y Marcela Acu\u00f1a.<\/p>\n\n\n\n<p>As\u00ed es que\u00a0<strong>la familia y otras personas que trabajaban con ellos est\u00e1n detenidos<\/strong>, a la vez que cuentan con representantes legales porque fueron\u00a0<strong>citados a declarar por la desaparici\u00f3n de Cecilia Strzyzowski<\/strong>. Hasta el momento,\u00a0<strong>el \u00fanico que no rompi\u00f3 el silencio fue C\u00e9sar Sena<\/strong>, su esposo, quien habr\u00eda tomado una contundente decisi\u00f3n con su abogado para evitar ser imputado por la figura de femicidio.<\/p>\n\n\n\n<p>Seg\u00fan trascendi\u00f3,<strong>\u00a0el representante legal del joven de 19 a\u00f1os, Ricardo Osuna, manifest\u00f3 que su cliente se autopercibe mujer<\/strong>\u00a0y pidi\u00f3 su traslado a un penal femenino. Cabe mencionar que\u00a0<strong>C\u00e9sar Sena est\u00e1 acusado de homicidio agravado y de esta forma intentan eludir la cadena perpetua<\/strong>\u00a0que podr\u00edan darle por las pruebas que encontraron y que apuntan a un posible crimen.<\/p>\n\n\n\n<figure class=\"wp-block-image size-full\"><img loading=\"lazy\" decoding=\"async\" width=\"972\" height=\"592\" src=\"https:\/\/elfederalmendoza.com\/wp-content\/uploads\/2023\/07\/cecilia.jpg\" alt=\"\" class=\"wp-image-24849\" srcset=\"https:\/\/elfederalmendoza.com.ar\/wp-content\/uploads\/2023\/07\/cecilia.jpg 972w, https:\/\/elfederalmendoza.com.ar\/wp-content\/uploads\/2023\/07\/cecilia-300x183.jpg 300w, https:\/\/elfederalmendoza.com.ar\/wp-content\/uploads\/2023\/07\/cecilia-768x468.jpg 768w\" sizes=\"auto, (max-width: 972px) 100vw, 972px\" \/><\/figure>\n\n\n\n<p>De esta manera,<strong>&nbsp;la mam\u00e1 de Cecilia Strzyzowski rompi\u00f3 el silencio sobre la t\u00e1ctica judicial de C\u00e9sar Sena&nbsp;<\/strong>luego de ser consultada al respecto. Desde el momento en que desapareci\u00f3 su hija el 1\u00ba de junio, no dud\u00f3 en hablar con la prensa para lograr visibilizar lo que suced\u00eda en la provincia de Chaco.<\/p>\n\n\n\n<h2 class=\"wp-block-heading\">La palabra de la mam\u00e1 de Cecilia Strzyzowski sobre el giro legal de C\u00e9sar Sena<\/h2>\n\n\n\n<p><strong>\u201cEs una t\u00e1ctica, la mayor\u00eda de los violadores y femicidas hacen eso\u201d, comenz\u00f3 Gloria<\/strong>, la mam\u00e1 de la joven desaparecida y remarc\u00f3: \u201cSon psic\u00f3patas y cobardes. \u201cEllos funcionan bien cuando tienen cuatro personas atr\u00e1s que los respalde. Pero un mano a mano no se la bancan, es as\u00ed\u201d, explic\u00f3.<\/p>\n\n\n\n<p>En esta misma l\u00ednea, agreg\u00f3: \u201cSon muy valientes, pero si fuera tanto, \u00bfahora se percibe como mujer?\u201d. \u201cVictimizarse es el comportamiento natural de este tipo de personas, manipuladoras. Se hacen las v\u00edctimas\u201d, concluy\u00f3 al respecto.<\/p>\n\n\n\n<p>Fuente: Radio Mitre<\/p>\n","protected":false},"excerpt":{"rendered":"<p>A m\u00e1s de un mes de la desaparici\u00f3n de Cecilia Strzyzowski, los agentes que participan de la investigaci\u00f3n intentan determinar si hubo un crimen en la casa de la familia Sena\u00a0que habr\u00eda terminado con la vida de la joven. Por lo que entre los principales acusados se encuentran\u00a0su esposo, C\u00e9sar, junto con sus padres Emerenciano<a class=\"read-more\" href=\"https:\/\/elfederalmendoza.com.ar\/index.php\/2023\/07\/05\/caso-cecilia-strzyzowski-cesar-sena-se-autopercibe-mujer-y-busca-que-lo-lleven-a-un-penal-femenino\/\"> [&hellip;]<\/a><\/p>\n","protected":false},"author":2,"featured_media":24850,"comment_status":"open","ping_status":"open","sticky":false,"template":"","format":"standard","meta":{"footnotes":""},"categories":[5618],"tags":[],"class_list":["post-24847","post","type-post","status-publish","format-standard","has-post-thumbnail","hentry","category-arg"],"rttpg_featured_image_url":{"full":["https:\/\/elfederalmendoza.com.ar\/wp-content\/uploads\/2023\/07\/cesar-sena.jpg",861,646,false],"landscape":["https:\/\/elfederalmendoza.com.ar\/wp-content\/uploads\/2023\/07\/cesar-sena.jpg",861,646,false],"portraits":["https:\/\/elfederalmendoza.com.ar\/wp-content\/uploads\/2023\/07\/cesar-sena.jpg",861,646,false],"thumbnail":["https:\/\/elfederalmendoza.com.ar\/wp-content\/uploads\/2023\/07\/cesar-sena-150x150.jpg",150,150,true],"medium":["https:\/\/elfederalmendoza.com.ar\/wp-content\/uploads\/2023\/07\/cesar-sena-300x225.jpg",300,225,true],"large":["https:\/\/elfederalmendoza.com.ar\/wp-content\/uploads\/2023\/07\/cesar-sena.jpg",640,480,false],"1536x1536":["https:\/\/elfederalmendoza.com.ar\/wp-content\/uploads\/2023\/07\/cesar-sena.jpg",861,646,false],"2048x2048":["https:\/\/elfederalmendoza.com.ar\/wp-content\/uploads\/2023\/07\/cesar-sena.jpg",861,646,false],"ultp_layout_landscape_large":["https:\/\/elfederalmendoza.com.ar\/wp-content\/uploads\/2023\/07\/cesar-sena.jpg",861,646,false],"ultp_layout_landscape":["https:\/\/elfederalmendoza.com.ar\/wp-content\/uploads\/2023\/07\/cesar-sena-861x570.jpg",861,570,true],"ultp_layout_portrait":["https:\/\/elfederalmendoza.com.ar\/wp-content\/uploads\/2023\/07\/cesar-sena-600x646.jpg",600,646,true],"ultp_layout_square":["https:\/\/elfederalmendoza.com.ar\/wp-content\/uploads\/2023\/07\/cesar-sena-600x600.jpg",600,600,true],"rpwe-thumbnail":["https:\/\/elfederalmendoza.com.ar\/wp-content\/uploads\/2023\/07\/cesar-sena-45x45.jpg",45,45,true],"advps-thumb-one":["https:\/\/elfederalmendoza.com.ar\/wp-content\/uploads\/2023\/07\/cesar-sena-861x420.jpg",861,420,true]},"rttpg_author":{"display_name":"Redacci\u00f3n El Federal","author_link":"https:\/\/elfederalmendoza.com.ar\/index.php\/author\/angelflores\/"},"rttpg_comment":0,"rttpg_category":"<a href=\"https:\/\/elfederalmendoza.com.ar\/index.php\/category\/arg\/\" rel=\"category tag\">Argentina<\/a>","rttpg_excerpt":"A m\u00e1s de un mes de la desaparici\u00f3n de Cecilia Strzyzowski, los agentes que participan de la investigaci\u00f3n intentan determinar si hubo un crimen en la casa de la familia Sena\u00a0que habr\u00eda terminado con la vida de la joven. Por lo que entre los principales acusados se encuentran\u00a0su esposo, C\u00e9sar, junto con sus padres Emerenciano&hellip;","_links":{"self":[{"href":"https:\/\/elfederalmendoza.com.ar\/index.php\/wp-json\/wp\/v2\/posts\/24847","targetHints":{"allow":["GET"]}}],"collection":[{"href":"https:\/\/elfederalmendoza.com.ar\/index.php\/wp-json\/wp\/v2\/posts"}],"about":[{"href":"https:\/\/elfederalmendoza.com.ar\/index.php\/wp-json\/wp\/v2\/types\/post"}],"author":[{"embeddable":true,"href":"https:\/\/elfederalmendoza.com.ar\/index.php\/wp-json\/wp\/v2\/users\/2"}],"replies":[{"embeddable":true,"href":"https:\/\/elfederalmendoza.com.ar\/index.php\/wp-json\/wp\/v2\/comments?post=24847"}],"version-history":[{"count":1,"href":"https:\/\/elfederalmendoza.com.ar\/index.php\/wp-json\/wp\/v2\/posts\/24847\/revisions"}],"predecessor-version":[{"id":24851,"href":"https:\/\/elfederalmendoza.com.ar\/index.php\/wp-json\/wp\/v2\/posts\/24847\/revisions\/24851"}],"wp:featuredmedia":[{"embeddable":true,"href":"https:\/\/elfederalmendoza.com.ar\/index.php\/wp-json\/wp\/v2\/media\/24850"}],"wp:attachment":[{"href":"https:\/\/elfederalmendoza.com.ar\/index.php\/wp-json\/wp\/v2\/media?parent=24847"}],"wp:term":[{"taxonomy":"category","embeddable":true,"href":"https:\/\/elfederalmendoza.com.ar\/index.php\/wp-json\/wp\/v2\/categories?post=24847"},{"taxonomy":"post_tag","embeddable":true,"href":"https:\/\/elfederalmendoza.com.ar\/index.php\/wp-json\/wp\/v2\/tags?post=24847"}],"curies":[{"name":"wp","href":"https:\/\/api.w.org\/{rel}","templated":true}]}}