{"id":24854,"date":"2023-07-05T07:29:00","date_gmt":"2023-07-05T10:29:00","guid":{"rendered":"https:\/\/elfederalmendoza.com\/?p=24854"},"modified":"2023-07-05T09:31:15","modified_gmt":"2023-07-05T12:31:15","slug":"presentan-un-proyecto-en-mendoza-para-que-los-monopatines-electricos-paguen-seguro-y-los-conductores-usen-casco","status":"publish","type":"post","link":"https:\/\/elfederalmendoza.com.ar\/index.php\/2023\/07\/05\/presentan-un-proyecto-en-mendoza-para-que-los-monopatines-electricos-paguen-seguro-y-los-conductores-usen-casco\/","title":{"rendered":"Presentan un proyecto en Mendoza para que los monopatines el\u00e9ctricos paguen seguro y los conductores usen casco"},"content":{"rendered":"\n<p>Un proyecto de ley que ingres\u00f3 a la Legislatura busca regular el uso del&nbsp;<strong>monopat\u00edn el\u00e9ctrico<\/strong>, un medio de movilidad sustentable que gana cada vez m\u00e1s presencia en las calles mendocinas.<\/p>\n\n\n\n<p>Ideales para recorrer distancias cortas, se trata de una alternativa de transporte pr\u00e1ctica que permite desplazarse en horas pico con mayor soltura a trav\u00e9s del tr\u00e1fico. Ahora, una iniciativa presentada por el senador provincial Pedro Serra (Frente de Todos) intenta&nbsp;<strong>ordenar el uso de estos aparatos de propulsi\u00f3n el\u00e9ctrica.<\/strong>&nbsp;En concreto, se propone establecer la obligatoriedad del uso de casco y de la contrataci\u00f3n de un seguro para circular en monopat\u00edn el\u00e9ctrico.<\/p>\n\n\n\n<p><em>\u201cEl monopat\u00edn el\u00e9ctrico est\u00e1 ganando protagonismo en las ciudades, y ha dejado de verse por parte de los consumidores como un juguete para ser considerado ahora como un medio de transporte alternativo\u201d<\/em>, destac\u00f3 el legislador justicialista en los considerandos de su proyecto.&nbsp;<em>\u201cAl no existir regulaci\u00f3n ni v\u00edas espec\u00edficas de circulaci\u00f3n, utilizan veredas, plazas, bicisendas, etc. circulando entre transe\u00fantes y poniendo en riesgo la integridad f\u00edsica de terceros y propia\u201d<\/em>, agreg\u00f3.<\/p>\n\n\n\n<p>En la iniciativa se destaca que estudios europeos indican que los factores que m\u00e1s influyen en un accidente mortal en monopat\u00edn son conducir sin casco (40%), las imprudencias cometidas por otros veh\u00edculos (20%) y circular por v\u00edas interurbanas (20%).<\/p>\n\n\n\n<p><em>\u201cSe torna indispensable comenzar a legislar sobre la tem\u00e1tica expuesta, es el esp\u00edritu de esta norma no prohibir, sino cumplir con los m\u00ednimos requisitos de seguridad para proteger a todo ciudadano, sea peat\u00f3n o conductor; y hacerlo con alcance a nivel provincial\u201d,<\/em>&nbsp;explic\u00f3 Serra.<\/p>\n\n\n\n<p>Su proyecto busca modificar art\u00edculos de la ley provincial de tr\u00e1nsito (9.024). As\u00ed las cosas, se plantea que los monopatines el\u00e9ctricos&nbsp;<em>\u201cdeben estar cubiertos por un seguro\u201d&nbsp;<\/em>y que el conductor de este tipo de dispositivo de movilidad personal transite con&nbsp;<em>\u201cDocumento Nacional de Identidad y credencial de circulaci\u00f3n, f\u00edsica o digital, otorgada por la compa\u00f1\u00eda de seguro\u201d<\/em>.<\/p>\n\n\n\n<p>Otro art\u00edculo proh\u00edbe la circulaci\u00f3n en monopat\u00edn el\u00e9ctrico\u00a0<em>\u201csin casco homologado; luces identificativas y chaleco refractario\u201d.<\/em><\/p>\n\n\n\n<p><em>Fuente: El Sol<\/em><\/p>\n","protected":false},"excerpt":{"rendered":"<p>Un proyecto de ley que ingres\u00f3 a la Legislatura busca regular el uso del&nbsp;monopat\u00edn el\u00e9ctrico, un medio de movilidad sustentable que gana cada vez m\u00e1s presencia en las calles mendocinas. Ideales para recorrer distancias cortas, se trata de una alternativa de transporte pr\u00e1ctica que permite desplazarse en horas pico con mayor soltura a trav\u00e9s del<a class=\"read-more\" href=\"https:\/\/elfederalmendoza.com.ar\/index.php\/2023\/07\/05\/presentan-un-proyecto-en-mendoza-para-que-los-monopatines-electricos-paguen-seguro-y-los-conductores-usen-casco\/\"> [&hellip;]<\/a><\/p>\n","protected":false},"author":2,"featured_media":24856,"comment_status":"open","ping_status":"open","sticky":false,"template":"","format":"standard","meta":{"footnotes":""},"categories":[1],"tags":[],"class_list":["post-24854","post","type-post","status-publish","format-standard","has-post-thumbnail","hentry","category-mza"],"rttpg_featured_image_url":{"full":["https:\/\/elfederalmendoza.com.ar\/wp-content\/uploads\/2023\/07\/JC5I6ZWWJ5FXJP5TO34SIYAZP4.jpg",1920,1282,false],"landscape":["https:\/\/elfederalmendoza.com.ar\/wp-content\/uploads\/2023\/07\/JC5I6ZWWJ5FXJP5TO34SIYAZP4.jpg",1920,1282,false],"portraits":["https:\/\/elfederalmendoza.com.ar\/wp-content\/uploads\/2023\/07\/JC5I6ZWWJ5FXJP5TO34SIYAZP4.jpg",1920,1282,false],"thumbnail":["https:\/\/elfederalmendoza.com.ar\/wp-content\/uploads\/2023\/07\/JC5I6ZWWJ5FXJP5TO34SIYAZP4-150x150.jpg",150,150,true],"medium":["https:\/\/elfederalmendoza.com.ar\/wp-content\/uploads\/2023\/07\/JC5I6ZWWJ5FXJP5TO34SIYAZP4-300x200.jpg",300,200,true],"large":["https:\/\/elfederalmendoza.com.ar\/wp-content\/uploads\/2023\/07\/JC5I6ZWWJ5FXJP5TO34SIYAZP4-1024x684.jpg",640,428,true],"1536x1536":["https:\/\/elfederalmendoza.com.ar\/wp-content\/uploads\/2023\/07\/JC5I6ZWWJ5FXJP5TO34SIYAZP4-1536x1026.jpg",1536,1026,true],"2048x2048":["https:\/\/elfederalmendoza.com.ar\/wp-content\/uploads\/2023\/07\/JC5I6ZWWJ5FXJP5TO34SIYAZP4.jpg",1920,1282,false],"ultp_layout_landscape_large":["https:\/\/elfederalmendoza.com.ar\/wp-content\/uploads\/2023\/07\/JC5I6ZWWJ5FXJP5TO34SIYAZP4-1200x800.jpg",1200,800,true],"ultp_layout_landscape":["https:\/\/elfederalmendoza.com.ar\/wp-content\/uploads\/2023\/07\/JC5I6ZWWJ5FXJP5TO34SIYAZP4-870x570.jpg",870,570,true],"ultp_layout_portrait":["https:\/\/elfederalmendoza.com.ar\/wp-content\/uploads\/2023\/07\/JC5I6ZWWJ5FXJP5TO34SIYAZP4-600x900.jpg",600,900,true],"ultp_layout_square":["https:\/\/elfederalmendoza.com.ar\/wp-content\/uploads\/2023\/07\/JC5I6ZWWJ5FXJP5TO34SIYAZP4-600x600.jpg",600,600,true],"rpwe-thumbnail":["https:\/\/elfederalmendoza.com.ar\/wp-content\/uploads\/2023\/07\/JC5I6ZWWJ5FXJP5TO34SIYAZP4-45x45.jpg",45,45,true],"advps-thumb-one":["https:\/\/elfederalmendoza.com.ar\/wp-content\/uploads\/2023\/07\/JC5I6ZWWJ5FXJP5TO34SIYAZP4-1200x420.jpg",1200,420,true]},"rttpg_author":{"display_name":"Redacci\u00f3n El Federal","author_link":"https:\/\/elfederalmendoza.com.ar\/index.php\/author\/angelflores\/"},"rttpg_comment":0,"rttpg_category":"<a href=\"https:\/\/elfederalmendoza.com.ar\/index.php\/category\/mza\/\" rel=\"category tag\">Mendoza<\/a>","rttpg_excerpt":"Un proyecto de ley que ingres\u00f3 a la Legislatura busca regular el uso del&nbsp;monopat\u00edn el\u00e9ctrico, un medio de movilidad sustentable que gana cada vez m\u00e1s presencia en las calles mendocinas. Ideales para recorrer distancias cortas, se trata de una alternativa de transporte pr\u00e1ctica que permite desplazarse en horas pico con mayor soltura a trav\u00e9s del&hellip;","_links":{"self":[{"href":"https:\/\/elfederalmendoza.com.ar\/index.php\/wp-json\/wp\/v2\/posts\/24854","targetHints":{"allow":["GET"]}}],"collection":[{"href":"https:\/\/elfederalmendoza.com.ar\/index.php\/wp-json\/wp\/v2\/posts"}],"about":[{"href":"https:\/\/elfederalmendoza.com.ar\/index.php\/wp-json\/wp\/v2\/types\/post"}],"author":[{"embeddable":true,"href":"https:\/\/elfederalmendoza.com.ar\/index.php\/wp-json\/wp\/v2\/users\/2"}],"replies":[{"embeddable":true,"href":"https:\/\/elfederalmendoza.com.ar\/index.php\/wp-json\/wp\/v2\/comments?post=24854"}],"version-history":[{"count":1,"href":"https:\/\/elfederalmendoza.com.ar\/index.php\/wp-json\/wp\/v2\/posts\/24854\/revisions"}],"predecessor-version":[{"id":24857,"href":"https:\/\/elfederalmendoza.com.ar\/index.php\/wp-json\/wp\/v2\/posts\/24854\/revisions\/24857"}],"wp:featuredmedia":[{"embeddable":true,"href":"https:\/\/elfederalmendoza.com.ar\/index.php\/wp-json\/wp\/v2\/media\/24856"}],"wp:attachment":[{"href":"https:\/\/elfederalmendoza.com.ar\/index.php\/wp-json\/wp\/v2\/media?parent=24854"}],"wp:term":[{"taxonomy":"category","embeddable":true,"href":"https:\/\/elfederalmendoza.com.ar\/index.php\/wp-json\/wp\/v2\/categories?post=24854"},{"taxonomy":"post_tag","embeddable":true,"href":"https:\/\/elfederalmendoza.com.ar\/index.php\/wp-json\/wp\/v2\/tags?post=24854"}],"curies":[{"name":"wp","href":"https:\/\/api.w.org\/{rel}","templated":true}]}}