{"id":24860,"date":"2023-07-05T06:34:00","date_gmt":"2023-07-05T09:34:00","guid":{"rendered":"https:\/\/elfederalmendoza.com\/?p=24860"},"modified":"2023-07-05T09:35:30","modified_gmt":"2023-07-05T12:35:30","slug":"el-pizzero-mendocino-que-la-rompe-en-tik-tok-inicio-una-campana-solidaria-intercambia-pizza-por-ropa-de-abrigo","status":"publish","type":"post","link":"https:\/\/elfederalmendoza.com.ar\/index.php\/2023\/07\/05\/el-pizzero-mendocino-que-la-rompe-en-tik-tok-inicio-una-campana-solidaria-intercambia-pizza-por-ropa-de-abrigo\/","title":{"rendered":"El pizzero mendocino que la rompe en Tik Tok inici\u00f3 una campa\u00f1a solidaria: intercambia pizza por ropa de abrigo"},"content":{"rendered":"\n<p>A pesar de que las bajas temperaturas a\u00fan no se hacen sentir, hay muchos mendocinos en estado de vulnerabilidad que necesitan un abrigo para protegerse del fr\u00edo de las noches. A partir de esa situaci\u00f3n, Juan Jos\u00e9 Tur,&nbsp;<mark>conocido como el pizzero tiktokero<\/mark>, lanz\u00f3&nbsp;<mark>una campa\u00f1a solidaria en la que intercambia pizzas por ropa de invierno<\/mark>.<\/p>\n\n\n\n<p><mark>La iniciativa comenz\u00f3 el lunes y se extender\u00e1 hasta el viernes\u00a0<\/mark>en el local llamado Coronel Rodr\u00edguez, ubicado en la calle Jorge A. Calle de la Sexta Secci\u00f3n de Ciudad.\u00a0<mark>Los mendocinos que est\u00e9n interesados en intercambiar una prenda por una muzzarella\u00a0podr\u00e1n hacerlo de 12.15 a 15.<\/mark><\/p>\n\n\n\n<p><em>\u201cAyer (lunes) dimos en total 100 pizzas y hoy otro tanto, estamos muy agradecidos con la gente que se sum\u00f3\u201d,<\/em>&nbsp;expres\u00f3 a&nbsp;<em>El Sol<\/em>&nbsp;el due\u00f1o del comercio. Tur es una celebridad en la red social de videos cortos: en<a href=\"https:\/\/www.tiktok.com\/pizzascoronelrodriguez\"><strong>&nbsp;TikTok<\/strong><\/a>&nbsp;tiene m\u00e1s de 32 mil seguidores con sus preparaciones a la masa.<\/p>\n\n\n\n<p>Precisamente, fue all\u00ed en donde sus espectadores le sugirieron al pizzero que encabezara la colecta. Sin embargo, Tur y sus 22 empleados tuvieron que analizar la log\u00edstica de la operaci\u00f3n y los costos de la materia prima para llevarla a cabo.<\/p>\n\n\n\n<p>\u201c<em>Entre la materia prima, condimentos, m\u00e1s la caja y otros contenidos nos sale $1500. Por eso tambi\u00e9n creamos un ALIAS para quienes quieran colaborar con lo que puedan y que nos ayuden a ayudar<\/em>\u201c, expres\u00f3 el pizzero.<\/p>\n\n\n\n<p>En tanto que el valor de la pizza que venden cada d\u00eda es de $2.700. Es por eso que muchos mendocinos decidieron regalar sus abrigos a cambio de esa comida. Aquellos que deseen donar dinero podr\u00e1n hacerlo envi\u00e1ndolo al alias pizzasolidaria.<\/p>\n\n\n\n<h2 class=\"wp-block-heading\" id=\"h-a-quienes-les-entregara-la-ropa\"><strong>A qui\u00e9nes les entregar\u00e1 la ropa<\/strong><\/h2>\n\n\n\n<p>Hasta el momento,\u00a0<mark>los abrigos ser\u00e1n donados a dos escuelas rurales<\/mark>, una ubicada en La Paz y la otra en Lavalle,\u00a0<mark>y a dos comedores de Las Heras<\/mark>. \u201c<em>El fin de semana las chicas\u00a0<\/em>-se refiere a sus empleadas-<em>\u00a0se van a tener que poner a organizar todo y yo les har\u00e9 un asado a cambio<\/em>\u201c, manifest\u00f3 Juan.<\/p>\n\n\n\n<p>Sin embargo,\u00a0<mark>algunos mendocinos en situaci\u00f3n de calle se enteraron lo que estaba haciendo y fueron a pedirle ropa<\/mark>. \u201c<em>Vino un ni\u00f1o a pedirme una campera para su mam\u00e1 que no ten\u00eda y me parti\u00f3 el alma. As\u00ed que le buscamos la m\u00e1s linda<\/em>\u201c, sostuvo el maestro pizzero.<\/p>\n\n\n\n<p>En ese sentido, Tur expres\u00f3 que llevan dos d\u00edas recolectando vestimentas de invierno y desde entonces,<mark>&nbsp;se han acercado al lugar cerca de 6 personas a pedirles ropa<\/mark>.<\/p>\n\n\n\n<h2 class=\"wp-block-heading\">El pizzero que es furor en TikTok<\/h2>\n\n\n\n<p>Hace un tiempo este medio se contact\u00f3 con Juan por la fama que hab\u00eda cosechado en la red social TikTok. All\u00ed&nbsp;<mark>comparte sus secretos para lograr una de las mejores pizzas de Mendoza, seg\u00fan revel\u00f3.<\/mark><\/p>\n\n\n\n<p>En total son 37 videos los que ha subido y muestra el paso a paso de sus recetas. Lo hizo incentivado por sus empleados, quienes lo filman, mientras hace sus especialidades. \u201cMe rejuvenecen\u201d, se\u00f1al\u00f3 Juan.<\/p>\n\n\n\n<p>Hace tres a\u00f1os abri\u00f3 el local en la calle Jorge A. Calle de la Sexta Secci\u00f3n. Desde ese entonces, contrat\u00f3 a 22 j\u00f3venes que lo ayudan en la cocina. Sin embargo, prefiere amasar \u00e9l mismo entre 150 y 180 pizzas y preparar los panes para lomos.<\/p>\n\n\n\n<p><em>Fuente: El Sol<\/em><\/p>\n","protected":false},"excerpt":{"rendered":"<p>A pesar de que las bajas temperaturas a\u00fan no se hacen sentir, hay muchos mendocinos en estado de vulnerabilidad que necesitan un abrigo para protegerse del fr\u00edo de las noches. A partir de esa situaci\u00f3n, Juan Jos\u00e9 Tur,&nbsp;conocido como el pizzero tiktokero, lanz\u00f3&nbsp;una campa\u00f1a solidaria en la que intercambia pizzas por ropa de invierno. La<a class=\"read-more\" href=\"https:\/\/elfederalmendoza.com.ar\/index.php\/2023\/07\/05\/el-pizzero-mendocino-que-la-rompe-en-tik-tok-inicio-una-campana-solidaria-intercambia-pizza-por-ropa-de-abrigo\/\"> [&hellip;]<\/a><\/p>\n","protected":false},"author":2,"featured_media":24862,"comment_status":"open","ping_status":"open","sticky":false,"template":"","format":"standard","meta":{"footnotes":""},"categories":[1],"tags":[],"class_list":["post-24860","post","type-post","status-publish","format-standard","has-post-thumbnail","hentry","category-mza"],"rttpg_featured_image_url":{"full":["https:\/\/elfederalmendoza.com.ar\/wp-content\/uploads\/2023\/07\/Pizzero-solidario-3.webp",1024,764,false],"landscape":["https:\/\/elfederalmendoza.com.ar\/wp-content\/uploads\/2023\/07\/Pizzero-solidario-3.webp",1024,764,false],"portraits":["https:\/\/elfederalmendoza.com.ar\/wp-content\/uploads\/2023\/07\/Pizzero-solidario-3.webp",1024,764,false],"thumbnail":["https:\/\/elfederalmendoza.com.ar\/wp-content\/uploads\/2023\/07\/Pizzero-solidario-3-150x150.webp",150,150,true],"medium":["https:\/\/elfederalmendoza.com.ar\/wp-content\/uploads\/2023\/07\/Pizzero-solidario-3-300x224.webp",300,224,true],"large":["https:\/\/elfederalmendoza.com.ar\/wp-content\/uploads\/2023\/07\/Pizzero-solidario-3.webp",640,478,false],"1536x1536":["https:\/\/elfederalmendoza.com.ar\/wp-content\/uploads\/2023\/07\/Pizzero-solidario-3.webp",1024,764,false],"2048x2048":["https:\/\/elfederalmendoza.com.ar\/wp-content\/uploads\/2023\/07\/Pizzero-solidario-3.webp",1024,764,false],"ultp_layout_landscape_large":["https:\/\/elfederalmendoza.com.ar\/wp-content\/uploads\/2023\/07\/Pizzero-solidario-3.webp",1024,764,false],"ultp_layout_landscape":["https:\/\/elfederalmendoza.com.ar\/wp-content\/uploads\/2023\/07\/Pizzero-solidario-3-870x570.webp",870,570,true],"ultp_layout_portrait":["https:\/\/elfederalmendoza.com.ar\/wp-content\/uploads\/2023\/07\/Pizzero-solidario-3-600x764.webp",600,764,true],"ultp_layout_square":["https:\/\/elfederalmendoza.com.ar\/wp-content\/uploads\/2023\/07\/Pizzero-solidario-3-600x600.webp",600,600,true],"rpwe-thumbnail":["https:\/\/elfederalmendoza.com.ar\/wp-content\/uploads\/2023\/07\/Pizzero-solidario-3-45x45.webp",45,45,true],"advps-thumb-one":["https:\/\/elfederalmendoza.com.ar\/wp-content\/uploads\/2023\/07\/Pizzero-solidario-3-1024x420.webp",1024,420,true]},"rttpg_author":{"display_name":"Redacci\u00f3n El Federal","author_link":"https:\/\/elfederalmendoza.com.ar\/index.php\/author\/angelflores\/"},"rttpg_comment":0,"rttpg_category":"<a href=\"https:\/\/elfederalmendoza.com.ar\/index.php\/category\/mza\/\" rel=\"category tag\">Mendoza<\/a>","rttpg_excerpt":"A pesar de que las bajas temperaturas a\u00fan no se hacen sentir, hay muchos mendocinos en estado de vulnerabilidad que necesitan un abrigo para protegerse del fr\u00edo de las noches. A partir de esa situaci\u00f3n, Juan Jos\u00e9 Tur,&nbsp;conocido como el pizzero tiktokero, lanz\u00f3&nbsp;una campa\u00f1a solidaria en la que intercambia pizzas por ropa de invierno. La&hellip;","_links":{"self":[{"href":"https:\/\/elfederalmendoza.com.ar\/index.php\/wp-json\/wp\/v2\/posts\/24860","targetHints":{"allow":["GET"]}}],"collection":[{"href":"https:\/\/elfederalmendoza.com.ar\/index.php\/wp-json\/wp\/v2\/posts"}],"about":[{"href":"https:\/\/elfederalmendoza.com.ar\/index.php\/wp-json\/wp\/v2\/types\/post"}],"author":[{"embeddable":true,"href":"https:\/\/elfederalmendoza.com.ar\/index.php\/wp-json\/wp\/v2\/users\/2"}],"replies":[{"embeddable":true,"href":"https:\/\/elfederalmendoza.com.ar\/index.php\/wp-json\/wp\/v2\/comments?post=24860"}],"version-history":[{"count":1,"href":"https:\/\/elfederalmendoza.com.ar\/index.php\/wp-json\/wp\/v2\/posts\/24860\/revisions"}],"predecessor-version":[{"id":24863,"href":"https:\/\/elfederalmendoza.com.ar\/index.php\/wp-json\/wp\/v2\/posts\/24860\/revisions\/24863"}],"wp:featuredmedia":[{"embeddable":true,"href":"https:\/\/elfederalmendoza.com.ar\/index.php\/wp-json\/wp\/v2\/media\/24862"}],"wp:attachment":[{"href":"https:\/\/elfederalmendoza.com.ar\/index.php\/wp-json\/wp\/v2\/media?parent=24860"}],"wp:term":[{"taxonomy":"category","embeddable":true,"href":"https:\/\/elfederalmendoza.com.ar\/index.php\/wp-json\/wp\/v2\/categories?post=24860"},{"taxonomy":"post_tag","embeddable":true,"href":"https:\/\/elfederalmendoza.com.ar\/index.php\/wp-json\/wp\/v2\/tags?post=24860"}],"curies":[{"name":"wp","href":"https:\/\/api.w.org\/{rel}","templated":true}]}}