{"id":24866,"date":"2023-07-06T09:51:06","date_gmt":"2023-07-06T12:51:06","guid":{"rendered":"https:\/\/elfederalmendoza.com\/?p=24866"},"modified":"2023-07-06T09:53:39","modified_gmt":"2023-07-06T12:53:39","slug":"se-le-quedo-su-auto-a-la-altura-del-acceso-sur-y-araoz-y-le-robaron-a-punta-de-pistola-mientras-esperaba-al-auxilio-mecanico","status":"publish","type":"post","link":"https:\/\/elfederalmendoza.com.ar\/index.php\/2023\/07\/06\/se-le-quedo-su-auto-a-la-altura-del-acceso-sur-y-araoz-y-le-robaron-a-punta-de-pistola-mientras-esperaba-al-auxilio-mecanico\/","title":{"rendered":"Se le qued\u00f3 su auto a la altura del Acceso Sur y Ar\u00e1oz y le robaron a punta de pistola mientras esperaba al auxilio mec\u00e1nico"},"content":{"rendered":"\n<p>Aproximadamente a las 20.30 del mi\u00e9rcoles una mujer de 27 a\u00f1os manejaba su Clio en direcci\u00f3n al sur a la altura del Acceso Sur y Ar\u00e1oz cuando su auto present\u00f3 un desperfecto dej\u00e1ndola varada a un lado de la ruta. Mientras esperaba que le brindaran asistencia t\u00e9cnica fue\u00a0<strong>atacada<\/strong>\u00a0por dos \u201cmotochorros\u201d a punta de\u00a0<strong>pistola<\/strong>.<\/p>\n\n\n\n<p>En una moto 150 cc marca Zanella con patente A000CAR circulaban Oscar Cristian Villalobos &#8211; de 19 a\u00f1os &#8211; y Maximiliano Pereyra Casanova &#8211; de 37 &#8211; quien ten\u00eda una orden de captura desde abril de este a\u00f1o, ambos delincuentes tienen domicilio en Luj\u00e1n de Cuyo.&nbsp;<\/p>\n\n\n\n<p>Al ver el auto quieto y desprotegido lo atracaron utilizando dos armas de fuego y rob\u00e1ndole a la v\u00edctima un celular, su billetera y una mochila. Sin embargo, minutos despu\u00e9s la mujer fue asistida por personal policial que patrullaba la zona y al entrevistarla recopilan suficiente informaci\u00f3n para salir en b\u00fasqueda de los malhechores.<\/p>\n\n\n\n<p>Fue as\u00ed que emprenden una b\u00fasqueda y persecuci\u00f3n dando con los posibles sospechosos momentos despu\u00e9s. Al realizarles una requisa encuentran los elementos que hab\u00edan sido sustra\u00eddos y dos armas de fuego que se encontraban cargadas: una pistola marca Bersa calibre 9 mm, con el n\u00famero de f\u00e1brica limado y un rev\u00f3lver marca Smith Wesson calibre 38.<\/p>\n","protected":false},"excerpt":{"rendered":"<p>Aproximadamente a las 20.30 del mi\u00e9rcoles una mujer de 27 a\u00f1os manejaba su Clio en direcci\u00f3n al sur a la altura del Acceso Sur y Ar\u00e1oz cuando su auto present\u00f3 un desperfecto dej\u00e1ndola varada a un lado de la ruta. Mientras esperaba que le brindaran asistencia t\u00e9cnica fue\u00a0atacada\u00a0por dos \u201cmotochorros\u201d a punta de\u00a0pistola. En una<a class=\"read-more\" href=\"https:\/\/elfederalmendoza.com.ar\/index.php\/2023\/07\/06\/se-le-quedo-su-auto-a-la-altura-del-acceso-sur-y-araoz-y-le-robaron-a-punta-de-pistola-mientras-esperaba-al-auxilio-mecanico\/\"> [&hellip;]<\/a><\/p>\n","protected":false},"author":2,"featured_media":24868,"comment_status":"open","ping_status":"open","sticky":false,"template":"","format":"standard","meta":{"footnotes":""},"categories":[1],"tags":[],"class_list":["post-24866","post","type-post","status-publish","format-standard","has-post-thumbnail","hentry","category-mza"],"rttpg_featured_image_url":{"full":["https:\/\/elfederalmendoza.com.ar\/wp-content\/uploads\/2023\/07\/WhatsApp-Image-2023-07-06-at-09.50.43-1.jpeg",780,542,false],"landscape":["https:\/\/elfederalmendoza.com.ar\/wp-content\/uploads\/2023\/07\/WhatsApp-Image-2023-07-06-at-09.50.43-1.jpeg",780,542,false],"portraits":["https:\/\/elfederalmendoza.com.ar\/wp-content\/uploads\/2023\/07\/WhatsApp-Image-2023-07-06-at-09.50.43-1.jpeg",780,542,false],"thumbnail":["https:\/\/elfederalmendoza.com.ar\/wp-content\/uploads\/2023\/07\/WhatsApp-Image-2023-07-06-at-09.50.43-1-150x150.jpeg",150,150,true],"medium":["https:\/\/elfederalmendoza.com.ar\/wp-content\/uploads\/2023\/07\/WhatsApp-Image-2023-07-06-at-09.50.43-1-300x208.jpeg",300,208,true],"large":["https:\/\/elfederalmendoza.com.ar\/wp-content\/uploads\/2023\/07\/WhatsApp-Image-2023-07-06-at-09.50.43-1.jpeg",640,445,false],"1536x1536":["https:\/\/elfederalmendoza.com.ar\/wp-content\/uploads\/2023\/07\/WhatsApp-Image-2023-07-06-at-09.50.43-1.jpeg",780,542,false],"2048x2048":["https:\/\/elfederalmendoza.com.ar\/wp-content\/uploads\/2023\/07\/WhatsApp-Image-2023-07-06-at-09.50.43-1.jpeg",780,542,false],"ultp_layout_landscape_large":["https:\/\/elfederalmendoza.com.ar\/wp-content\/uploads\/2023\/07\/WhatsApp-Image-2023-07-06-at-09.50.43-1.jpeg",780,542,false],"ultp_layout_landscape":["https:\/\/elfederalmendoza.com.ar\/wp-content\/uploads\/2023\/07\/WhatsApp-Image-2023-07-06-at-09.50.43-1.jpeg",780,542,false],"ultp_layout_portrait":["https:\/\/elfederalmendoza.com.ar\/wp-content\/uploads\/2023\/07\/WhatsApp-Image-2023-07-06-at-09.50.43-1-600x542.jpeg",600,542,true],"ultp_layout_square":["https:\/\/elfederalmendoza.com.ar\/wp-content\/uploads\/2023\/07\/WhatsApp-Image-2023-07-06-at-09.50.43-1-600x542.jpeg",600,542,true],"rpwe-thumbnail":["https:\/\/elfederalmendoza.com.ar\/wp-content\/uploads\/2023\/07\/WhatsApp-Image-2023-07-06-at-09.50.43-1-45x45.jpeg",45,45,true],"advps-thumb-one":["https:\/\/elfederalmendoza.com.ar\/wp-content\/uploads\/2023\/07\/WhatsApp-Image-2023-07-06-at-09.50.43-1-780x420.jpeg",780,420,true]},"rttpg_author":{"display_name":"Redacci\u00f3n El Federal","author_link":"https:\/\/elfederalmendoza.com.ar\/index.php\/author\/angelflores\/"},"rttpg_comment":0,"rttpg_category":"<a href=\"https:\/\/elfederalmendoza.com.ar\/index.php\/category\/mza\/\" rel=\"category tag\">Mendoza<\/a>","rttpg_excerpt":"Aproximadamente a las 20.30 del mi\u00e9rcoles una mujer de 27 a\u00f1os manejaba su Clio en direcci\u00f3n al sur a la altura del Acceso Sur y Ar\u00e1oz cuando su auto present\u00f3 un desperfecto dej\u00e1ndola varada a un lado de la ruta. Mientras esperaba que le brindaran asistencia t\u00e9cnica fue\u00a0atacada\u00a0por dos \u201cmotochorros\u201d a punta de\u00a0pistola. En una&hellip;","_links":{"self":[{"href":"https:\/\/elfederalmendoza.com.ar\/index.php\/wp-json\/wp\/v2\/posts\/24866","targetHints":{"allow":["GET"]}}],"collection":[{"href":"https:\/\/elfederalmendoza.com.ar\/index.php\/wp-json\/wp\/v2\/posts"}],"about":[{"href":"https:\/\/elfederalmendoza.com.ar\/index.php\/wp-json\/wp\/v2\/types\/post"}],"author":[{"embeddable":true,"href":"https:\/\/elfederalmendoza.com.ar\/index.php\/wp-json\/wp\/v2\/users\/2"}],"replies":[{"embeddable":true,"href":"https:\/\/elfederalmendoza.com.ar\/index.php\/wp-json\/wp\/v2\/comments?post=24866"}],"version-history":[{"count":1,"href":"https:\/\/elfederalmendoza.com.ar\/index.php\/wp-json\/wp\/v2\/posts\/24866\/revisions"}],"predecessor-version":[{"id":24869,"href":"https:\/\/elfederalmendoza.com.ar\/index.php\/wp-json\/wp\/v2\/posts\/24866\/revisions\/24869"}],"wp:featuredmedia":[{"embeddable":true,"href":"https:\/\/elfederalmendoza.com.ar\/index.php\/wp-json\/wp\/v2\/media\/24868"}],"wp:attachment":[{"href":"https:\/\/elfederalmendoza.com.ar\/index.php\/wp-json\/wp\/v2\/media?parent=24866"}],"wp:term":[{"taxonomy":"category","embeddable":true,"href":"https:\/\/elfederalmendoza.com.ar\/index.php\/wp-json\/wp\/v2\/categories?post=24866"},{"taxonomy":"post_tag","embeddable":true,"href":"https:\/\/elfederalmendoza.com.ar\/index.php\/wp-json\/wp\/v2\/tags?post=24866"}],"curies":[{"name":"wp","href":"https:\/\/api.w.org\/{rel}","templated":true}]}}