{"id":24878,"date":"2023-07-05T10:01:00","date_gmt":"2023-07-05T13:01:00","guid":{"rendered":"https:\/\/elfederalmendoza.com\/?p=24878"},"modified":"2023-07-06T10:09:57","modified_gmt":"2023-07-06T13:09:57","slug":"videos-jey-mammon-demando-a-angel-de-brito-por-8-millones-de-dolares","status":"publish","type":"post","link":"https:\/\/elfederalmendoza.com.ar\/index.php\/2023\/07\/05\/videos-jey-mammon-demando-a-angel-de-brito-por-8-millones-de-dolares\/","title":{"rendered":"-VIDEOS- Jey Mamm\u00f3n demand\u00f3 a \u00c1ngel De Brito por 8 millones de d\u00f3lares"},"content":{"rendered":"\n<p>En LAM la angelita Yanina Latorre revel\u00f3 la suma que el humorista le pide al conductor para limpiar su imagen.<\/p>\n\n\n\n<p><strong>Angel de Brito\u00a0<\/strong>dio su opini\u00f3n respecto a la entrevista de tuvo\u00a0<strong>Jey Mamm\u00f3n\u00a0<\/strong>en\u00a0<strong>Intrusos\u00a0<\/strong>la tarde del mi\u00e9rcoles. En\u00a0<strong>LAM<\/strong>,\u00a0el conductor, adem\u00e1s habl\u00f3 de la demanda\u00a0que el humorista le hizo, y a ella se le sum\u00f3\u00a0<strong>Yanina Latorre<\/strong>, quien se encuentra en la misma situaci\u00f3n, solo que ella no recibi\u00f3 dicha notificaci\u00f3n.<\/p>\n\n\n\n<p>\u00ab\u00bfQuiere accionar?, que accione<strong>. El llam\u00f3 a mediaci\u00f3n a muchas personas, algunas fueron notificadas, otras no\u00bb<\/strong>, coment\u00f3 \u00c1ngel de Brito en el programa luego de que pasaran el tape de\u00a0Jey Mamm\u00f3n y el cruce que tuvo con\u00a0<strong>Pampito\u00a0<\/strong>y<strong>\u00a0Laura Ubfal.\u00a0<\/strong><\/p>\n\n\n\n<figure class=\"wp-block-embed is-type-video is-provider-youtube wp-block-embed-youtube wp-embed-aspect-16-9 wp-has-aspect-ratio\"><div class=\"wp-block-embed__wrapper\">\n<iframe loading=\"lazy\" title=\"El fuerte cruce de Jey Mammon con Pampito y Laura Ubfal\" width=\"640\" height=\"360\" src=\"https:\/\/www.youtube.com\/embed\/8z_1X3M3zCo?feature=oembed\" frameborder=\"0\" allow=\"accelerometer; autoplay; clipboard-write; encrypted-media; gyroscope; picture-in-picture; web-share\" referrerpolicy=\"strict-origin-when-cross-origin\" allowfullscreen><\/iframe>\n<\/div><\/figure>\n\n\n\n<p>Al mismo tiempo,&nbsp;<strong>Yanina Latorre&nbsp;<\/strong>dijo que no le lleg\u00f3 ninguna carta:&nbsp;<strong>\u00abMe hubiera gustado que fueras a la mediaci\u00f3n&nbsp;y no fuiste.&nbsp;<\/strong>Yo recibo todas las cartas&nbsp;documento\u00bb. Adem\u00e1s, la angelita agreg\u00f3: \u00ab<strong>Obviamente que ir\u00eda a la mediaci\u00f3n, y no me retractar\u00eda de nada y tambi\u00e9n le dir\u00eda que opin\u00e9 e hice mi trabajo\u00bb<\/strong>, cerr\u00f3 la panelista.<\/p>\n\n\n\n<h2 class=\"wp-block-heading\">Por cuanto es la demanda de Jey Mamm\u00f3n a \u00c1ngel de Brito<\/h2>\n\n\n\n<p>El humorista\u00a0decidi\u00f3 iniciar acciones legales a\u00a0<strong>Lucas Benvenuto<\/strong>\u00a0y el conductor\u00a0<strong>\u00c1ngel de Brito,<\/strong>\u00a0junto a otros colegas del medio. Durante la tarde del mi\u00e9rcoles, se estuvo divulgando la cifra millonaria por la que\u00a0<strong>Jey Mamm\u00f3n.<\/strong><\/p>\n\n\n\n<p>El humorista demanda al conductor de\u00a0<strong>LAM\u00a0<\/strong>por 8 millones de d\u00f3lares. La cifra la arrojo\u00a0<strong>Yanina Latorre e<\/strong>n el programa mientras se segu\u00eda hablando de la entrevista de\u00a0<strong>Jey Mamm\u00f3n<\/strong>\u00a0en\u00a0<strong>Intrusos<\/strong>, junto con el feroz cruce que tuvo con dos de los panelista.<\/p>\n\n\n\n<figure class=\"wp-block-embed is-type-video is-provider-youtube wp-block-embed-youtube wp-embed-aspect-16-9 wp-has-aspect-ratio\"><div class=\"wp-block-embed__wrapper\">\n<iframe loading=\"lazy\" title=\"Las REPERCUSIONES del CRUCE entre JEY MAMM\u00d3N, LAURA UBFAL Y PAMPITO\" width=\"640\" height=\"360\" src=\"https:\/\/www.youtube.com\/embed\/uGc9fEnwQg8?feature=oembed\" frameborder=\"0\" allow=\"accelerometer; autoplay; clipboard-write; encrypted-media; gyroscope; picture-in-picture; web-share\" referrerpolicy=\"strict-origin-when-cross-origin\" allowfullscreen><\/iframe>\n<\/div><\/figure>\n\n\n\n<p>J.M<\/p>\n","protected":false},"excerpt":{"rendered":"<p>En LAM la angelita Yanina Latorre revel\u00f3 la suma que el humorista le pide al conductor para limpiar su imagen. Angel de Brito\u00a0dio su opini\u00f3n respecto a la entrevista de tuvo\u00a0Jey Mamm\u00f3n\u00a0en\u00a0Intrusos\u00a0la tarde del mi\u00e9rcoles. En\u00a0LAM,\u00a0el conductor, adem\u00e1s habl\u00f3 de la demanda\u00a0que el humorista le hizo, y a ella se le sum\u00f3\u00a0Yanina Latorre, quien se<a class=\"read-more\" href=\"https:\/\/elfederalmendoza.com.ar\/index.php\/2023\/07\/05\/videos-jey-mammon-demando-a-angel-de-brito-por-8-millones-de-dolares\/\"> [&hellip;]<\/a><\/p>\n","protected":false},"author":2,"featured_media":24887,"comment_status":"open","ping_status":"open","sticky":false,"template":"","format":"standard","meta":{"footnotes":""},"categories":[5618],"tags":[],"class_list":["post-24878","post","type-post","status-publish","format-standard","has-post-thumbnail","hentry","category-arg"],"rttpg_featured_image_url":{"full":["https:\/\/elfederalmendoza.com.ar\/wp-content\/uploads\/2023\/07\/JEY.jpg",982,545,false],"landscape":["https:\/\/elfederalmendoza.com.ar\/wp-content\/uploads\/2023\/07\/JEY.jpg",982,545,false],"portraits":["https:\/\/elfederalmendoza.com.ar\/wp-content\/uploads\/2023\/07\/JEY.jpg",982,545,false],"thumbnail":["https:\/\/elfederalmendoza.com.ar\/wp-content\/uploads\/2023\/07\/JEY-150x150.jpg",150,150,true],"medium":["https:\/\/elfederalmendoza.com.ar\/wp-content\/uploads\/2023\/07\/JEY-300x166.jpg",300,166,true],"large":["https:\/\/elfederalmendoza.com.ar\/wp-content\/uploads\/2023\/07\/JEY.jpg",640,355,false],"1536x1536":["https:\/\/elfederalmendoza.com.ar\/wp-content\/uploads\/2023\/07\/JEY.jpg",982,545,false],"2048x2048":["https:\/\/elfederalmendoza.com.ar\/wp-content\/uploads\/2023\/07\/JEY.jpg",982,545,false],"ultp_layout_landscape_large":["https:\/\/elfederalmendoza.com.ar\/wp-content\/uploads\/2023\/07\/JEY.jpg",982,545,false],"ultp_layout_landscape":["https:\/\/elfederalmendoza.com.ar\/wp-content\/uploads\/2023\/07\/JEY-870x545.jpg",870,545,true],"ultp_layout_portrait":["https:\/\/elfederalmendoza.com.ar\/wp-content\/uploads\/2023\/07\/JEY-600x545.jpg",600,545,true],"ultp_layout_square":["https:\/\/elfederalmendoza.com.ar\/wp-content\/uploads\/2023\/07\/JEY-600x545.jpg",600,545,true],"rpwe-thumbnail":["https:\/\/elfederalmendoza.com.ar\/wp-content\/uploads\/2023\/07\/JEY-45x45.jpg",45,45,true],"advps-thumb-one":["https:\/\/elfederalmendoza.com.ar\/wp-content\/uploads\/2023\/07\/JEY-982x420.jpg",982,420,true]},"rttpg_author":{"display_name":"Redacci\u00f3n El Federal","author_link":"https:\/\/elfederalmendoza.com.ar\/index.php\/author\/angelflores\/"},"rttpg_comment":0,"rttpg_category":"<a href=\"https:\/\/elfederalmendoza.com.ar\/index.php\/category\/arg\/\" rel=\"category tag\">Argentina<\/a>","rttpg_excerpt":"En LAM la angelita Yanina Latorre revel\u00f3 la suma que el humorista le pide al conductor para limpiar su imagen. Angel de Brito\u00a0dio su opini\u00f3n respecto a la entrevista de tuvo\u00a0Jey Mamm\u00f3n\u00a0en\u00a0Intrusos\u00a0la tarde del mi\u00e9rcoles. En\u00a0LAM,\u00a0el conductor, adem\u00e1s habl\u00f3 de la demanda\u00a0que el humorista le hizo, y a ella se le sum\u00f3\u00a0Yanina Latorre, quien se&hellip;","_links":{"self":[{"href":"https:\/\/elfederalmendoza.com.ar\/index.php\/wp-json\/wp\/v2\/posts\/24878","targetHints":{"allow":["GET"]}}],"collection":[{"href":"https:\/\/elfederalmendoza.com.ar\/index.php\/wp-json\/wp\/v2\/posts"}],"about":[{"href":"https:\/\/elfederalmendoza.com.ar\/index.php\/wp-json\/wp\/v2\/types\/post"}],"author":[{"embeddable":true,"href":"https:\/\/elfederalmendoza.com.ar\/index.php\/wp-json\/wp\/v2\/users\/2"}],"replies":[{"embeddable":true,"href":"https:\/\/elfederalmendoza.com.ar\/index.php\/wp-json\/wp\/v2\/comments?post=24878"}],"version-history":[{"count":1,"href":"https:\/\/elfederalmendoza.com.ar\/index.php\/wp-json\/wp\/v2\/posts\/24878\/revisions"}],"predecessor-version":[{"id":24888,"href":"https:\/\/elfederalmendoza.com.ar\/index.php\/wp-json\/wp\/v2\/posts\/24878\/revisions\/24888"}],"wp:featuredmedia":[{"embeddable":true,"href":"https:\/\/elfederalmendoza.com.ar\/index.php\/wp-json\/wp\/v2\/media\/24887"}],"wp:attachment":[{"href":"https:\/\/elfederalmendoza.com.ar\/index.php\/wp-json\/wp\/v2\/media?parent=24878"}],"wp:term":[{"taxonomy":"category","embeddable":true,"href":"https:\/\/elfederalmendoza.com.ar\/index.php\/wp-json\/wp\/v2\/categories?post=24878"},{"taxonomy":"post_tag","embeddable":true,"href":"https:\/\/elfederalmendoza.com.ar\/index.php\/wp-json\/wp\/v2\/tags?post=24878"}],"curies":[{"name":"wp","href":"https:\/\/api.w.org\/{rel}","templated":true}]}}