{"id":24881,"date":"2023-07-06T10:08:48","date_gmt":"2023-07-06T13:08:48","guid":{"rendered":"https:\/\/elfederalmendoza.com\/?p=24881"},"modified":"2023-07-06T10:08:48","modified_gmt":"2023-07-06T13:08:48","slug":"familiares-de-las-victimas-del-incendio-en-las-heras-piden-ayuda-a-los-mendocinos","status":"publish","type":"post","link":"https:\/\/elfederalmendoza.com.ar\/index.php\/2023\/07\/06\/familiares-de-las-victimas-del-incendio-en-las-heras-piden-ayuda-a-los-mendocinos\/","title":{"rendered":"Familiares de las v\u00edctimas del incendio en Las Heras piden ayuda a los mendocinos"},"content":{"rendered":"\n<p>La comunidad de<strong>&nbsp;Las Heras<\/strong>&nbsp;est\u00e1 de luto, luego del fat\u00eddico<strong>&nbsp;incendio<\/strong>&nbsp;que se cobr\u00f3 la vida de un hombre de 31 a\u00f1os y de su hijo de 12. &nbsp;La madre y sus hijas quedaron internadas en el Hospital Carrillo, fuera de peligro y ser\u00e1n dadas de alta muy pronto. Sin embargo, su vivienda qued\u00f3 envuelta en cenizas y sus familiares piden ayuda a los mendocinos para ayudarlos.<\/p>\n\n\n\n<p><mark>El fuego se origin\u00f3\u00a0<\/mark>en una casa del\u00a0<strong>barrio Santa Teresita<\/strong>\u00a0de\u00a0<strong>Las Heras<\/strong>.\u00a0<mark>En la habitaci\u00f3n de los ni\u00f1os<\/mark>\u00a0hab\u00eda una estufa el\u00e9ctrica que cay\u00f3 sobre el colch\u00f3n y las llamas comenzaron a arrasar con el lugar.<\/p>\n\n\n\n<p>La v\u00edctima identificada como<strong>\u00a0Juan Espinosa<\/strong>\u00a0intent\u00f3 rescatar a su familia. Sin embargo, el humo le afect\u00f3 los pulmones y perdi\u00f3 la vida, pese al intento de los vecinos por rescatarlo. El mismo destino corri\u00f3 su hijo<mark>\u00a0Joaqu\u00edn Espinoza, quien falleci\u00f3 y lo encontraron envuelto en una s\u00e1bana<\/mark>.<\/p>\n\n\n\n<p>La madre de las criaturas, identificada como\u00a0<strong>Cinthia Bel\u00e9n Maldonado<\/strong>\u00a0(28), quien no sufri\u00f3 lesiones de consideraci\u00f3n, junto con sus hijas de 10, 7 y 5 a\u00f1os, fueron internadas en el Hospital Carrillo. Sin embargo, quedaron con lo puesto y necesitan ayuda.<\/p>\n\n\n\n<p><em>\u201cEst\u00e1n bien, en observaci\u00f3n, ma\u00f1ana les dar\u00edan el alta y ella (Cinthia) nos dir\u00e1 bien qu\u00e9 fue lo que pas\u00f3\u201d<\/em>, revel\u00f3 su hermano consternado.<\/p>\n\n\n\n<p>Su hermano\u00a0<strong>David<\/strong>\u00a0es quien encabeza la colecta y solicit\u00f3 ropa para las menores, zapatillas, colchones, frazadas, s\u00e1banas, almohadas. Adem\u00e1s, art\u00edculos escolares para las ni\u00f1as, ya que fue el lugar donde dorm\u00edan los chicos donde comenz\u00f3 el incendio.<\/p>\n\n\n\n<p>Asimismo, solicit\u00f3 alimentos no perecederos debido a que las llamas y los posteriores trabajos de los vecinos y los Bomberos destruyeron todo lo que hab\u00eda.<\/p>\n\n\n\n<p>\u201c<em>Est\u00e1 todo negro, no se puede ver nada. As\u00ed que a\u00fan no podemos saber si necesitamos materiales de construcci\u00f3n o no<\/em>\u201c, expres\u00f3 el hombre.<\/p>\n\n\n\n<p>Los mendocinos que est\u00e9n en condiciones de ayudar, pueden comunicarse al celular\u00a0<mark>2613050171<\/mark>.<\/p>\n\n\n<div class=\"wp-block-image\">\n<figure class=\"aligncenter size-full\"><img loading=\"lazy\" decoding=\"async\" width=\"646\" height=\"1024\" src=\"https:\/\/elfederalmendoza.com\/wp-content\/uploads\/2023\/07\/image-1.png\" alt=\"\" class=\"wp-image-24882\" srcset=\"https:\/\/elfederalmendoza.com.ar\/wp-content\/uploads\/2023\/07\/image-1.png 646w, https:\/\/elfederalmendoza.com.ar\/wp-content\/uploads\/2023\/07\/image-1-189x300.png 189w\" sizes=\"auto, (max-width: 646px) 100vw, 646px\" \/><\/figure><\/div>\n\n\n<p>La cuenta de Mercado Pago est\u00e1 a nombre de Carlos David Espinoza Urey. Aquellos que deseen donar dinero podr\u00e1n hacerlo enviandolo al CBU: 0000003100061517916097. Alias:\u00a0<mark>alfil.clave.danza.mp<\/mark><\/p>\n","protected":false},"excerpt":{"rendered":"<p>La comunidad de&nbsp;Las Heras&nbsp;est\u00e1 de luto, luego del fat\u00eddico&nbsp;incendio&nbsp;que se cobr\u00f3 la vida de un hombre de 31 a\u00f1os y de su hijo de 12. &nbsp;La madre y sus hijas quedaron internadas en el Hospital Carrillo, fuera de peligro y ser\u00e1n dadas de alta muy pronto. Sin embargo, su vivienda qued\u00f3 envuelta en cenizas y<a class=\"read-more\" href=\"https:\/\/elfederalmendoza.com.ar\/index.php\/2023\/07\/06\/familiares-de-las-victimas-del-incendio-en-las-heras-piden-ayuda-a-los-mendocinos\/\"> [&hellip;]<\/a><\/p>\n","protected":false},"author":2,"featured_media":24837,"comment_status":"open","ping_status":"open","sticky":false,"template":"","format":"standard","meta":{"footnotes":""},"categories":[1],"tags":[],"class_list":["post-24881","post","type-post","status-publish","format-standard","has-post-thumbnail","hentry","category-mza"],"rttpg_featured_image_url":{"full":["https:\/\/elfederalmendoza.com.ar\/wp-content\/uploads\/2023\/07\/incendio-santa-teresita-1jpg.webp",1200,675,false],"landscape":["https:\/\/elfederalmendoza.com.ar\/wp-content\/uploads\/2023\/07\/incendio-santa-teresita-1jpg.webp",1200,675,false],"portraits":["https:\/\/elfederalmendoza.com.ar\/wp-content\/uploads\/2023\/07\/incendio-santa-teresita-1jpg.webp",1200,675,false],"thumbnail":["https:\/\/elfederalmendoza.com.ar\/wp-content\/uploads\/2023\/07\/incendio-santa-teresita-1jpg-150x150.webp",150,150,true],"medium":["https:\/\/elfederalmendoza.com.ar\/wp-content\/uploads\/2023\/07\/incendio-santa-teresita-1jpg-300x169.webp",300,169,true],"large":["https:\/\/elfederalmendoza.com.ar\/wp-content\/uploads\/2023\/07\/incendio-santa-teresita-1jpg-1024x576.webp",640,360,true],"1536x1536":["https:\/\/elfederalmendoza.com.ar\/wp-content\/uploads\/2023\/07\/incendio-santa-teresita-1jpg.webp",1200,675,false],"2048x2048":["https:\/\/elfederalmendoza.com.ar\/wp-content\/uploads\/2023\/07\/incendio-santa-teresita-1jpg.webp",1200,675,false],"ultp_layout_landscape_large":["https:\/\/elfederalmendoza.com.ar\/wp-content\/uploads\/2023\/07\/incendio-santa-teresita-1jpg.webp",1200,675,false],"ultp_layout_landscape":["https:\/\/elfederalmendoza.com.ar\/wp-content\/uploads\/2023\/07\/incendio-santa-teresita-1jpg-870x570.webp",870,570,true],"ultp_layout_portrait":["https:\/\/elfederalmendoza.com.ar\/wp-content\/uploads\/2023\/07\/incendio-santa-teresita-1jpg-600x675.webp",600,675,true],"ultp_layout_square":["https:\/\/elfederalmendoza.com.ar\/wp-content\/uploads\/2023\/07\/incendio-santa-teresita-1jpg-600x600.webp",600,600,true],"rpwe-thumbnail":["https:\/\/elfederalmendoza.com.ar\/wp-content\/uploads\/2023\/07\/incendio-santa-teresita-1jpg-45x45.webp",45,45,true],"advps-thumb-one":["https:\/\/elfederalmendoza.com.ar\/wp-content\/uploads\/2023\/07\/incendio-santa-teresita-1jpg-1200x420.webp",1200,420,true]},"rttpg_author":{"display_name":"Redacci\u00f3n El Federal","author_link":"https:\/\/elfederalmendoza.com.ar\/index.php\/author\/angelflores\/"},"rttpg_comment":0,"rttpg_category":"<a href=\"https:\/\/elfederalmendoza.com.ar\/index.php\/category\/mza\/\" rel=\"category tag\">Mendoza<\/a>","rttpg_excerpt":"La comunidad de&nbsp;Las Heras&nbsp;est\u00e1 de luto, luego del fat\u00eddico&nbsp;incendio&nbsp;que se cobr\u00f3 la vida de un hombre de 31 a\u00f1os y de su hijo de 12. &nbsp;La madre y sus hijas quedaron internadas en el Hospital Carrillo, fuera de peligro y ser\u00e1n dadas de alta muy pronto. Sin embargo, su vivienda qued\u00f3 envuelta en cenizas y&hellip;","_links":{"self":[{"href":"https:\/\/elfederalmendoza.com.ar\/index.php\/wp-json\/wp\/v2\/posts\/24881","targetHints":{"allow":["GET"]}}],"collection":[{"href":"https:\/\/elfederalmendoza.com.ar\/index.php\/wp-json\/wp\/v2\/posts"}],"about":[{"href":"https:\/\/elfederalmendoza.com.ar\/index.php\/wp-json\/wp\/v2\/types\/post"}],"author":[{"embeddable":true,"href":"https:\/\/elfederalmendoza.com.ar\/index.php\/wp-json\/wp\/v2\/users\/2"}],"replies":[{"embeddable":true,"href":"https:\/\/elfederalmendoza.com.ar\/index.php\/wp-json\/wp\/v2\/comments?post=24881"}],"version-history":[{"count":1,"href":"https:\/\/elfederalmendoza.com.ar\/index.php\/wp-json\/wp\/v2\/posts\/24881\/revisions"}],"predecessor-version":[{"id":24884,"href":"https:\/\/elfederalmendoza.com.ar\/index.php\/wp-json\/wp\/v2\/posts\/24881\/revisions\/24884"}],"wp:featuredmedia":[{"embeddable":true,"href":"https:\/\/elfederalmendoza.com.ar\/index.php\/wp-json\/wp\/v2\/media\/24837"}],"wp:attachment":[{"href":"https:\/\/elfederalmendoza.com.ar\/index.php\/wp-json\/wp\/v2\/media?parent=24881"}],"wp:term":[{"taxonomy":"category","embeddable":true,"href":"https:\/\/elfederalmendoza.com.ar\/index.php\/wp-json\/wp\/v2\/categories?post=24881"},{"taxonomy":"post_tag","embeddable":true,"href":"https:\/\/elfederalmendoza.com.ar\/index.php\/wp-json\/wp\/v2\/tags?post=24881"}],"curies":[{"name":"wp","href":"https:\/\/api.w.org\/{rel}","templated":true}]}}