{"id":24891,"date":"2023-07-06T10:49:48","date_gmt":"2023-07-06T13:49:48","guid":{"rendered":"https:\/\/elfederalmendoza.com\/?p=24891"},"modified":"2023-07-06T10:49:49","modified_gmt":"2023-07-06T13:49:49","slug":"dinero-y-bienes-los-motivos-del-empresario-para-matar-a-su-hermano-y-luego-suicidarse-en-guaymallen","status":"publish","type":"post","link":"https:\/\/elfederalmendoza.com.ar\/index.php\/2023\/07\/06\/dinero-y-bienes-los-motivos-del-empresario-para-matar-a-su-hermano-y-luego-suicidarse-en-guaymallen\/","title":{"rendered":"Dinero y bienes, los motivos del empresario para matar a su hermano y luego suicidarse en Guaymall\u00e9n"},"content":{"rendered":"\n<p>El&nbsp;<strong>asesinato seguido de suicidio&nbsp;<\/strong>ocurrido en la tarde de este mi\u00e9rcoles en un<strong>&nbsp;negocio de Guaymall\u00e9n<\/strong>&nbsp;conmocion\u00f3 a los familiares, por supuesto, pero a gran parte de la sociedad mendocina tambi\u00e9n. Porque eran dos&nbsp;<strong>hermanos y socios<\/strong>&nbsp;que ten\u00edan juntos varias actividades comerciales y una casa de repuestos&nbsp;&nbsp;<strong>termin\u00f3 siendo escena de una tragedia familia<\/strong>. Pero hac\u00eda&nbsp;<strong>varios a\u00f1os que ellos estar\u00edan enemistados&nbsp;<\/strong>por&nbsp;<strong>dinero<\/strong>. Este habr\u00eda sido el motivo por el cual es mayor de ellos mat\u00f3 al otro de un balazo y luego se suicid\u00f3.<\/p>\n\n\n\n<p><strong>Manuel Mart\u00edn, de 61 a\u00f1os<\/strong>, lleg\u00f3 a la casa de venta de respuestos nuevos y usados<strong>&nbsp;M&amp;M&nbsp;<\/strong>que ten\u00eda con su<strong>&nbsp;hermano Marcelo Mart\u00edn<\/strong>, de 58. La misma est\u00e1 ubicada en el Carril Godoy Cruz 4.360. Hab\u00edan pasado las 14 y en el lugar estaba el menor de los hermanos.<\/p>\n\n\n\n<figure class=\"wp-block-image size-full is-resized\"><img loading=\"lazy\" decoding=\"async\" src=\"https:\/\/elfederalmendoza.com\/wp-content\/uploads\/2023\/07\/manuel-martin.jpg\" alt=\"\" class=\"wp-image-24894\" width=\"834\" height=\"470\" srcset=\"https:\/\/elfederalmendoza.com.ar\/wp-content\/uploads\/2023\/07\/manuel-martin.jpg 809w, https:\/\/elfederalmendoza.com.ar\/wp-content\/uploads\/2023\/07\/manuel-martin-300x169.jpg 300w, https:\/\/elfederalmendoza.com.ar\/wp-content\/uploads\/2023\/07\/manuel-martin-768x433.jpg 768w\" sizes=\"auto, (max-width: 834px) 100vw, 834px\" \/><figcaption class=\"wp-element-caption\">Manuel Mart\u00edn fue hallado en el ba\u00f1o con un disparo en la sien<\/figcaption><\/figure>\n\n\n\n<p>El mayor ingres\u00f3 decidido: habr\u00eda sacado un revolver y le habr\u00eda dispar\u00f3 a su hermano. El proyectil dio en el cuello. <strong>Luego, habr\u00eda intentado matar a su sobrino<\/strong>, pero logr\u00f3 escaparse y pedir ayuda. La tr\u00e1gica secuencia termin\u00f3 con Manuel dirigi\u00e9ndose hacia el ba\u00f1o, empu\u00f1ando el arma, poniendo el ca\u00f1o en su sien derecha y apretando el gatillo. Fue su fin y el de Marcelo Mart\u00edn.\u00a0\u00a0<\/p>\n\n\n\n<p>Las primeras investigaciones apuntan a&nbsp;<strong>diferencias econ\u00f3micas&nbsp;<\/strong>como el m\u00f3vil detr\u00e1s de esta tragedia familiar. Testigos, que tambi\u00e9n eran empleados del establecimiento relataron que las discusiones y desacuerdos entre los hermanos ven\u00edan arrastr\u00e1ndose desde hace tiempo en relaci\u00f3n a la divisi\u00f3n de la sociedad y los problemas financieros que atravesaba el negocio.<\/p>\n\n\n\n<p>Las cartas documentos cruzadas entre ambos se repet\u00edan desde hac\u00eda varios meses,&nbsp;<strong>le cont\u00f3 al POST una familiar de los hermanos&nbsp;<\/strong>. No se pon\u00edan de acuerdo a la divisi\u00f3n de M&amp;M y otros negocios que ten\u00edan en com\u00fan, sobre todo en las sumas.<\/p>\n\n\n\n<p>De acuerdo con allegados a los fallecidos, las disputas por el futuro de la empresa, que fue heredada del padre de ambos, se habr\u00edan intensificado en los \u00faltimos meses. Incluso, los hermanos ten\u00edan programada una&nbsp;<strong>reuni\u00f3n con sus respectivos abogados<\/strong>&nbsp;en este mi\u00e9rcoles para tratar la divisi\u00f3n societaria y la distribuci\u00f3n de los bienes.<\/p>\n\n\n\n<h2 class=\"wp-block-heading\"><strong>El crimen seguido de suicidio<\/strong><\/h2>\n\n\n\n<p>La secuencia de los hechos, seg\u00fan los primeros informes, indica que Manuel subi\u00f3 a la planta alta del comercio para calentar su almuerzo. <strong>Minutos despu\u00e9s, se escucharon los disparos que acabaron con la vida de Marcelo, quien recibi\u00f3 un balazo en el cuello y cay\u00f3 al suelo sin vida. Acto seguido, el agresor se dirigi\u00f3 a un ba\u00f1o cercano a una oficina y se dispar\u00f3 en la cabeza, pereciendo en el acto.<\/strong><\/p>\n\n\n\n<p>Los empleados de M&amp;M, tras escuchar las detonaciones, llamaron de inmediato al servicio de emergencias 911, pero lamentablemente los m\u00e9dicos que acudieron al lugar no pudieron salvar a ninguno de los hermanos.<\/p>\n\n\n\n<p>La fiscal de Homicidios<strong> Claudia R\u00edos<\/strong> se traslad\u00f3 al local orden\u00f3 las primeras declaraciones de testigos, as\u00ed como los peritajes que estuvieron a cargo del equipo de Criminal\u00edstica. Si bien a\u00fan se espera la incorporaci\u00f3n de m\u00e1s pruebas, todo parece indicar que se trat\u00f3 de un caso de homicidio seguido de suicidio, lo que llevar\u00eda a un r\u00e1pido cierre de la causa.<\/p>\n\n\n\n<figure class=\"wp-block-image is-resized\"><img loading=\"lazy\" decoding=\"async\" src=\"https:\/\/www.mendozapost.com\/files\/image\/494\/494353\/64a610c33e2d2_570_868!.jpg?s=ed74a5e3379c0bb4d522130604e3549d&amp;d=1688604870\" alt=\"\" width=\"837\" height=\"1275\"\/><figcaption class=\"wp-element-caption\">Marcelo Mart\u00edn, asesinado por su hermano, ten\u00eda cuatro hijos.<\/figcaption><\/figure>\n\n\n\n<p>Marcelo viv\u00eda en la calle Jorge Newbery, mientras que Manuel resid\u00eda en la zona de Bandera de los Andes, ambos en Guaymall\u00e9n. Se supo que Marcelo ten\u00eda atr\u00e1s a cuatro hijos, dos varones y dos mujeres, mientras que Manuel decidi\u00f3 dejar sin padre a tres hijos.<\/p>\n","protected":false},"excerpt":{"rendered":"<p>El&nbsp;asesinato seguido de suicidio&nbsp;ocurrido en la tarde de este mi\u00e9rcoles en un&nbsp;negocio de Guaymall\u00e9n&nbsp;conmocion\u00f3 a los familiares, por supuesto, pero a gran parte de la sociedad mendocina tambi\u00e9n. Porque eran dos&nbsp;hermanos y socios&nbsp;que ten\u00edan juntos varias actividades comerciales y una casa de repuestos&nbsp;&nbsp;termin\u00f3 siendo escena de una tragedia familia. Pero hac\u00eda&nbsp;varios a\u00f1os que ellos estar\u00edan<a class=\"read-more\" href=\"https:\/\/elfederalmendoza.com.ar\/index.php\/2023\/07\/06\/dinero-y-bienes-los-motivos-del-empresario-para-matar-a-su-hermano-y-luego-suicidarse-en-guaymallen\/\"> [&hellip;]<\/a><\/p>\n","protected":false},"author":2,"featured_media":24893,"comment_status":"open","ping_status":"open","sticky":false,"template":"","format":"standard","meta":{"footnotes":""},"categories":[1],"tags":[],"class_list":["post-24891","post","type-post","status-publish","format-standard","has-post-thumbnail","hentry","category-mza"],"rttpg_featured_image_url":{"full":["https:\/\/elfederalmendoza.com.ar\/wp-content\/uploads\/2023\/07\/mym.jpg",941,536,false],"landscape":["https:\/\/elfederalmendoza.com.ar\/wp-content\/uploads\/2023\/07\/mym.jpg",941,536,false],"portraits":["https:\/\/elfederalmendoza.com.ar\/wp-content\/uploads\/2023\/07\/mym.jpg",941,536,false],"thumbnail":["https:\/\/elfederalmendoza.com.ar\/wp-content\/uploads\/2023\/07\/mym-150x150.jpg",150,150,true],"medium":["https:\/\/elfederalmendoza.com.ar\/wp-content\/uploads\/2023\/07\/mym-300x171.jpg",300,171,true],"large":["https:\/\/elfederalmendoza.com.ar\/wp-content\/uploads\/2023\/07\/mym.jpg",640,365,false],"1536x1536":["https:\/\/elfederalmendoza.com.ar\/wp-content\/uploads\/2023\/07\/mym.jpg",941,536,false],"2048x2048":["https:\/\/elfederalmendoza.com.ar\/wp-content\/uploads\/2023\/07\/mym.jpg",941,536,false],"ultp_layout_landscape_large":["https:\/\/elfederalmendoza.com.ar\/wp-content\/uploads\/2023\/07\/mym.jpg",941,536,false],"ultp_layout_landscape":["https:\/\/elfederalmendoza.com.ar\/wp-content\/uploads\/2023\/07\/mym-870x536.jpg",870,536,true],"ultp_layout_portrait":["https:\/\/elfederalmendoza.com.ar\/wp-content\/uploads\/2023\/07\/mym-600x536.jpg",600,536,true],"ultp_layout_square":["https:\/\/elfederalmendoza.com.ar\/wp-content\/uploads\/2023\/07\/mym-600x536.jpg",600,536,true],"rpwe-thumbnail":["https:\/\/elfederalmendoza.com.ar\/wp-content\/uploads\/2023\/07\/mym-45x45.jpg",45,45,true],"advps-thumb-one":["https:\/\/elfederalmendoza.com.ar\/wp-content\/uploads\/2023\/07\/mym-941x420.jpg",941,420,true]},"rttpg_author":{"display_name":"Redacci\u00f3n El Federal","author_link":"https:\/\/elfederalmendoza.com.ar\/index.php\/author\/angelflores\/"},"rttpg_comment":0,"rttpg_category":"<a href=\"https:\/\/elfederalmendoza.com.ar\/index.php\/category\/mza\/\" rel=\"category tag\">Mendoza<\/a>","rttpg_excerpt":"El&nbsp;asesinato seguido de suicidio&nbsp;ocurrido en la tarde de este mi\u00e9rcoles en un&nbsp;negocio de Guaymall\u00e9n&nbsp;conmocion\u00f3 a los familiares, por supuesto, pero a gran parte de la sociedad mendocina tambi\u00e9n. Porque eran dos&nbsp;hermanos y socios&nbsp;que ten\u00edan juntos varias actividades comerciales y una casa de repuestos&nbsp;&nbsp;termin\u00f3 siendo escena de una tragedia familia. Pero hac\u00eda&nbsp;varios a\u00f1os que ellos estar\u00edan&hellip;","_links":{"self":[{"href":"https:\/\/elfederalmendoza.com.ar\/index.php\/wp-json\/wp\/v2\/posts\/24891","targetHints":{"allow":["GET"]}}],"collection":[{"href":"https:\/\/elfederalmendoza.com.ar\/index.php\/wp-json\/wp\/v2\/posts"}],"about":[{"href":"https:\/\/elfederalmendoza.com.ar\/index.php\/wp-json\/wp\/v2\/types\/post"}],"author":[{"embeddable":true,"href":"https:\/\/elfederalmendoza.com.ar\/index.php\/wp-json\/wp\/v2\/users\/2"}],"replies":[{"embeddable":true,"href":"https:\/\/elfederalmendoza.com.ar\/index.php\/wp-json\/wp\/v2\/comments?post=24891"}],"version-history":[{"count":2,"href":"https:\/\/elfederalmendoza.com.ar\/index.php\/wp-json\/wp\/v2\/posts\/24891\/revisions"}],"predecessor-version":[{"id":24897,"href":"https:\/\/elfederalmendoza.com.ar\/index.php\/wp-json\/wp\/v2\/posts\/24891\/revisions\/24897"}],"wp:featuredmedia":[{"embeddable":true,"href":"https:\/\/elfederalmendoza.com.ar\/index.php\/wp-json\/wp\/v2\/media\/24893"}],"wp:attachment":[{"href":"https:\/\/elfederalmendoza.com.ar\/index.php\/wp-json\/wp\/v2\/media?parent=24891"}],"wp:term":[{"taxonomy":"category","embeddable":true,"href":"https:\/\/elfederalmendoza.com.ar\/index.php\/wp-json\/wp\/v2\/categories?post=24891"},{"taxonomy":"post_tag","embeddable":true,"href":"https:\/\/elfederalmendoza.com.ar\/index.php\/wp-json\/wp\/v2\/tags?post=24891"}],"curies":[{"name":"wp","href":"https:\/\/api.w.org\/{rel}","templated":true}]}}