{"id":24912,"date":"2023-07-07T02:24:00","date_gmt":"2023-07-07T05:24:00","guid":{"rendered":"https:\/\/elfederalmendoza.com\/?p=24912"},"modified":"2023-07-07T09:28:05","modified_gmt":"2023-07-07T12:28:05","slug":"la-justicia-electoral-empezo-a-investigar-a-javier-milei-por-la-denuncia-de-venta-de-candidaturas","status":"publish","type":"post","link":"https:\/\/elfederalmendoza.com.ar\/index.php\/2023\/07\/07\/la-justicia-electoral-empezo-a-investigar-a-javier-milei-por-la-denuncia-de-venta-de-candidaturas\/","title":{"rendered":"La Justicia Electoral empez\u00f3 a investigar a Javier Milei por la denuncia de venta de candidaturas"},"content":{"rendered":"\n<p>En medio de las denuncias contra Javier Milei y los dirigentes de La Libertad Avanza\u00a0por\u00a0la venta de candidaturas a cambio de d\u00f3lares, la Justicia electoral decidi\u00f3 abrir una investigaci\u00f3n preliminar\u00a0para determinar si se cometieron delitos, ante\u00a0la \u00abgravedad institucional\u00bb que generaron los\u00a0testimonios que sostienen que<strong>\u00a0en la alianza libertaria\u00a0pidieron miles de d\u00f3lares a cambio de candidaturas\u00a0<\/strong>a concejales, diputados e intendentes en diferentes localidades\u00a0y provincias de todo el pa\u00eds.<\/p>\n\n\n\n<p>La Justicia investiga&nbsp;la posible venta de candidaturas, aportes irregulares a la campa\u00f1a, enriquecimiento il\u00edcito, d\u00e1divas, cohecho y violaci\u00f3n al derecho a ser elegido, entre otros&nbsp;<strong>posibles delitos cometidos por los dirigentes de&nbsp;La Libertad Avanza<\/strong>, seg\u00fan aseguraron fuentes judiciales a<strong>&nbsp;Clar\u00edn<\/strong>.<\/p>\n\n\n\n<p><strong>El fiscal con competencia electoral Ramiro Gonz\u00e1lez\u00a0<\/strong>abri\u00f3 una investigaci\u00f3n preliminar, para reunir evidencias y \u00abdeterminar si abre una causa que acredite si hubo conductas delictivas\u00bb en el accionar del diputado y candidato presidencial\u00a0Javier Milei, de la alianza electoral La Libertad Avanza y de sus apoderados partidarios, que son Karina Milei, Andrea Juarez, Carlos Kikuchi, Jorge Pauli, Gustavo Cuervo, Javier Zoulemian, Facundo Correa Llano, Mariano Gervan, Mauro Fiaschi, Santiago Oria y Santiago Viola.<\/p>\n\n\n\n<p>En principio, el fiscal&nbsp;Gonz\u00e1lez hab\u00eda citado a cuatro personas para declarar el pr\u00f3ximo martes, pero el exdirigente de La Libertad Avanza,&nbsp;<strong>Carlos Maslat\u00f3n<\/strong>, pidi\u00f3 adelantar su declaraci\u00f3n,&nbsp;por \u00abun viaje\u00bb, seg\u00fan dijo a la Justicia, as\u00ed que concurrir\u00e1 este viernes a las 11 de la ma\u00f1ana.<\/p>\n\n\n\n<p>Las otras tres personas que cit\u00f3 el fiscal a prestar declaraci\u00f3n testimonial son el empresario&nbsp;<strong>Juan Carlos Blumberg<\/strong>, la legisladora porte\u00f1a&nbsp;<strong>Rebeca Fleitas<\/strong>&nbsp;(La Libertad Avanza) y&nbsp;<strong>Mila Zurbriggen<\/strong>, dirigente de la agrupaci\u00f3n La Generaci\u00f3n Libertaria, quienes concurrir\u00e1n el pr\u00f3ximo martes, a partir de las 10 de la ma\u00f1ana.<\/p>\n\n\n\n<p>\u00abEn atenci\u00f3n a la importancia que revista la transparencia de las organizaciones partidarias en sus acciones durante el proceso electoral, se ha tomado conocimiento de los hechos que se reflejan en las publicaciones period\u00edsticas que anteceden relacionados a&nbsp;<strong>denuncias por parte de personas que integran o habr\u00edan integrado la agrupaci\u00f3n pol\u00edtica La Libertad Avanza contra quienes resultan las autoridades partidarias&nbsp;<\/strong>de dicha agrupaci\u00f3n\u00bb, sostuvo la notificaci\u00f3n del fiscal Gonz\u00e1lez a la que tuvo acceso&nbsp;<strong>Clar\u00edn<\/strong>.<\/p>\n\n\n\n<p>Y agreg\u00f3: \u00abPor ello, resultando&nbsp;<strong>cuestiones que revisten gravedad institucional<\/strong>, corresponde que el suscripto, en el marco de las facultades y obligaciones que tiene esta Fiscal\u00eda Federal con competencia Electoral (&#8230;) ordene la formaci\u00f3n de una instrucci\u00f3n preliminar, a fin de determinar si los sucesos recopilados infringen la normativa que regula el proceso electoral\u00bb.<\/p>\n\n\n\n<h2 class=\"wp-block-heading\"><strong>Los&nbsp;testigos<\/strong><\/h2>\n\n\n\n<p>El fiscal Gonz\u00e1lez cit\u00f3 a cuatro testigos para declarar, porque fueron \u00ablos primeros que surgieron del relevamiento que se hizo\u00bb sobre esta causa.&nbsp;<strong>Pero \u00abes muy probable\u00bb que se cite a m\u00e1s personas en los pr\u00f3ximos d\u00edas,<\/strong>&nbsp;a medida que avance la investigaci\u00f3n, dijeron las fuentes judiciales a&nbsp;<strong>Clar\u00edn<\/strong>.<\/p>\n\n\n\n<p>Juan Carlos Blumberg\u00a0es el padre de Axel, quien fue secuestrado y asesinado en 2004. Se alej\u00f3 de La Libertad Avanza hace dos semanas, en el cierre de las listas para las elecciones, luego de hablar en la sede del Partido Dem\u00f3crata -uno de los que integran la alianza-. All\u00ed acus\u00f3 a Sergio Massa de financiar a Milei.<\/p>\n\n\n\n<p>Blumberg plante\u00f3 que el candidato presidencial libertario, su hermana Karina, el apoderado Kikuchi y el armador bonaerense Sebasti\u00e1n Pareja&nbsp;<strong>hab\u00edan transformado la campa\u00f1a en \u00abun negocio\u00bb, por el que ped\u00edan hasta US$ 50.000 por una candidatura a&nbsp;concejal.<\/strong><\/p>\n\n\n\n<p>El abogado liberal Carlos Maslat\u00f3n es analista de mercados financieros. Tambi\u00e9n se fue de La Libertad Avanza, pero el a\u00f1o pasado, luego de decir&nbsp;que Milei no quiso ir a internas, para \u00abpoder pedir plata por las candidaturas\u00bb. Asegur\u00f3 que Milei \u00abdebe haber juntado entre 3 y 10 millones de d\u00f3lares\u00bb con el mecanismo de vender las candidaturas de esa alianza.<\/p>\n\n\n\n<p><strong>\u00abHay operadores que, por orden de Milei, dicen: &#8216;Para estar ac\u00e1 ten\u00e9s que pagar 10, 20, 30, 50 mil d\u00f3lares&#8217;, seg\u00fan la categor\u00eda del cargo.<\/strong>&nbsp;Trataron de hacer un negocio de venta de candidaturas y juntaron un mont\u00f3n de plata\u00bb, asegur\u00f3 Maslat\u00f3n.<\/p>\n\n\n\n<p>Rebeca Fleitas asumi\u00f3 como legisladora porte\u00f1a de La Libertad Avanza en las elecciones parlamentarias de 2021. El a\u00f1o pasado cont\u00f3 que le quisieron hacer firmar una renuncia de su cargo \u00abpor anticipaci\u00f3n\u00bb. Adem\u00e1s,<strong>&nbsp;\u00abme pidieron todos los contratos. Me quer\u00edan nombrar a todo el personal del despacho. Yo no pod\u00eda nombrar a nadie\u00bb<\/strong>, afirm\u00f3 la legisladora libertaria.<\/p>\n\n\n\n<p>Y&nbsp;Mila Zurbriggen era una de las principales dirigentes juveniles de La Libertad Avanza, hasta que a principios de a\u00f1o se fue del espacio denunciando que los lugares en las listas se obten\u00edan por los \u00abaportes financieros\u00bb o por los v\u00ednculos privados con Milei. \u00abEs s\u00f3lo por guita o por sexo\u00bb, advirti\u00f3 en sus redes sociales. Tambi\u00e9n dijo que a los grupos de j\u00f3venes libertarios&nbsp;<strong>se les complicaba invitar a Milei a sus actos \u00abpor los montos que piden y son muchos los d\u00f3lares que solicitan\u00bb<\/strong>.&nbsp;<\/p>\n\n\n\n<p><strong>Milei rechaz\u00f3 todas las acusaciones,<\/strong>\u00a0dijo que \u00abes falso que vendamos las candidaturas\u00bb,\u00a0anunci\u00f3 que\u00a0demandar\u00e1 a Blumberg\u00a0y difundi\u00f3 una larga carta titulada \u201cLos Medios y la Casta\u201d, donde denunci\u00f3 \u201cuna campa\u00f1a de difamaci\u00f3n\u201d en su contra por parte de periodistas y medios.<\/p>\n\n\n\n<p>Pero surgieron nuevos casos, que se agregan a la larga lista de denuncias de ventas de candidaturas y pedido de cargos para \u00abrecomendados\u00bb, para poder integrar las boletas de La Libertad Avanza, que no solo plantearon Blumberg y tres excandidatos a intendentes libertarios, sino que&nbsp;<strong>ya lo hab\u00eda asegurado quien fue este a\u00f1o de candidato a gobernador de Neuqu\u00e9n por La Libertad Avanza, Carlos Egu\u00eda.<\/strong><\/p>\n\n\n\n<p>Esta semana adem\u00e1s se agregaron los casos de<strong>&nbsp;Avellaneda<\/strong>, donde una exdirigente libertaria,<strong>&nbsp;Silvina Soria, asegur\u00f3 a Clar\u00edn que ped\u00edan US$ 60.000 por la candidatura a intendente<\/strong>&nbsp;y que le pidieron a ella que recaude donaciones para la campa\u00f1a, a trav\u00e9s de una fundaci\u00f3n trucha.&nbsp;<strong>De Villa Gesell, donde les pidieron US$ 30.000<\/strong>&nbsp;a Mar\u00eda Laura Montenegro y Julio Kuchinsky&nbsp;<strong>por un cargo de concejal,<\/strong>&nbsp;seg\u00fan public\u00f3 Perfil.<strong>&nbsp;Y&nbsp;de la provincia de Entre R\u00edos,&nbsp;<\/strong>donde la dirigente<strong>&nbsp;<\/strong>Liliana Salinas reconoci\u00f3 a La Naci\u00f3n que&nbsp;<strong>se<\/strong>&nbsp;<strong>les pidi\u00f3 a los candidatos libertarios sumas que variaban entre los US$ 10.000 y US$ 40.000,&nbsp;<\/strong>seg\u00fan el cargo al que pretend\u00edan postularse y que pod\u00eda pagarse en cuotas.<\/p>\n\n\n\n<p>Este jueves, Milei&nbsp;public\u00f3 en su cuenta de Twiter: \u00abBuen d\u00eda. Sigo con ganas de que hablemos de financiamiento de la pol\u00edtica.<strong>&nbsp;\u00bfAlg\u00fan periodista me quiere llamar?\u00bb<\/strong><\/p>\n\n\n\n<p>Sin embargo, cuando&nbsp;<strong>Clar\u00edn consult\u00f3<\/strong>&nbsp;el d\u00eda anterior por el caso de la dirigente entrerriana Liliana Salinas y si iban a hacer algo con eso, las fuentes cercanas a Milei se desligaron del tema y&nbsp;<strong>dijeron escuetamente: \u00abNo conocemos a esa persona\u00bb.<\/strong><\/p>\n\n\n\n<p><strong><\/strong>Y cuando<strong>&nbsp;Clar\u00edn los volvi\u00f3 a&nbsp;consultar<\/strong>&nbsp;este jueves por el caso de Avellaneda y por la investigaci\u00f3n que inici\u00f3 el fiscal con competencia electoral, la respuesta de las fuentes cercanas a Milei&nbsp;fue que \u00abJavier habl\u00f3 respecto a lo segundo\u00bb y dijo que \u00abse va a demostrar que no es asi lo que dicen\u00bb.&nbsp;<\/p>\n","protected":false},"excerpt":{"rendered":"<p>En medio de las denuncias contra Javier Milei y los dirigentes de La Libertad Avanza\u00a0por\u00a0la venta de candidaturas a cambio de d\u00f3lares, la Justicia electoral decidi\u00f3 abrir una investigaci\u00f3n preliminar\u00a0para determinar si se cometieron delitos, ante\u00a0la \u00abgravedad institucional\u00bb que generaron los\u00a0testimonios que sostienen que\u00a0en la alianza libertaria\u00a0pidieron miles de d\u00f3lares a cambio de candidaturas\u00a0a concejales,<a class=\"read-more\" href=\"https:\/\/elfederalmendoza.com.ar\/index.php\/2023\/07\/07\/la-justicia-electoral-empezo-a-investigar-a-javier-milei-por-la-denuncia-de-venta-de-candidaturas\/\"> [&hellip;]<\/a><\/p>\n","protected":false},"author":2,"featured_media":22333,"comment_status":"open","ping_status":"open","sticky":false,"template":"","format":"standard","meta":{"footnotes":""},"categories":[5618],"tags":[],"class_list":["post-24912","post","type-post","status-publish","format-standard","has-post-thumbnail","hentry","category-arg"],"rttpg_featured_image_url":{"full":["https:\/\/elfederalmendoza.com.ar\/wp-content\/uploads\/2023\/04\/MILEI-SE-VIENE.jpg",1128,637,false],"landscape":["https:\/\/elfederalmendoza.com.ar\/wp-content\/uploads\/2023\/04\/MILEI-SE-VIENE.jpg",1128,637,false],"portraits":["https:\/\/elfederalmendoza.com.ar\/wp-content\/uploads\/2023\/04\/MILEI-SE-VIENE.jpg",1128,637,false],"thumbnail":["https:\/\/elfederalmendoza.com.ar\/wp-content\/uploads\/2023\/04\/MILEI-SE-VIENE-150x150.jpg",150,150,true],"medium":["https:\/\/elfederalmendoza.com.ar\/wp-content\/uploads\/2023\/04\/MILEI-SE-VIENE-300x169.jpg",300,169,true],"large":["https:\/\/elfederalmendoza.com.ar\/wp-content\/uploads\/2023\/04\/MILEI-SE-VIENE-1024x578.jpg",640,361,true],"1536x1536":["https:\/\/elfederalmendoza.com.ar\/wp-content\/uploads\/2023\/04\/MILEI-SE-VIENE.jpg",1128,637,false],"2048x2048":["https:\/\/elfederalmendoza.com.ar\/wp-content\/uploads\/2023\/04\/MILEI-SE-VIENE.jpg",1128,637,false],"ultp_layout_landscape_large":["https:\/\/elfederalmendoza.com.ar\/wp-content\/uploads\/2023\/04\/MILEI-SE-VIENE.jpg",1128,637,false],"ultp_layout_landscape":["https:\/\/elfederalmendoza.com.ar\/wp-content\/uploads\/2023\/04\/MILEI-SE-VIENE-870x570.jpg",870,570,true],"ultp_layout_portrait":["https:\/\/elfederalmendoza.com.ar\/wp-content\/uploads\/2023\/04\/MILEI-SE-VIENE-600x637.jpg",600,637,true],"ultp_layout_square":["https:\/\/elfederalmendoza.com.ar\/wp-content\/uploads\/2023\/04\/MILEI-SE-VIENE-600x600.jpg",600,600,true],"rpwe-thumbnail":["https:\/\/elfederalmendoza.com.ar\/wp-content\/uploads\/2023\/04\/MILEI-SE-VIENE-45x45.jpg",45,45,true],"advps-thumb-one":["https:\/\/elfederalmendoza.com.ar\/wp-content\/uploads\/2023\/04\/MILEI-SE-VIENE-1128x420.jpg",1128,420,true]},"rttpg_author":{"display_name":"Redacci\u00f3n El Federal","author_link":"https:\/\/elfederalmendoza.com.ar\/index.php\/author\/angelflores\/"},"rttpg_comment":0,"rttpg_category":"<a href=\"https:\/\/elfederalmendoza.com.ar\/index.php\/category\/arg\/\" rel=\"category tag\">Argentina<\/a>","rttpg_excerpt":"En medio de las denuncias contra Javier Milei y los dirigentes de La Libertad Avanza\u00a0por\u00a0la venta de candidaturas a cambio de d\u00f3lares, la Justicia electoral decidi\u00f3 abrir una investigaci\u00f3n preliminar\u00a0para determinar si se cometieron delitos, ante\u00a0la \u00abgravedad institucional\u00bb que generaron los\u00a0testimonios que sostienen que\u00a0en la alianza libertaria\u00a0pidieron miles de d\u00f3lares a cambio de candidaturas\u00a0a concejales,&hellip;","_links":{"self":[{"href":"https:\/\/elfederalmendoza.com.ar\/index.php\/wp-json\/wp\/v2\/posts\/24912","targetHints":{"allow":["GET"]}}],"collection":[{"href":"https:\/\/elfederalmendoza.com.ar\/index.php\/wp-json\/wp\/v2\/posts"}],"about":[{"href":"https:\/\/elfederalmendoza.com.ar\/index.php\/wp-json\/wp\/v2\/types\/post"}],"author":[{"embeddable":true,"href":"https:\/\/elfederalmendoza.com.ar\/index.php\/wp-json\/wp\/v2\/users\/2"}],"replies":[{"embeddable":true,"href":"https:\/\/elfederalmendoza.com.ar\/index.php\/wp-json\/wp\/v2\/comments?post=24912"}],"version-history":[{"count":1,"href":"https:\/\/elfederalmendoza.com.ar\/index.php\/wp-json\/wp\/v2\/posts\/24912\/revisions"}],"predecessor-version":[{"id":24914,"href":"https:\/\/elfederalmendoza.com.ar\/index.php\/wp-json\/wp\/v2\/posts\/24912\/revisions\/24914"}],"wp:featuredmedia":[{"embeddable":true,"href":"https:\/\/elfederalmendoza.com.ar\/index.php\/wp-json\/wp\/v2\/media\/22333"}],"wp:attachment":[{"href":"https:\/\/elfederalmendoza.com.ar\/index.php\/wp-json\/wp\/v2\/media?parent=24912"}],"wp:term":[{"taxonomy":"category","embeddable":true,"href":"https:\/\/elfederalmendoza.com.ar\/index.php\/wp-json\/wp\/v2\/categories?post=24912"},{"taxonomy":"post_tag","embeddable":true,"href":"https:\/\/elfederalmendoza.com.ar\/index.php\/wp-json\/wp\/v2\/tags?post=24912"}],"curies":[{"name":"wp","href":"https:\/\/api.w.org\/{rel}","templated":true}]}}