{"id":24917,"date":"2023-07-07T08:43:00","date_gmt":"2023-07-07T11:43:00","guid":{"rendered":"https:\/\/elfederalmendoza.com\/?p=24917"},"modified":"2023-07-07T09:44:27","modified_gmt":"2023-07-07T12:44:27","slug":"imputaron-a-un-amigo-de-cacho-garay-por-amenazar-a-veronica-macias-si-hablas-estas-muerta","status":"publish","type":"post","link":"https:\/\/elfederalmendoza.com.ar\/index.php\/2023\/07\/07\/imputaron-a-un-amigo-de-cacho-garay-por-amenazar-a-veronica-macias-si-hablas-estas-muerta\/","title":{"rendered":"Imputaron a un amigo de Cacho Garay por amenazar a Ver\u00f3nica Mac\u00edas: \u00abSi habl\u00e1s, est\u00e1s muerta\u00bb"},"content":{"rendered":"\n<p>A horas de que se defina si<strong>\u00a0Juan Cacho Garay (68)\u00a0<\/strong>pasa a la c\u00e1rcel en el marco de la investigaci\u00f3n por\u00a0<strong>violencia de g\u00e9nero y abuso sexual<\/strong>, la Justicia avanz\u00f3 en un expediente ap\u00e9ndice por amenazas que habr\u00eda recibido la denunciante desde el entorno del humorista.<\/p>\n\n\n\n<p><strong>Alejandro Quintero es amigo de Cacho Garay desde hace varios a\u00f1os<\/strong>. Era frecuente verlos juntos en juntadas y asados, guitarra en mano. Este hombre fue citado ayer por la fiscal M\u00f3nica Fern\u00e1ndez Poblet, quien\u00a0<strong>lo imput\u00f3 por el delito de amenazas coactivas. Como prev\u00e9 una pena excarcelable -de 6 meses a 2 a\u00f1os de c\u00e1rcel- y no tiene antecedentes penales, qued\u00f3 en libertad.<\/strong><\/p>\n\n\n\n<p>El expediente es una compulsa que se extrajo de la causa madre, aquella que tiene detenidos a Garay y a la empleada legislativa Sandra Astudillo Staffolani (56). La fiscal sostiene que\u00a0<strong>el 5 de mayo pasado, Quintero se comunic\u00f3 telef\u00f3nicamente con Ver\u00f3nica Mac\u00edas a trav\u00e9s del celular de un amigo que tienen en com\u00fan.<\/strong><\/p>\n\n\n\n<p>No se sabe el contenido de la conversaci\u00f3n, pero el due\u00f1o del tel\u00e9fono declar\u00f3 que&nbsp;<strong>una vez que finaliz\u00f3 el di\u00e1logo la mujer le dijo que no volviera a darle su n\u00famero a Quintero porque \u00abes una mala persona\u00bb<\/strong>.<\/p>\n\n\n\n<p>Tres d\u00edas despu\u00e9s, seg\u00fan el relato de la v\u00edctima,\u00a0<strong>Alejandro Quintero la intercept\u00f3 en las inmediaciones de la plaza de Luj\u00e1n de Cuyo, a metros de donde reside Ver\u00f3nica Mac\u00edas. El sospechoso -que tambi\u00e9n habr\u00eda participado de los encuentros sexuales que promov\u00eda el humorista- le dijo: \u00abNunca deber\u00edas haber hablado. Ya estabas advertida que si hablabas estabas muerta. Cacho ya te lo dijo, una promesa es una promesa\u00bb.<\/strong><\/p>\n\n\n\n<p>Pero esta no es la \u00fanica compulsa que se gener\u00f3 por amenazas contra la denunciante. Existe otro expediente ya que la v\u00edctima asegur\u00f3 que<strong>&nbsp;el 16 de abril estaba saliendo de su domicilio cuando se cruz\u00f3 con una joven quien la advirti\u00f3 para que retirara la denuncia \u00abporque las armas van a aparecer en tu cabeza\u00bb.<\/strong><\/p>\n\n\n\n<p>Esta persona no est\u00e1 identificada, aunque Mac\u00edas la describi\u00f3 como una mujer de entre 22 y 25 a\u00f1os, con pelo casta\u00f1o y buzo. La fiscal Fern\u00e1ndez Poblet solicit\u00f3 las c\u00e1maras de seguridad de la zona para avanzar con la investigaci\u00f3n.<\/p>\n\n\n\n<h2 class=\"wp-block-heading\">Viernes, d\u00eda clave<\/h2>\n\n\n\n<p>Este viernes se volver\u00e1n a reunir todas las partes del expediente madre para definir la situaci\u00f3n procesal de Cacho Garay y de Sandra Astudillo Staffolani. El juez Federico Mart\u00ednez escuch\u00f3 los argumentos el mi\u00e9rcoles pasado y<strong>&nbsp;ahora ser\u00e1 el turno de resolver.<\/strong><\/p>\n\n\n\n<p>La fiscal M\u00f3nica Fern\u00e1ndez Poblet solicit\u00f3&nbsp;<strong>que se revoque el arresto domiciliario que goza el humorista y que se dicte la prisi\u00f3n preventiva en el penal de la empleada legislativa<\/strong>. Al pedido adhirieron los abogados de la denunciante Ver\u00f3nica Mac\u00edas -Agust\u00edn Magdalena y Cristian Vaira Leyton-, quienes adem\u00e1s&nbsp;<strong>solicitaron que se trabe un embargo e inhibici\u00f3n de bienes por $5 millones a cada uno de los acusados para garantizar que paguen las costas del proceso y una potencial indemnizaci\u00f3n a la v\u00edctima.<\/strong><\/p>\n\n\n\n<p>Del otro lado estuvieron los abogados de Garay -Daniel Romero y Juan Pablo Ildarraz- y de Astudillo -Carlos Moyano y Silvina Stocco- quienes se opusieron y pidieron o la libertad o que contin\u00fae el arresto en forma domiciliaria.<\/p>\n","protected":false},"excerpt":{"rendered":"<p>A horas de que se defina si\u00a0Juan Cacho Garay (68)\u00a0pasa a la c\u00e1rcel en el marco de la investigaci\u00f3n por\u00a0violencia de g\u00e9nero y abuso sexual, la Justicia avanz\u00f3 en un expediente ap\u00e9ndice por amenazas que habr\u00eda recibido la denunciante desde el entorno del humorista. Alejandro Quintero es amigo de Cacho Garay desde hace varios a\u00f1os.<a class=\"read-more\" href=\"https:\/\/elfederalmendoza.com.ar\/index.php\/2023\/07\/07\/imputaron-a-un-amigo-de-cacho-garay-por-amenazar-a-veronica-macias-si-hablas-estas-muerta\/\"> [&hellip;]<\/a><\/p>\n","protected":false},"author":2,"featured_media":24918,"comment_status":"open","ping_status":"open","sticky":false,"template":"","format":"standard","meta":{"footnotes":""},"categories":[1],"tags":[],"class_list":["post-24917","post","type-post","status-publish","format-standard","has-post-thumbnail","hentry","category-mza"],"rttpg_featured_image_url":{"full":["https:\/\/elfederalmendoza.com.ar\/wp-content\/uploads\/2023\/07\/cacho-garay-1-1jpg.webp",1200,675,false],"landscape":["https:\/\/elfederalmendoza.com.ar\/wp-content\/uploads\/2023\/07\/cacho-garay-1-1jpg.webp",1200,675,false],"portraits":["https:\/\/elfederalmendoza.com.ar\/wp-content\/uploads\/2023\/07\/cacho-garay-1-1jpg.webp",1200,675,false],"thumbnail":["https:\/\/elfederalmendoza.com.ar\/wp-content\/uploads\/2023\/07\/cacho-garay-1-1jpg-150x150.webp",150,150,true],"medium":["https:\/\/elfederalmendoza.com.ar\/wp-content\/uploads\/2023\/07\/cacho-garay-1-1jpg-300x169.webp",300,169,true],"large":["https:\/\/elfederalmendoza.com.ar\/wp-content\/uploads\/2023\/07\/cacho-garay-1-1jpg-1024x576.webp",640,360,true],"1536x1536":["https:\/\/elfederalmendoza.com.ar\/wp-content\/uploads\/2023\/07\/cacho-garay-1-1jpg.webp",1200,675,false],"2048x2048":["https:\/\/elfederalmendoza.com.ar\/wp-content\/uploads\/2023\/07\/cacho-garay-1-1jpg.webp",1200,675,false],"ultp_layout_landscape_large":["https:\/\/elfederalmendoza.com.ar\/wp-content\/uploads\/2023\/07\/cacho-garay-1-1jpg.webp",1200,675,false],"ultp_layout_landscape":["https:\/\/elfederalmendoza.com.ar\/wp-content\/uploads\/2023\/07\/cacho-garay-1-1jpg-870x570.webp",870,570,true],"ultp_layout_portrait":["https:\/\/elfederalmendoza.com.ar\/wp-content\/uploads\/2023\/07\/cacho-garay-1-1jpg-600x675.webp",600,675,true],"ultp_layout_square":["https:\/\/elfederalmendoza.com.ar\/wp-content\/uploads\/2023\/07\/cacho-garay-1-1jpg-600x600.webp",600,600,true],"rpwe-thumbnail":["https:\/\/elfederalmendoza.com.ar\/wp-content\/uploads\/2023\/07\/cacho-garay-1-1jpg-45x45.webp",45,45,true],"advps-thumb-one":["https:\/\/elfederalmendoza.com.ar\/wp-content\/uploads\/2023\/07\/cacho-garay-1-1jpg-1200x420.webp",1200,420,true]},"rttpg_author":{"display_name":"Redacci\u00f3n El Federal","author_link":"https:\/\/elfederalmendoza.com.ar\/index.php\/author\/angelflores\/"},"rttpg_comment":0,"rttpg_category":"<a href=\"https:\/\/elfederalmendoza.com.ar\/index.php\/category\/mza\/\" rel=\"category tag\">Mendoza<\/a>","rttpg_excerpt":"A horas de que se defina si\u00a0Juan Cacho Garay (68)\u00a0pasa a la c\u00e1rcel en el marco de la investigaci\u00f3n por\u00a0violencia de g\u00e9nero y abuso sexual, la Justicia avanz\u00f3 en un expediente ap\u00e9ndice por amenazas que habr\u00eda recibido la denunciante desde el entorno del humorista. Alejandro Quintero es amigo de Cacho Garay desde hace varios a\u00f1os.&hellip;","_links":{"self":[{"href":"https:\/\/elfederalmendoza.com.ar\/index.php\/wp-json\/wp\/v2\/posts\/24917","targetHints":{"allow":["GET"]}}],"collection":[{"href":"https:\/\/elfederalmendoza.com.ar\/index.php\/wp-json\/wp\/v2\/posts"}],"about":[{"href":"https:\/\/elfederalmendoza.com.ar\/index.php\/wp-json\/wp\/v2\/types\/post"}],"author":[{"embeddable":true,"href":"https:\/\/elfederalmendoza.com.ar\/index.php\/wp-json\/wp\/v2\/users\/2"}],"replies":[{"embeddable":true,"href":"https:\/\/elfederalmendoza.com.ar\/index.php\/wp-json\/wp\/v2\/comments?post=24917"}],"version-history":[{"count":2,"href":"https:\/\/elfederalmendoza.com.ar\/index.php\/wp-json\/wp\/v2\/posts\/24917\/revisions"}],"predecessor-version":[{"id":24923,"href":"https:\/\/elfederalmendoza.com.ar\/index.php\/wp-json\/wp\/v2\/posts\/24917\/revisions\/24923"}],"wp:featuredmedia":[{"embeddable":true,"href":"https:\/\/elfederalmendoza.com.ar\/index.php\/wp-json\/wp\/v2\/media\/24918"}],"wp:attachment":[{"href":"https:\/\/elfederalmendoza.com.ar\/index.php\/wp-json\/wp\/v2\/media?parent=24917"}],"wp:term":[{"taxonomy":"category","embeddable":true,"href":"https:\/\/elfederalmendoza.com.ar\/index.php\/wp-json\/wp\/v2\/categories?post=24917"},{"taxonomy":"post_tag","embeddable":true,"href":"https:\/\/elfederalmendoza.com.ar\/index.php\/wp-json\/wp\/v2\/tags?post=24917"}],"curies":[{"name":"wp","href":"https:\/\/api.w.org\/{rel}","templated":true}]}}