{"id":24924,"date":"2023-07-08T11:55:09","date_gmt":"2023-07-08T14:55:09","guid":{"rendered":"https:\/\/elfederalmendoza.com\/?p=24924"},"modified":"2023-07-08T11:55:10","modified_gmt":"2023-07-08T14:55:10","slug":"cacho-garay-vuelve-a-la-carcel-la-justicia-le-revoco-la-prision-domiciliaria","status":"publish","type":"post","link":"https:\/\/elfederalmendoza.com.ar\/index.php\/2023\/07\/08\/cacho-garay-vuelve-a-la-carcel-la-justicia-le-revoco-la-prision-domiciliaria\/","title":{"rendered":"Cacho Garay vuelve a la c\u00e1rcel: la Justicia le revoc\u00f3 la prisi\u00f3n domiciliaria"},"content":{"rendered":"\n<p><strong>Cacho Garay<\/strong>\u00a0sufri\u00f3 un rev\u00e9s este viernes. El juez Federico Mart\u00ednez le revoc\u00f3 la prisi\u00f3n domiciliaria y el humorista imputado por<strong>\u00a0abuso sexual<\/strong>\u00a0contra su expareja,\u00a0<strong>Ver\u00f3nica Mac\u00edas<\/strong>, deber\u00e1 pasar al penal para esperar el juicio all\u00ed.\u00a0<\/p>\n\n\n\n<p>El humorista ya est\u00e1 en la Estaci\u00f3n Transitoria de Detenidos y Aprehendidos (ESTRADA). Es un complejo que, como su nombre indica, sirve como alojamiento transitorio antes de trasladar a un preso a la prisi\u00f3n. El edificio forma parte del Polo Judicial Penal.&nbsp;<\/p>\n\n\n\n<p>Fuentes judiciales informaron que, despu\u00e9s de pasar el fin de semana en ESTRADA,\u00a0<strong>Garay<\/strong>\u00a0ser\u00e1 trasladado al penal.<\/p>\n\n\n\n<p>La audiencia que hab\u00eda comenzado el pasado mi\u00e9rcoles se reanud\u00f3 este viernes en el Polo Judicial, en el marco de la causa por violencia de g\u00e9nero y abusos sexuales. La otra imputada, la empleada legislativa\u00a0<strong>Sandra Astudillo Staffolani<\/strong>, tambi\u00e9n est\u00e1 en la c\u00e1rcel. Ella hab\u00eda sufrido la revocaci\u00f3n de la prisi\u00f3n domiciliaria, y este viernes el juez le dict\u00f3 la\u00a0<strong>prisi\u00f3n preventiva<\/strong>.<\/p>\n\n\n\n<figure class=\"wp-block-image size-large\"><img loading=\"lazy\" decoding=\"async\" width=\"1024\" height=\"576\" src=\"https:\/\/elfederalmendoza.com\/wp-content\/uploads\/2023\/07\/cacho-garay-1-1jpg-1024x576.webp\" alt=\"\" class=\"wp-image-24918\" srcset=\"https:\/\/elfederalmendoza.com.ar\/wp-content\/uploads\/2023\/07\/cacho-garay-1-1jpg-1024x576.webp 1024w, https:\/\/elfederalmendoza.com.ar\/wp-content\/uploads\/2023\/07\/cacho-garay-1-1jpg-300x169.webp 300w, https:\/\/elfederalmendoza.com.ar\/wp-content\/uploads\/2023\/07\/cacho-garay-1-1jpg-768x432.webp 768w, https:\/\/elfederalmendoza.com.ar\/wp-content\/uploads\/2023\/07\/cacho-garay-1-1jpg.webp 1200w\" sizes=\"auto, (max-width: 1024px) 100vw, 1024px\" \/><\/figure>\n\n\n\n<p>La fiscal M\u00f3nica Fern\u00e1ndez Poblet y los abogados querellantes Agust\u00edn Magdalena y Cristian Vaira Leyton hab\u00edan solicitado al magistrado que revocara el arresto domiciliario de&nbsp;<strong>Garay<\/strong>, lo que finalmente sucedi\u00f3 este viernes. El argumento para que el comediante recibiera la prisi\u00f3n preventiva fue un agravamiento en su imputaci\u00f3n.<\/p>\n\n\n\n<figure class=\"wp-block-image is-resized\"><img loading=\"lazy\" decoding=\"async\" src=\"https:\/\/www.mendozapost.com\/files\/image\/493\/493833\/64a434a0025c2_570_333!.jpg?s=441358e2d71fb339fd2ad12aad6e031f&amp;d=1688482978\" alt=\"\" width=\"836\" height=\"488\"\/><figcaption class=\"wp-element-caption\">En la audiencia de este viernes, confirmaron la prisi\u00f3n preventiva de Sandra Astudillo, que est\u00e1 presa desde hace una semana.<\/figcaption><\/figure>\n\n\n\n<p>Este martes, el humorista sum\u00f3 una tercera imputaci\u00f3n por tenencia ilegal de un arma, debido a un r\u00e9volver hallado dentro de un tocadiscos, el cual se corresponde con un arma descripta por&nbsp;<strong>Mac\u00edas<\/strong>. Con este revolver calibre 32 la habr\u00edan amenazado mientras abusaban sexualmente de ella.<\/p>\n\n\n\n<p>En esas presuntas sesiones de&nbsp;<strong>abuso sexual<\/strong>&nbsp;tambi\u00e9n habr\u00eda estado la otra imputada con prisi\u00f3n preventiva,&nbsp;<strong>Sandra Astudillo<\/strong>, exesposa de Garay. Ella est\u00e1 acusada formalmente de abuso sexual gravemente ultrajante agravado por la participaci\u00f3n de dos o m\u00e1s personas y por el uso de armas. Podr\u00eda recibir de 8 a 20 a\u00f1os de c\u00e1rcel, si es encontrada culpable.&nbsp;<strong>Astudillo<\/strong>&nbsp;est\u00e1 en la c\u00e1rcel de mujeres de Cacheuta desde el viernes 30 de junio.&nbsp;<\/p>\n\n\n\n<p>El juez Federico Mart\u00ednez tambi\u00e9n hizo lugar a un embargo de $5 millones para&nbsp;<strong>Garay<\/strong>&nbsp;y de $2,5 millones para&nbsp;<strong>Astudillo<\/strong>, solicitado por los abogados de&nbsp;<strong>Ver\u00f3nica Mac\u00edas<\/strong>.<\/p>\n\n\n\n<p>\u00abTengo miedo de ir al penal, claro que s\u00ed\u00bb, hab\u00eda dicho&nbsp;<strong>Garay<\/strong>&nbsp;este martes, ante la inminencia de la audiencia.<\/p>\n","protected":false},"excerpt":{"rendered":"<p>Cacho Garay\u00a0sufri\u00f3 un rev\u00e9s este viernes. El juez Federico Mart\u00ednez le revoc\u00f3 la prisi\u00f3n domiciliaria y el humorista imputado por\u00a0abuso sexual\u00a0contra su expareja,\u00a0Ver\u00f3nica Mac\u00edas, deber\u00e1 pasar al penal para esperar el juicio all\u00ed.\u00a0 El humorista ya est\u00e1 en la Estaci\u00f3n Transitoria de Detenidos y Aprehendidos (ESTRADA). Es un complejo que, como su nombre indica, sirve<a class=\"read-more\" href=\"https:\/\/elfederalmendoza.com.ar\/index.php\/2023\/07\/08\/cacho-garay-vuelve-a-la-carcel-la-justicia-le-revoco-la-prision-domiciliaria\/\"> [&hellip;]<\/a><\/p>\n","protected":false},"author":2,"featured_media":24926,"comment_status":"open","ping_status":"open","sticky":false,"template":"","format":"standard","meta":{"footnotes":""},"categories":[1],"tags":[],"class_list":["post-24924","post","type-post","status-publish","format-standard","has-post-thumbnail","hentry","category-mza"],"rttpg_featured_image_url":{"full":["https:\/\/elfederalmendoza.com.ar\/wp-content\/uploads\/2023\/07\/cacho-garay5.jpg",997,645,false],"landscape":["https:\/\/elfederalmendoza.com.ar\/wp-content\/uploads\/2023\/07\/cacho-garay5.jpg",997,645,false],"portraits":["https:\/\/elfederalmendoza.com.ar\/wp-content\/uploads\/2023\/07\/cacho-garay5.jpg",997,645,false],"thumbnail":["https:\/\/elfederalmendoza.com.ar\/wp-content\/uploads\/2023\/07\/cacho-garay5-150x150.jpg",150,150,true],"medium":["https:\/\/elfederalmendoza.com.ar\/wp-content\/uploads\/2023\/07\/cacho-garay5-300x194.jpg",300,194,true],"large":["https:\/\/elfederalmendoza.com.ar\/wp-content\/uploads\/2023\/07\/cacho-garay5.jpg",640,414,false],"1536x1536":["https:\/\/elfederalmendoza.com.ar\/wp-content\/uploads\/2023\/07\/cacho-garay5.jpg",997,645,false],"2048x2048":["https:\/\/elfederalmendoza.com.ar\/wp-content\/uploads\/2023\/07\/cacho-garay5.jpg",997,645,false],"ultp_layout_landscape_large":["https:\/\/elfederalmendoza.com.ar\/wp-content\/uploads\/2023\/07\/cacho-garay5.jpg",997,645,false],"ultp_layout_landscape":["https:\/\/elfederalmendoza.com.ar\/wp-content\/uploads\/2023\/07\/cacho-garay5-870x570.jpg",870,570,true],"ultp_layout_portrait":["https:\/\/elfederalmendoza.com.ar\/wp-content\/uploads\/2023\/07\/cacho-garay5-600x645.jpg",600,645,true],"ultp_layout_square":["https:\/\/elfederalmendoza.com.ar\/wp-content\/uploads\/2023\/07\/cacho-garay5-600x600.jpg",600,600,true],"rpwe-thumbnail":["https:\/\/elfederalmendoza.com.ar\/wp-content\/uploads\/2023\/07\/cacho-garay5-45x45.jpg",45,45,true],"advps-thumb-one":["https:\/\/elfederalmendoza.com.ar\/wp-content\/uploads\/2023\/07\/cacho-garay5-997x420.jpg",997,420,true]},"rttpg_author":{"display_name":"Redacci\u00f3n El Federal","author_link":"https:\/\/elfederalmendoza.com.ar\/index.php\/author\/angelflores\/"},"rttpg_comment":0,"rttpg_category":"<a href=\"https:\/\/elfederalmendoza.com.ar\/index.php\/category\/mza\/\" rel=\"category tag\">Mendoza<\/a>","rttpg_excerpt":"Cacho Garay\u00a0sufri\u00f3 un rev\u00e9s este viernes. El juez Federico Mart\u00ednez le revoc\u00f3 la prisi\u00f3n domiciliaria y el humorista imputado por\u00a0abuso sexual\u00a0contra su expareja,\u00a0Ver\u00f3nica Mac\u00edas, deber\u00e1 pasar al penal para esperar el juicio all\u00ed.\u00a0 El humorista ya est\u00e1 en la Estaci\u00f3n Transitoria de Detenidos y Aprehendidos (ESTRADA). Es un complejo que, como su nombre indica, sirve&hellip;","_links":{"self":[{"href":"https:\/\/elfederalmendoza.com.ar\/index.php\/wp-json\/wp\/v2\/posts\/24924","targetHints":{"allow":["GET"]}}],"collection":[{"href":"https:\/\/elfederalmendoza.com.ar\/index.php\/wp-json\/wp\/v2\/posts"}],"about":[{"href":"https:\/\/elfederalmendoza.com.ar\/index.php\/wp-json\/wp\/v2\/types\/post"}],"author":[{"embeddable":true,"href":"https:\/\/elfederalmendoza.com.ar\/index.php\/wp-json\/wp\/v2\/users\/2"}],"replies":[{"embeddable":true,"href":"https:\/\/elfederalmendoza.com.ar\/index.php\/wp-json\/wp\/v2\/comments?post=24924"}],"version-history":[{"count":1,"href":"https:\/\/elfederalmendoza.com.ar\/index.php\/wp-json\/wp\/v2\/posts\/24924\/revisions"}],"predecessor-version":[{"id":24927,"href":"https:\/\/elfederalmendoza.com.ar\/index.php\/wp-json\/wp\/v2\/posts\/24924\/revisions\/24927"}],"wp:featuredmedia":[{"embeddable":true,"href":"https:\/\/elfederalmendoza.com.ar\/index.php\/wp-json\/wp\/v2\/media\/24926"}],"wp:attachment":[{"href":"https:\/\/elfederalmendoza.com.ar\/index.php\/wp-json\/wp\/v2\/media?parent=24924"}],"wp:term":[{"taxonomy":"category","embeddable":true,"href":"https:\/\/elfederalmendoza.com.ar\/index.php\/wp-json\/wp\/v2\/categories?post=24924"},{"taxonomy":"post_tag","embeddable":true,"href":"https:\/\/elfederalmendoza.com.ar\/index.php\/wp-json\/wp\/v2\/tags?post=24924"}],"curies":[{"name":"wp","href":"https:\/\/api.w.org\/{rel}","templated":true}]}}