{"id":24930,"date":"2023-07-08T08:15:00","date_gmt":"2023-07-08T11:15:00","guid":{"rendered":"https:\/\/elfederalmendoza.com\/?p=24930"},"modified":"2023-07-08T12:25:26","modified_gmt":"2023-07-08T15:25:26","slug":"escandalo-en-san-juan-una-trabajadora-sexual-aseguro-que-un-cura-es-su-cliente","status":"publish","type":"post","link":"https:\/\/elfederalmendoza.com.ar\/index.php\/2023\/07\/08\/escandalo-en-san-juan-una-trabajadora-sexual-aseguro-que-un-cura-es-su-cliente\/","title":{"rendered":"Esc\u00e1ndalo en San Juan: Una trabajadora sexual asegur\u00f3 que un cura es su cliente"},"content":{"rendered":"\n<p>La l\u00edder de las\u00a0<strong>trabajadoras sexuales<\/strong>\u00a0de la provincia de San Juan,\u00a0<strong>M\u00f3nica Lencinas<\/strong>, asegur\u00f3 en una entrevista radial que un cura sanjuanino <strong>es cliente de quienes ejercen la prostituci\u00f3n<\/strong> y el comentario desat\u00f3 todo tipo de reacciones, incluso de parte de uno de los miembros de la<strong>\u00a0Iglesia\u00a0<\/strong>que se refiri\u00f3 al tema y apunt\u00f3 contra la denunciante.<\/p>\n\n\n\n<p>Es que el vicario de la Catedral,\u00a0<strong>Andr\u00e9s Riveros<\/strong>, no s\u00f3lo reconoci\u00f3 que los dichos de la presidenta de<strong>\u00a0<a href=\"https:\/\/www.tiempodesanjuan.com\/ammar-a32201\">AMMAR\u00a0<\/a>San Juan<\/strong>\u00a0lo entristecieron, sino tambi\u00e9n dej\u00f3 entrever que fueron hechos con malicia. Es por ello que asegur\u00f3 que las denuncias deben hacerse en los lugares correspondientes, si es que en verdad existe preocupaci\u00f3n.<\/p>\n\n\n\n<p>Lencinas, representante del sindicato de las trabajadoras sexuales, hab\u00eda manifestado en Radio Beat que <strong>un sacerdote de Albard\u00f3n<\/strong> sol\u00eda buscar a una de sus \u00abcompa\u00f1eres\u00bb. Esto lo dijo en un contexto de charla en la que hac\u00eda referencia a la falsedad de algunas personas e instituciones.<\/p>\n\n\n\n<p><strong>\u201cMe ha tocado de encontrarlo dando misa. Este se\u00f1or no me buscaba a m\u00ed, sino a un compa\u00f1ere. Hay mucha hipocres\u00eda en la sociedad\u00bb<\/strong>, sostuvo en medio de la entrevista y, al ser indagada sobre el tema, evit\u00f3 identificar con nombre y apellido del p\u00e1rroco, aunque manifest\u00f3 que es de Albard\u00f3n.<\/p>\n\n\n\n<p>Fue por eso que, a los micr\u00f3fonos de Radio Sarmiento, el sacerdote que pertenece al Decanato Centro expres\u00f3: \u00abEscuch\u00e9 el comentario, en un primer momento me abochorn\u00f3, me moviliz\u00f3 tristemente. Si esto es as\u00ed, como comenta esta se\u00f1ora, es una situaci\u00f3n muy triste, de un ministro que tiene que ser testimonio de coherencia, de honestidad\u00bb.<\/p>\n\n\n\n<p>En lo que fue un audio de WhatsApp reproducido en vivo,<strong> el religioso puso la mira en Lencinas<\/strong> y dispar\u00f3: \u00abEste dicho no se a d\u00f3nde ha querido apuntar. Esta mujer est\u00e1 sembrando intriga. Y si tiene algo para denunciar que sean por los cauces donde tengan que ser\u00bb.<\/p>\n\n\n\n<p>Sobre qui\u00e9n podr\u00eda ser el p\u00e1rroco que supuestamente contrata a trabajadoras sexuales, el padre Andr\u00e9s mostr\u00f3 desinter\u00e9s en saber de qui\u00e9n habla<strong>. \u00abRealmente no me interesa de qui\u00e9n se trata. Rezo d\u00eda tras d\u00eda por la conversi\u00f3n inmediatamente y de la conversi\u00f3n del mundo entero\u00bb<\/strong>, sostuvo.<\/p>\n\n\n\n<p>Para cerrar, explic\u00f3 que <strong>el Arzobispado est\u00e1 dispuesto a investigar este tipo de denuncias<\/strong>, siempre que se haga por las v\u00edas que corresponden, ya que hay protocolos a seguir para este tipo de casos. \u00abSi hay una denuncia de que un ministro de la fe est\u00e9 haciendo un acto de esc\u00e1ndalo y que se trata de tal y tal persona, por supuesto que la iglesia inmediatamente activa sus protocolos y se hace cargo del tema\u00bb.<\/p>\n\n\n\n<p>Tiempo de San Juan<\/p>\n","protected":false},"excerpt":{"rendered":"<p>La l\u00edder de las\u00a0trabajadoras sexuales\u00a0de la provincia de San Juan,\u00a0M\u00f3nica Lencinas, asegur\u00f3 en una entrevista radial que un cura sanjuanino es cliente de quienes ejercen la prostituci\u00f3n y el comentario desat\u00f3 todo tipo de reacciones, incluso de parte de uno de los miembros de la\u00a0Iglesia\u00a0que se refiri\u00f3 al tema y apunt\u00f3 contra la denunciante. Es<a class=\"read-more\" href=\"https:\/\/elfederalmendoza.com.ar\/index.php\/2023\/07\/08\/escandalo-en-san-juan-una-trabajadora-sexual-aseguro-que-un-cura-es-su-cliente\/\"> [&hellip;]<\/a><\/p>\n","protected":false},"author":2,"featured_media":24932,"comment_status":"open","ping_status":"open","sticky":false,"template":"","format":"standard","meta":{"footnotes":""},"categories":[5618],"tags":[],"class_list":["post-24930","post","type-post","status-publish","format-standard","has-post-thumbnail","hentry","category-arg"],"rttpg_featured_image_url":{"full":["https:\/\/elfederalmendoza.com.ar\/wp-content\/uploads\/2023\/07\/prosti1.jpg",921,621,false],"landscape":["https:\/\/elfederalmendoza.com.ar\/wp-content\/uploads\/2023\/07\/prosti1.jpg",921,621,false],"portraits":["https:\/\/elfederalmendoza.com.ar\/wp-content\/uploads\/2023\/07\/prosti1.jpg",921,621,false],"thumbnail":["https:\/\/elfederalmendoza.com.ar\/wp-content\/uploads\/2023\/07\/prosti1-150x150.jpg",150,150,true],"medium":["https:\/\/elfederalmendoza.com.ar\/wp-content\/uploads\/2023\/07\/prosti1-300x202.jpg",300,202,true],"large":["https:\/\/elfederalmendoza.com.ar\/wp-content\/uploads\/2023\/07\/prosti1.jpg",640,432,false],"1536x1536":["https:\/\/elfederalmendoza.com.ar\/wp-content\/uploads\/2023\/07\/prosti1.jpg",921,621,false],"2048x2048":["https:\/\/elfederalmendoza.com.ar\/wp-content\/uploads\/2023\/07\/prosti1.jpg",921,621,false],"ultp_layout_landscape_large":["https:\/\/elfederalmendoza.com.ar\/wp-content\/uploads\/2023\/07\/prosti1.jpg",921,621,false],"ultp_layout_landscape":["https:\/\/elfederalmendoza.com.ar\/wp-content\/uploads\/2023\/07\/prosti1-870x570.jpg",870,570,true],"ultp_layout_portrait":["https:\/\/elfederalmendoza.com.ar\/wp-content\/uploads\/2023\/07\/prosti1-600x621.jpg",600,621,true],"ultp_layout_square":["https:\/\/elfederalmendoza.com.ar\/wp-content\/uploads\/2023\/07\/prosti1-600x600.jpg",600,600,true],"rpwe-thumbnail":["https:\/\/elfederalmendoza.com.ar\/wp-content\/uploads\/2023\/07\/prosti1-45x45.jpg",45,45,true],"advps-thumb-one":["https:\/\/elfederalmendoza.com.ar\/wp-content\/uploads\/2023\/07\/prosti1-921x420.jpg",921,420,true]},"rttpg_author":{"display_name":"Redacci\u00f3n El Federal","author_link":"https:\/\/elfederalmendoza.com.ar\/index.php\/author\/angelflores\/"},"rttpg_comment":0,"rttpg_category":"<a href=\"https:\/\/elfederalmendoza.com.ar\/index.php\/category\/arg\/\" rel=\"category tag\">Argentina<\/a>","rttpg_excerpt":"La l\u00edder de las\u00a0trabajadoras sexuales\u00a0de la provincia de San Juan,\u00a0M\u00f3nica Lencinas, asegur\u00f3 en una entrevista radial que un cura sanjuanino es cliente de quienes ejercen la prostituci\u00f3n y el comentario desat\u00f3 todo tipo de reacciones, incluso de parte de uno de los miembros de la\u00a0Iglesia\u00a0que se refiri\u00f3 al tema y apunt\u00f3 contra la denunciante. Es&hellip;","_links":{"self":[{"href":"https:\/\/elfederalmendoza.com.ar\/index.php\/wp-json\/wp\/v2\/posts\/24930","targetHints":{"allow":["GET"]}}],"collection":[{"href":"https:\/\/elfederalmendoza.com.ar\/index.php\/wp-json\/wp\/v2\/posts"}],"about":[{"href":"https:\/\/elfederalmendoza.com.ar\/index.php\/wp-json\/wp\/v2\/types\/post"}],"author":[{"embeddable":true,"href":"https:\/\/elfederalmendoza.com.ar\/index.php\/wp-json\/wp\/v2\/users\/2"}],"replies":[{"embeddable":true,"href":"https:\/\/elfederalmendoza.com.ar\/index.php\/wp-json\/wp\/v2\/comments?post=24930"}],"version-history":[{"count":1,"href":"https:\/\/elfederalmendoza.com.ar\/index.php\/wp-json\/wp\/v2\/posts\/24930\/revisions"}],"predecessor-version":[{"id":24933,"href":"https:\/\/elfederalmendoza.com.ar\/index.php\/wp-json\/wp\/v2\/posts\/24930\/revisions\/24933"}],"wp:featuredmedia":[{"embeddable":true,"href":"https:\/\/elfederalmendoza.com.ar\/index.php\/wp-json\/wp\/v2\/media\/24932"}],"wp:attachment":[{"href":"https:\/\/elfederalmendoza.com.ar\/index.php\/wp-json\/wp\/v2\/media?parent=24930"}],"wp:term":[{"taxonomy":"category","embeddable":true,"href":"https:\/\/elfederalmendoza.com.ar\/index.php\/wp-json\/wp\/v2\/categories?post=24930"},{"taxonomy":"post_tag","embeddable":true,"href":"https:\/\/elfederalmendoza.com.ar\/index.php\/wp-json\/wp\/v2\/tags?post=24930"}],"curies":[{"name":"wp","href":"https:\/\/api.w.org\/{rel}","templated":true}]}}