{"id":24936,"date":"2023-07-08T13:45:59","date_gmt":"2023-07-08T16:45:59","guid":{"rendered":"https:\/\/elfederalmendoza.com\/?p=24936"},"modified":"2023-07-08T13:45:59","modified_gmt":"2023-07-08T16:45:59","slug":"impresionante-accidente-en-alta-montana-un-camion-volco-cayendo-en-un-barranco-en-uspallata","status":"publish","type":"post","link":"https:\/\/elfederalmendoza.com.ar\/index.php\/2023\/07\/08\/impresionante-accidente-en-alta-montana-un-camion-volco-cayendo-en-un-barranco-en-uspallata\/","title":{"rendered":"Impresionante accidente en alta monta\u00f1a: Un cami\u00f3n volc\u00f3 cayendo en un barranco en Uspallata"},"content":{"rendered":"\n<p>Un cami\u00f3n volc\u00f3 en la<strong>&nbsp;ruta 7<\/strong>&nbsp;espec\u00edficamente en el kil\u00f3metro 1173, en&nbsp;<strong>Polvaredas, Uspallata<\/strong>. El accidente ocurri\u00f3 en la ma\u00f1ana de este s\u00e1bado cuando un&nbsp;chofer, que manejaba un rodado similar, intent\u00f3 realizar un sobrepaso en una&nbsp;curva.<\/p>\n\n\n\n<p>A partir de la imprudencia del conductor, el transporte de carga cay\u00f3 al vac\u00edo<strong>.\u00a0<mark>Seg\u00fan la cr\u00f3nica oficial,\u00a0el chofer del cami\u00f3n siniestrado no sufri\u00f3 lesiones.<\/mark><\/strong><\/p>\n\n\n\n<p>Un m\u00f3vil de&nbsp;<strong>Gendarmer\u00eda<\/strong>&nbsp;se desplaz\u00f3 r\u00e1pidamente al lugar para brindar asistencia y realizar los procedimientos correspondientes.<\/p>\n\n\n\n<figure class=\"wp-block-image is-resized\"><img loading=\"lazy\" decoding=\"async\" src=\"https:\/\/i0.wp.com\/newspack-elsol.s3.amazonaws.com\/wp-content\/uploads\/2023\/07\/camion.jpeg?resize=780%2C672&amp;ssl=1\" alt=\"\" class=\"wp-image-1849085\" width=\"835\" height=\"719\"\/><\/figure>\n\n\n\n<p>Por otro lado, en la misma ruta, aproximadamente en el<strong> kil\u00f3metro 1103<\/strong>. Un\u00a0cami\u00f3n tuvo desperfectos mec\u00e1nicos y qued\u00f3 varado en la mitad de la ruta, obstruyendo, de esta manera, media calzada.\u00a0<\/p>\n\n\n\n<figure class=\"wp-block-image is-resized\"><img loading=\"lazy\" decoding=\"async\" src=\"https:\/\/i0.wp.com\/newspack-elsol.s3.amazonaws.com\/wp-content\/uploads\/2023\/07\/camion-ss-594x1024.jpeg?resize=594%2C1024&amp;ssl=1\" alt=\"\" class=\"wp-image-1849087\" width=\"832\" height=\"1434\"\/><\/figure>\n\n\n\n<p><mark>Las autoridades anunciaron que est\u00e1n trabajando para resolver esta situaci\u00f3n y habilitar el tr\u00e1nsito en esa zona.<\/mark><\/p>\n\n\n\n<p>Fuente: El Sol<\/p>\n","protected":false},"excerpt":{"rendered":"<p>Un cami\u00f3n volc\u00f3 en la&nbsp;ruta 7&nbsp;espec\u00edficamente en el kil\u00f3metro 1173, en&nbsp;Polvaredas, Uspallata. El accidente ocurri\u00f3 en la ma\u00f1ana de este s\u00e1bado cuando un&nbsp;chofer, que manejaba un rodado similar, intent\u00f3 realizar un sobrepaso en una&nbsp;curva. A partir de la imprudencia del conductor, el transporte de carga cay\u00f3 al vac\u00edo.\u00a0Seg\u00fan la cr\u00f3nica oficial,\u00a0el chofer del cami\u00f3n siniestrado<a class=\"read-more\" href=\"https:\/\/elfederalmendoza.com.ar\/index.php\/2023\/07\/08\/impresionante-accidente-en-alta-montana-un-camion-volco-cayendo-en-un-barranco-en-uspallata\/\"> [&hellip;]<\/a><\/p>\n","protected":false},"author":2,"featured_media":24938,"comment_status":"open","ping_status":"open","sticky":false,"template":"","format":"standard","meta":{"footnotes":""},"categories":[1],"tags":[],"class_list":["post-24936","post","type-post","status-publish","format-standard","has-post-thumbnail","hentry","category-mza"],"rttpg_featured_image_url":{"full":["https:\/\/elfederalmendoza.com.ar\/wp-content\/uploads\/2023\/07\/alta-montana2.jpg",1069,579,false],"landscape":["https:\/\/elfederalmendoza.com.ar\/wp-content\/uploads\/2023\/07\/alta-montana2.jpg",1069,579,false],"portraits":["https:\/\/elfederalmendoza.com.ar\/wp-content\/uploads\/2023\/07\/alta-montana2.jpg",1069,579,false],"thumbnail":["https:\/\/elfederalmendoza.com.ar\/wp-content\/uploads\/2023\/07\/alta-montana2-150x150.jpg",150,150,true],"medium":["https:\/\/elfederalmendoza.com.ar\/wp-content\/uploads\/2023\/07\/alta-montana2-300x162.jpg",300,162,true],"large":["https:\/\/elfederalmendoza.com.ar\/wp-content\/uploads\/2023\/07\/alta-montana2-1024x555.jpg",640,347,true],"1536x1536":["https:\/\/elfederalmendoza.com.ar\/wp-content\/uploads\/2023\/07\/alta-montana2.jpg",1069,579,false],"2048x2048":["https:\/\/elfederalmendoza.com.ar\/wp-content\/uploads\/2023\/07\/alta-montana2.jpg",1069,579,false],"ultp_layout_landscape_large":["https:\/\/elfederalmendoza.com.ar\/wp-content\/uploads\/2023\/07\/alta-montana2.jpg",1069,579,false],"ultp_layout_landscape":["https:\/\/elfederalmendoza.com.ar\/wp-content\/uploads\/2023\/07\/alta-montana2-870x570.jpg",870,570,true],"ultp_layout_portrait":["https:\/\/elfederalmendoza.com.ar\/wp-content\/uploads\/2023\/07\/alta-montana2-600x579.jpg",600,579,true],"ultp_layout_square":["https:\/\/elfederalmendoza.com.ar\/wp-content\/uploads\/2023\/07\/alta-montana2-600x579.jpg",600,579,true],"rpwe-thumbnail":["https:\/\/elfederalmendoza.com.ar\/wp-content\/uploads\/2023\/07\/alta-montana2-45x45.jpg",45,45,true],"advps-thumb-one":["https:\/\/elfederalmendoza.com.ar\/wp-content\/uploads\/2023\/07\/alta-montana2-1069x420.jpg",1069,420,true]},"rttpg_author":{"display_name":"Redacci\u00f3n El Federal","author_link":"https:\/\/elfederalmendoza.com.ar\/index.php\/author\/angelflores\/"},"rttpg_comment":0,"rttpg_category":"<a href=\"https:\/\/elfederalmendoza.com.ar\/index.php\/category\/mza\/\" rel=\"category tag\">Mendoza<\/a>","rttpg_excerpt":"Un cami\u00f3n volc\u00f3 en la&nbsp;ruta 7&nbsp;espec\u00edficamente en el kil\u00f3metro 1173, en&nbsp;Polvaredas, Uspallata. El accidente ocurri\u00f3 en la ma\u00f1ana de este s\u00e1bado cuando un&nbsp;chofer, que manejaba un rodado similar, intent\u00f3 realizar un sobrepaso en una&nbsp;curva. A partir de la imprudencia del conductor, el transporte de carga cay\u00f3 al vac\u00edo.\u00a0Seg\u00fan la cr\u00f3nica oficial,\u00a0el chofer del cami\u00f3n siniestrado&hellip;","_links":{"self":[{"href":"https:\/\/elfederalmendoza.com.ar\/index.php\/wp-json\/wp\/v2\/posts\/24936","targetHints":{"allow":["GET"]}}],"collection":[{"href":"https:\/\/elfederalmendoza.com.ar\/index.php\/wp-json\/wp\/v2\/posts"}],"about":[{"href":"https:\/\/elfederalmendoza.com.ar\/index.php\/wp-json\/wp\/v2\/types\/post"}],"author":[{"embeddable":true,"href":"https:\/\/elfederalmendoza.com.ar\/index.php\/wp-json\/wp\/v2\/users\/2"}],"replies":[{"embeddable":true,"href":"https:\/\/elfederalmendoza.com.ar\/index.php\/wp-json\/wp\/v2\/comments?post=24936"}],"version-history":[{"count":1,"href":"https:\/\/elfederalmendoza.com.ar\/index.php\/wp-json\/wp\/v2\/posts\/24936\/revisions"}],"predecessor-version":[{"id":24939,"href":"https:\/\/elfederalmendoza.com.ar\/index.php\/wp-json\/wp\/v2\/posts\/24936\/revisions\/24939"}],"wp:featuredmedia":[{"embeddable":true,"href":"https:\/\/elfederalmendoza.com.ar\/index.php\/wp-json\/wp\/v2\/media\/24938"}],"wp:attachment":[{"href":"https:\/\/elfederalmendoza.com.ar\/index.php\/wp-json\/wp\/v2\/media?parent=24936"}],"wp:term":[{"taxonomy":"category","embeddable":true,"href":"https:\/\/elfederalmendoza.com.ar\/index.php\/wp-json\/wp\/v2\/categories?post=24936"},{"taxonomy":"post_tag","embeddable":true,"href":"https:\/\/elfederalmendoza.com.ar\/index.php\/wp-json\/wp\/v2\/tags?post=24936"}],"curies":[{"name":"wp","href":"https:\/\/api.w.org\/{rel}","templated":true}]}}