{"id":24942,"date":"2023-07-09T11:09:55","date_gmt":"2023-07-09T14:09:55","guid":{"rendered":"https:\/\/elfederalmendoza.com\/?p=24942"},"modified":"2023-07-09T11:09:55","modified_gmt":"2023-07-09T14:09:55","slug":"lacalle-pou-en-mendoza-la-sorpresa-en-la-tribuna-del-estadio-y-la-avioneta-que-lo-trajo","status":"publish","type":"post","link":"https:\/\/elfederalmendoza.com.ar\/index.php\/2023\/07\/09\/lacalle-pou-en-mendoza-la-sorpresa-en-la-tribuna-del-estadio-y-la-avioneta-que-lo-trajo\/","title":{"rendered":"Lacalle Pou en Mendoza: La sorpresa en la tribuna del estadio y la avioneta que lo trajo"},"content":{"rendered":"\n<p>Entre las varias personalidades que vinieron al estadio Islas Malvinas de Mendoza para ver el partido partido entre los seleccionados de\u00a0<strong>Los Pumas y All Blacks<\/strong>, la sorpresa fue ver al presidente de Uruguay, Lacalle Pou.<\/p>\n\n\n\n<p>La f\u00f3rmula de Cambia Mendoza mantuvo una reuni\u00f3n con el presidente de Uruguay que arrib\u00f3 a la provincia para presenciar el partido entre los seleccionados de Argentina y Nueva Zelanda por el Rugby Championship. Su presencia fue casi una sorpresa para los que lo vieron en la zona VIP del estadio.<\/p>\n\n\n\n<p>El senador nacional y candidato a gobernador\u00a0<strong>Alfredo Cornejo<\/strong>, junto a la candidata a la vicegobernaci\u00f3n,\u00a0<strong>Hebe Casado<\/strong>, mantuvieron una\u00a0<strong>reuni\u00f3n<\/strong>\u00a0protocolar con el\u00a0<strong>presidente de Uruguay, Luis Lacalle Pou<\/strong>. Fue durante el partido entre los seleccionados de\u00a0<strong>Los Pumas y All Blacks,<\/strong>\u00a0por una nueva fecha del\u00a0<strong>Rugby Championship.<\/strong><\/p>\n\n\n\n<p>El presidente uruguayo tambi\u00e9n estrech\u00f3 la mano del<strong>\u00a0gobernador de Mendoza,\u00a0Rodolfo Suarez<\/strong>, durante el partido en el Estadio Malvinas Argentinas en el que\u00a0Nueva Zelanda derrot\u00f3 a la Argentina por 41 a 12.\u00a0<\/p>\n\n\n\n<figure class=\"wp-block-image is-resized\"><img loading=\"lazy\" decoding=\"async\" src=\"https:\/\/www.mendozapost.com\/files\/image\/495\/495093\/64a9dbfdb1ccf_570_376!.jpg?s=22d316f5db0df361499673209d451d83&amp;d=1688853505\" alt=\"\" width=\"835\" height=\"551\"\/><\/figure>\n\n\n\n<p>El estadio estuvo a pleno. Lleno total para ver a&nbsp;<strong>Los Pumas y a los All Blacks<\/strong>&nbsp;y el palco fue copado por personalidades pol\u00edticas y empresarios mendocinos.<\/p>\n\n\n\n<p>Tambi\u00e9n fueron destacados los ingresos\u00a0los\u00a0<strong>mendocinos de Gonzalo Bertranou y Juan Mart\u00edn Gonz\u00e1lez como titulares<\/strong>\u00a0en el seleccionado argentino de rugby. En tanto que desde la platea vio el partido un hist\u00f3rico,\u00a0<strong>Federico<\/strong>\u00a0<strong>M\u00e9ndez<\/strong>, quien jug\u00f3 73 encuentros internacionales entre 1990 y 2004.<\/p>\n\n\n\n<figure class=\"wp-block-image size-full is-resized\"><img loading=\"lazy\" decoding=\"async\" src=\"https:\/\/elfederalmendoza.com\/wp-content\/uploads\/2023\/07\/avioneta.jpg\" alt=\"\" class=\"wp-image-24944\" width=\"840\" height=\"628\" srcset=\"https:\/\/elfederalmendoza.com.ar\/wp-content\/uploads\/2023\/07\/avioneta.jpg 686w, https:\/\/elfederalmendoza.com.ar\/wp-content\/uploads\/2023\/07\/avioneta-300x224.jpg 300w\" sizes=\"auto, (max-width: 840px) 100vw, 840px\" \/><figcaption class=\"wp-element-caption\">El Presidente Uruguayo lleg\u00f3 en esta avioneta<\/figcaption><\/figure>\n\n\n\n<p>Por ello, a pesar de la derrota, en el Malvinas Argentinas se vivi\u00f3 una fiesta deportiva y social, con algunas apostillas pol\u00edticas.<\/p>\n\n\n\n<figure class=\"wp-block-image is-resized\"><img loading=\"lazy\" decoding=\"async\" src=\"https:\/\/www.mendozapost.com\/files\/image\/495\/495099\/64a9e5cc63e5d_570_376!.jpg?s=ba15fca7b7d3d957e98dd14857d43183&amp;d=1688856016\" alt=\"\" width=\"836\" height=\"551\"\/><figcaption class=\"wp-element-caption\">&nbsp; Lacalle Pou, Lisandro Nieri, Alfredo Cornejo y Hebe Casado en el VIP de Esperiencia Pumas.&nbsp;&nbsp;<\/figcaption><\/figure>\n\n\n\n<blockquote class=\"twitter-tweet\"><p lang=\"es\" dir=\"ltr\">El enfrentamiento entre Los Pumas vs Los All Black de Nueva Zelanda fue un \u00e9xito y Mendoza una vez m\u00e1s demuestra estar a la altura de eventos deportivos internacionales como lo es el &quot;Rugby Championship&quot;.<br><br>Felicitaciones! <a href=\"https:\/\/t.co\/OJmfwoCj5u\">pic.twitter.com\/OJmfwoCj5u<\/a><\/p>&mdash; N\u00e9stor Majul (@MajulNestor) <a href=\"https:\/\/twitter.com\/MajulNestor\/status\/1677805115812487168?ref_src=twsrc%5Etfw\">July 8, 2023<\/a><\/blockquote> <script async src=\"https:\/\/platform.twitter.com\/widgets.js\" charset=\"utf-8\"><\/script>\n\n\n\n<figure class=\"wp-block-image is-resized\"><img loading=\"lazy\" decoding=\"async\" src=\"https:\/\/www.mendozapost.com\/files\/image\/495\/495095\/64a9de88375a8_570_376!.jpg?s=2e75e828a222c7e7a2c76507aab8a4a1&amp;d=1688854155\" alt=\"\" width=\"836\" height=\"551\"\/><\/figure>\n\n\n\n<p><strong>Hebe Casado, Alfredo Cornejo y Lisandro Nieri viendo a Los Pumas vs. All Blacks<\/strong><\/p>\n","protected":false},"excerpt":{"rendered":"<p>Entre las varias personalidades que vinieron al estadio Islas Malvinas de Mendoza para ver el partido partido entre los seleccionados de\u00a0Los Pumas y All Blacks, la sorpresa fue ver al presidente de Uruguay, Lacalle Pou. La f\u00f3rmula de Cambia Mendoza mantuvo una reuni\u00f3n con el presidente de Uruguay que arrib\u00f3 a la provincia para presenciar<a class=\"read-more\" href=\"https:\/\/elfederalmendoza.com.ar\/index.php\/2023\/07\/09\/lacalle-pou-en-mendoza-la-sorpresa-en-la-tribuna-del-estadio-y-la-avioneta-que-lo-trajo\/\"> [&hellip;]<\/a><\/p>\n","protected":false},"author":2,"featured_media":24945,"comment_status":"open","ping_status":"open","sticky":false,"template":"","format":"standard","meta":{"footnotes":""},"categories":[1],"tags":[],"class_list":["post-24942","post","type-post","status-publish","format-standard","has-post-thumbnail","hentry","category-mza"],"rttpg_featured_image_url":{"full":["https:\/\/elfederalmendoza.com.ar\/wp-content\/uploads\/2023\/07\/lacaye-pou.jpg",1239,650,false],"landscape":["https:\/\/elfederalmendoza.com.ar\/wp-content\/uploads\/2023\/07\/lacaye-pou.jpg",1239,650,false],"portraits":["https:\/\/elfederalmendoza.com.ar\/wp-content\/uploads\/2023\/07\/lacaye-pou.jpg",1239,650,false],"thumbnail":["https:\/\/elfederalmendoza.com.ar\/wp-content\/uploads\/2023\/07\/lacaye-pou-150x150.jpg",150,150,true],"medium":["https:\/\/elfederalmendoza.com.ar\/wp-content\/uploads\/2023\/07\/lacaye-pou-300x157.jpg",300,157,true],"large":["https:\/\/elfederalmendoza.com.ar\/wp-content\/uploads\/2023\/07\/lacaye-pou-1024x537.jpg",640,336,true],"1536x1536":["https:\/\/elfederalmendoza.com.ar\/wp-content\/uploads\/2023\/07\/lacaye-pou.jpg",1239,650,false],"2048x2048":["https:\/\/elfederalmendoza.com.ar\/wp-content\/uploads\/2023\/07\/lacaye-pou.jpg",1239,650,false],"ultp_layout_landscape_large":["https:\/\/elfederalmendoza.com.ar\/wp-content\/uploads\/2023\/07\/lacaye-pou-1200x650.jpg",1200,650,true],"ultp_layout_landscape":["https:\/\/elfederalmendoza.com.ar\/wp-content\/uploads\/2023\/07\/lacaye-pou-870x570.jpg",870,570,true],"ultp_layout_portrait":["https:\/\/elfederalmendoza.com.ar\/wp-content\/uploads\/2023\/07\/lacaye-pou-600x650.jpg",600,650,true],"ultp_layout_square":["https:\/\/elfederalmendoza.com.ar\/wp-content\/uploads\/2023\/07\/lacaye-pou-600x600.jpg",600,600,true],"rpwe-thumbnail":["https:\/\/elfederalmendoza.com.ar\/wp-content\/uploads\/2023\/07\/lacaye-pou-45x45.jpg",45,45,true],"advps-thumb-one":["https:\/\/elfederalmendoza.com.ar\/wp-content\/uploads\/2023\/07\/lacaye-pou-1200x420.jpg",1200,420,true]},"rttpg_author":{"display_name":"Redacci\u00f3n El Federal","author_link":"https:\/\/elfederalmendoza.com.ar\/index.php\/author\/angelflores\/"},"rttpg_comment":0,"rttpg_category":"<a href=\"https:\/\/elfederalmendoza.com.ar\/index.php\/category\/mza\/\" rel=\"category tag\">Mendoza<\/a>","rttpg_excerpt":"Entre las varias personalidades que vinieron al estadio Islas Malvinas de Mendoza para ver el partido partido entre los seleccionados de\u00a0Los Pumas y All Blacks, la sorpresa fue ver al presidente de Uruguay, Lacalle Pou. La f\u00f3rmula de Cambia Mendoza mantuvo una reuni\u00f3n con el presidente de Uruguay que arrib\u00f3 a la provincia para presenciar&hellip;","_links":{"self":[{"href":"https:\/\/elfederalmendoza.com.ar\/index.php\/wp-json\/wp\/v2\/posts\/24942","targetHints":{"allow":["GET"]}}],"collection":[{"href":"https:\/\/elfederalmendoza.com.ar\/index.php\/wp-json\/wp\/v2\/posts"}],"about":[{"href":"https:\/\/elfederalmendoza.com.ar\/index.php\/wp-json\/wp\/v2\/types\/post"}],"author":[{"embeddable":true,"href":"https:\/\/elfederalmendoza.com.ar\/index.php\/wp-json\/wp\/v2\/users\/2"}],"replies":[{"embeddable":true,"href":"https:\/\/elfederalmendoza.com.ar\/index.php\/wp-json\/wp\/v2\/comments?post=24942"}],"version-history":[{"count":1,"href":"https:\/\/elfederalmendoza.com.ar\/index.php\/wp-json\/wp\/v2\/posts\/24942\/revisions"}],"predecessor-version":[{"id":24946,"href":"https:\/\/elfederalmendoza.com.ar\/index.php\/wp-json\/wp\/v2\/posts\/24942\/revisions\/24946"}],"wp:featuredmedia":[{"embeddable":true,"href":"https:\/\/elfederalmendoza.com.ar\/index.php\/wp-json\/wp\/v2\/media\/24945"}],"wp:attachment":[{"href":"https:\/\/elfederalmendoza.com.ar\/index.php\/wp-json\/wp\/v2\/media?parent=24942"}],"wp:term":[{"taxonomy":"category","embeddable":true,"href":"https:\/\/elfederalmendoza.com.ar\/index.php\/wp-json\/wp\/v2\/categories?post=24942"},{"taxonomy":"post_tag","embeddable":true,"href":"https:\/\/elfederalmendoza.com.ar\/index.php\/wp-json\/wp\/v2\/tags?post=24942"}],"curies":[{"name":"wp","href":"https:\/\/api.w.org\/{rel}","templated":true}]}}