{"id":24959,"date":"2023-07-10T08:27:39","date_gmt":"2023-07-10T11:27:39","guid":{"rendered":"https:\/\/elfederalmendoza.com\/?p=24959"},"modified":"2023-07-10T08:27:40","modified_gmt":"2023-07-10T11:27:40","slug":"video-jey-mammon-llego-tarde-a-los-martin-fierro-y-lo-dejaron-solo-en-la-mesa","status":"publish","type":"post","link":"https:\/\/elfederalmendoza.com.ar\/index.php\/2023\/07\/10\/video-jey-mammon-llego-tarde-a-los-martin-fierro-y-lo-dejaron-solo-en-la-mesa\/","title":{"rendered":"-VIDEO- Jey Mamm\u00f3n lleg\u00f3 tarde a los Mart\u00edn Fierro y lo dejaron solo en la mesa"},"content":{"rendered":"\n<p>El humorista\u00a0<strong>Jey Mamm\u00f3n\u00a0<\/strong>hab\u00eda anunciado que se presentar\u00eda en la ceremonia de entrega de los premios Mart\u00edn Fierro, aunque algunos colegas y periodistas consideraran que no era lo indicado, despu\u00e9s de haber sido denunciado por abuso sexual por\u00a0Lucas Benvenuto, incluso \u00e9ste dijo que se iba a manifestar en Instagram en contra de esta situaci\u00f3n.<\/p>\n\n\n\n<p>Pero lejos de las cr\u00edticas de las periodistas<strong> Nancy Pazos y Laura Ubfal\u00a0<\/strong> el animador apareci\u00f3 en la gala e incomod\u00f3 a todos los de la mesa de \u00abLa Pe\u00f1a de Morfi\u00bb, programa que conduc\u00eda hasta que Telefe le pidi\u00f3 que dejara la pantalla.<\/p>\n\n\n\n<p>El conductor lleg\u00f3 tarde y se sent\u00f3 al lado de J\u00e9sica Cirio quien se mostr\u00f3 muy inc\u00f3moda.<\/p>\n\n\n\n<figure class=\"wp-block-image is-resized\"><img loading=\"lazy\" decoding=\"async\" src=\"https:\/\/www.mendozapost.com\/files\/image\/495\/495363\/64ab74b0be380_570_522!.jpg?s=577d64033bd6488e82c60730e10d8eaa&amp;d=1688958134\" alt=\"\" width=\"837\" height=\"767\"\/><figcaption class=\"wp-element-caption\">El momento inc\u00f3modo<\/figcaption><\/figure>\n\n\n\n<p>Cuando se present\u00f3 la terna en la que participaba \u00abLa Pe\u00f1a de Morfi\u00bb en la categor\u00eda&nbsp;&nbsp;<strong>Musical&nbsp;la c\u00e1mara mostr\u00f3 al equiipo y Jey no estaba en la mesa, s\u00f3lo se vio a&nbsp;<\/strong><strong>J\u00e9sica Cirio<\/strong>,&nbsp;<strong>Santiago Giorgini&nbsp;<\/strong>y&nbsp;<strong>Rodrigo Casc\u00f3n<\/strong>.<\/p>\n\n\n\n<figure class=\"wp-block-image is-resized\"><img loading=\"lazy\" decoding=\"async\" src=\"https:\/\/www.mendozapost.com\/files\/image\/495\/495365\/64ab772f77d83_570_570!.jpg?s=33eea7dfeff07bb823a1b108b580edf8&amp;d=1688958773\" alt=\"\" width=\"834\" height=\"834\"\/><figcaption class=\"wp-element-caption\">El momento en que lo dejaron solo.<\/figcaption><\/figure>\n\n\n\n<p>El programa perdi\u00f3 el premio, pero Jey Mamm\u00f3n se ubic\u00f3 en la mesa,<strong> justo al lado de J\u00e9sica, a quien se la vio mal y no tard\u00f3 en pararse, al igual que el resto de los compa\u00f1eros, dejando solo a Mamm\u00f3n.<\/strong><\/p>\n\n\n\n<p>Luego se lo pudo ver saludando a Susana en su mesa. Recordemos que la actriz lo viene apoyando desde un primer momento en relaci\u00f3n a la situaci\u00f3n que est\u00e1 viviendo Jey.<\/p>\n\n\n\n<blockquote class=\"twitter-tweet\"><p lang=\"es\" dir=\"ltr\">Susana y Jey Mamm\u00f3n se saludaron en los <a href=\"https:\/\/twitter.com\/hashtag\/MartinFierro2023?src=hash&amp;ref_src=twsrc%5Etfw\">#MartinFierro2023<\/a> <a href=\"https:\/\/t.co\/oqXQK2tgOi\">pic.twitter.com\/oqXQK2tgOi<\/a><\/p>&mdash; Revista PRONTO (@Revista_PRONTO) <a href=\"https:\/\/twitter.com\/Revista_PRONTO\/status\/1678237443802185731?ref_src=twsrc%5Etfw\">July 10, 2023<\/a><\/blockquote> <script async src=\"https:\/\/platform.twitter.com\/widgets.js\" charset=\"utf-8\"><\/script>\n","protected":false},"excerpt":{"rendered":"<p>El humorista\u00a0Jey Mamm\u00f3n\u00a0hab\u00eda anunciado que se presentar\u00eda en la ceremonia de entrega de los premios Mart\u00edn Fierro, aunque algunos colegas y periodistas consideraran que no era lo indicado, despu\u00e9s de haber sido denunciado por abuso sexual por\u00a0Lucas Benvenuto, incluso \u00e9ste dijo que se iba a manifestar en Instagram en contra de esta situaci\u00f3n. Pero lejos<a class=\"read-more\" href=\"https:\/\/elfederalmendoza.com.ar\/index.php\/2023\/07\/10\/video-jey-mammon-llego-tarde-a-los-martin-fierro-y-lo-dejaron-solo-en-la-mesa\/\"> [&hellip;]<\/a><\/p>\n","protected":false},"author":2,"featured_media":24961,"comment_status":"open","ping_status":"open","sticky":false,"template":"","format":"standard","meta":{"footnotes":""},"categories":[5618],"tags":[],"class_list":["post-24959","post","type-post","status-publish","format-standard","has-post-thumbnail","hentry","category-arg"],"rttpg_featured_image_url":{"full":["https:\/\/elfederalmendoza.com.ar\/wp-content\/uploads\/2023\/07\/jey1.jpg",1109,613,false],"landscape":["https:\/\/elfederalmendoza.com.ar\/wp-content\/uploads\/2023\/07\/jey1.jpg",1109,613,false],"portraits":["https:\/\/elfederalmendoza.com.ar\/wp-content\/uploads\/2023\/07\/jey1.jpg",1109,613,false],"thumbnail":["https:\/\/elfederalmendoza.com.ar\/wp-content\/uploads\/2023\/07\/jey1-150x150.jpg",150,150,true],"medium":["https:\/\/elfederalmendoza.com.ar\/wp-content\/uploads\/2023\/07\/jey1-300x166.jpg",300,166,true],"large":["https:\/\/elfederalmendoza.com.ar\/wp-content\/uploads\/2023\/07\/jey1-1024x566.jpg",640,354,true],"1536x1536":["https:\/\/elfederalmendoza.com.ar\/wp-content\/uploads\/2023\/07\/jey1.jpg",1109,613,false],"2048x2048":["https:\/\/elfederalmendoza.com.ar\/wp-content\/uploads\/2023\/07\/jey1.jpg",1109,613,false],"ultp_layout_landscape_large":["https:\/\/elfederalmendoza.com.ar\/wp-content\/uploads\/2023\/07\/jey1.jpg",1109,613,false],"ultp_layout_landscape":["https:\/\/elfederalmendoza.com.ar\/wp-content\/uploads\/2023\/07\/jey1-870x570.jpg",870,570,true],"ultp_layout_portrait":["https:\/\/elfederalmendoza.com.ar\/wp-content\/uploads\/2023\/07\/jey1-600x613.jpg",600,613,true],"ultp_layout_square":["https:\/\/elfederalmendoza.com.ar\/wp-content\/uploads\/2023\/07\/jey1-600x600.jpg",600,600,true],"rpwe-thumbnail":["https:\/\/elfederalmendoza.com.ar\/wp-content\/uploads\/2023\/07\/jey1-45x45.jpg",45,45,true],"advps-thumb-one":["https:\/\/elfederalmendoza.com.ar\/wp-content\/uploads\/2023\/07\/jey1-1109x420.jpg",1109,420,true]},"rttpg_author":{"display_name":"Redacci\u00f3n El Federal","author_link":"https:\/\/elfederalmendoza.com.ar\/index.php\/author\/angelflores\/"},"rttpg_comment":0,"rttpg_category":"<a href=\"https:\/\/elfederalmendoza.com.ar\/index.php\/category\/arg\/\" rel=\"category tag\">Argentina<\/a>","rttpg_excerpt":"El humorista\u00a0Jey Mamm\u00f3n\u00a0hab\u00eda anunciado que se presentar\u00eda en la ceremonia de entrega de los premios Mart\u00edn Fierro, aunque algunos colegas y periodistas consideraran que no era lo indicado, despu\u00e9s de haber sido denunciado por abuso sexual por\u00a0Lucas Benvenuto, incluso \u00e9ste dijo que se iba a manifestar en Instagram en contra de esta situaci\u00f3n. Pero lejos&hellip;","_links":{"self":[{"href":"https:\/\/elfederalmendoza.com.ar\/index.php\/wp-json\/wp\/v2\/posts\/24959","targetHints":{"allow":["GET"]}}],"collection":[{"href":"https:\/\/elfederalmendoza.com.ar\/index.php\/wp-json\/wp\/v2\/posts"}],"about":[{"href":"https:\/\/elfederalmendoza.com.ar\/index.php\/wp-json\/wp\/v2\/types\/post"}],"author":[{"embeddable":true,"href":"https:\/\/elfederalmendoza.com.ar\/index.php\/wp-json\/wp\/v2\/users\/2"}],"replies":[{"embeddable":true,"href":"https:\/\/elfederalmendoza.com.ar\/index.php\/wp-json\/wp\/v2\/comments?post=24959"}],"version-history":[{"count":1,"href":"https:\/\/elfederalmendoza.com.ar\/index.php\/wp-json\/wp\/v2\/posts\/24959\/revisions"}],"predecessor-version":[{"id":24962,"href":"https:\/\/elfederalmendoza.com.ar\/index.php\/wp-json\/wp\/v2\/posts\/24959\/revisions\/24962"}],"wp:featuredmedia":[{"embeddable":true,"href":"https:\/\/elfederalmendoza.com.ar\/index.php\/wp-json\/wp\/v2\/media\/24961"}],"wp:attachment":[{"href":"https:\/\/elfederalmendoza.com.ar\/index.php\/wp-json\/wp\/v2\/media?parent=24959"}],"wp:term":[{"taxonomy":"category","embeddable":true,"href":"https:\/\/elfederalmendoza.com.ar\/index.php\/wp-json\/wp\/v2\/categories?post=24959"},{"taxonomy":"post_tag","embeddable":true,"href":"https:\/\/elfederalmendoza.com.ar\/index.php\/wp-json\/wp\/v2\/tags?post=24959"}],"curies":[{"name":"wp","href":"https:\/\/api.w.org\/{rel}","templated":true}]}}