{"id":24965,"date":"2023-07-10T08:52:47","date_gmt":"2023-07-10T11:52:47","guid":{"rendered":"https:\/\/elfederalmendoza.com\/?p=24965"},"modified":"2023-07-10T08:52:47","modified_gmt":"2023-07-10T11:52:47","slug":"un-nino-de-11-anos-fue-a-la-comisaria-y-pidio-llorando-que-su-madre-le-dejara-de-pegar","status":"publish","type":"post","link":"https:\/\/elfederalmendoza.com.ar\/index.php\/2023\/07\/10\/un-nino-de-11-anos-fue-a-la-comisaria-y-pidio-llorando-que-su-madre-le-dejara-de-pegar\/","title":{"rendered":"Un ni\u00f1o de 11 a\u00f1os fue a la comisar\u00eda y pidi\u00f3 llorando que su madre le dejara de pegar"},"content":{"rendered":"\n<p>El menor de edad se acerc\u00f3 a la comisar\u00eda 13\u00aa de Mar del Plata para pedir ayuda. La mujer fue minutos despu\u00e9s y qued\u00f3 detenida, al mismo tiempo que el ni\u00f1o fue trasladado a un hospital.<\/p>\n\n\n\n<p>Un\u00a0<strong>ni\u00f1o<\/strong> de 11 a\u00f1os\u00a0se present\u00f3 en la\u00a0comisar\u00eda 13 de Mar del Plata para pedir entre llantos, ayuda a los polic\u00edas para que evitaran que su\u00a0<strong>madre\u00a0<\/strong>le volviera a pegar y los efectivos constataron que el menor ten\u00eda diversos golpes, por lo que fue trasladado hacia un hospital. Se trata de un caso de\u00a0maltrato infantil\u00a0denunciado por la v\u00edctima.<\/p>\n\n\n\n<p>El\u00a0<strong>ni\u00f1o\u00a0<\/strong>fue hasta la dependencia policial a solicitar la citada ayuda y, ante esta situaci\u00f3n, los uniformados lo contuvieron, tras lo cual dieron aviso de lo sucedido a responsables del \u00e1rea de ni\u00f1ez y lo llevaron hasta la Sala de Salud de Playa Serena.<\/p>\n\n\n\n<p>En el centro sanitario, se constat\u00f3 que el&nbsp;<strong>ni\u00f1o&nbsp;<\/strong>ten\u00eda politraumatismos y hematomas en diferentes partes del cuerpo, principalmente en la espalda, y los m\u00e9dicos ordenaron trasladarlo hasta el hospital.&nbsp;<\/p>\n\n\n\n<p>Paralelamente a esta situaci\u00f3n, la\u00a0<strong>madre\u00a0<\/strong>del menor se present\u00f3 en la comisar\u00eda decimotercera visiblemente alterada buscando a su hijo, por lo que los polic\u00edas la dejaron detenida.<\/p>\n\n\n\n<p>La mujer qued\u00f3 a disposici\u00f3n de la Fiscal\u00eda de Flagrancia y por el hecho podr\u00eda tomar intervenci\u00f3n el Juzgado de Familia en turno y los responsables del \u00e1rea de ni\u00f1ez del Municipio.<\/p>\n","protected":false},"excerpt":{"rendered":"<p>El menor de edad se acerc\u00f3 a la comisar\u00eda 13\u00aa de Mar del Plata para pedir ayuda. La mujer fue minutos despu\u00e9s y qued\u00f3 detenida, al mismo tiempo que el ni\u00f1o fue trasladado a un hospital. Un\u00a0ni\u00f1o de 11 a\u00f1os\u00a0se present\u00f3 en la\u00a0comisar\u00eda 13 de Mar del Plata para pedir entre llantos, ayuda a los<a class=\"read-more\" href=\"https:\/\/elfederalmendoza.com.ar\/index.php\/2023\/07\/10\/un-nino-de-11-anos-fue-a-la-comisaria-y-pidio-llorando-que-su-madre-le-dejara-de-pegar\/\"> [&hellip;]<\/a><\/p>\n","protected":false},"author":2,"featured_media":24967,"comment_status":"open","ping_status":"open","sticky":false,"template":"","format":"standard","meta":{"footnotes":""},"categories":[5618],"tags":[],"class_list":["post-24965","post","type-post","status-publish","format-standard","has-post-thumbnail","hentry","category-arg"],"rttpg_featured_image_url":{"full":["https:\/\/elfederalmendoza.com.ar\/wp-content\/uploads\/2023\/07\/comisaria-mar-del-plata.jpg",959,544,false],"landscape":["https:\/\/elfederalmendoza.com.ar\/wp-content\/uploads\/2023\/07\/comisaria-mar-del-plata.jpg",959,544,false],"portraits":["https:\/\/elfederalmendoza.com.ar\/wp-content\/uploads\/2023\/07\/comisaria-mar-del-plata.jpg",959,544,false],"thumbnail":["https:\/\/elfederalmendoza.com.ar\/wp-content\/uploads\/2023\/07\/comisaria-mar-del-plata-150x150.jpg",150,150,true],"medium":["https:\/\/elfederalmendoza.com.ar\/wp-content\/uploads\/2023\/07\/comisaria-mar-del-plata-300x170.jpg",300,170,true],"large":["https:\/\/elfederalmendoza.com.ar\/wp-content\/uploads\/2023\/07\/comisaria-mar-del-plata.jpg",640,363,false],"1536x1536":["https:\/\/elfederalmendoza.com.ar\/wp-content\/uploads\/2023\/07\/comisaria-mar-del-plata.jpg",959,544,false],"2048x2048":["https:\/\/elfederalmendoza.com.ar\/wp-content\/uploads\/2023\/07\/comisaria-mar-del-plata.jpg",959,544,false],"ultp_layout_landscape_large":["https:\/\/elfederalmendoza.com.ar\/wp-content\/uploads\/2023\/07\/comisaria-mar-del-plata.jpg",959,544,false],"ultp_layout_landscape":["https:\/\/elfederalmendoza.com.ar\/wp-content\/uploads\/2023\/07\/comisaria-mar-del-plata-870x544.jpg",870,544,true],"ultp_layout_portrait":["https:\/\/elfederalmendoza.com.ar\/wp-content\/uploads\/2023\/07\/comisaria-mar-del-plata-600x544.jpg",600,544,true],"ultp_layout_square":["https:\/\/elfederalmendoza.com.ar\/wp-content\/uploads\/2023\/07\/comisaria-mar-del-plata-600x544.jpg",600,544,true],"rpwe-thumbnail":["https:\/\/elfederalmendoza.com.ar\/wp-content\/uploads\/2023\/07\/comisaria-mar-del-plata-45x45.jpg",45,45,true],"advps-thumb-one":["https:\/\/elfederalmendoza.com.ar\/wp-content\/uploads\/2023\/07\/comisaria-mar-del-plata-959x420.jpg",959,420,true]},"rttpg_author":{"display_name":"Redacci\u00f3n El Federal","author_link":"https:\/\/elfederalmendoza.com.ar\/index.php\/author\/angelflores\/"},"rttpg_comment":0,"rttpg_category":"<a href=\"https:\/\/elfederalmendoza.com.ar\/index.php\/category\/arg\/\" rel=\"category tag\">Argentina<\/a>","rttpg_excerpt":"El menor de edad se acerc\u00f3 a la comisar\u00eda 13\u00aa de Mar del Plata para pedir ayuda. La mujer fue minutos despu\u00e9s y qued\u00f3 detenida, al mismo tiempo que el ni\u00f1o fue trasladado a un hospital. Un\u00a0ni\u00f1o de 11 a\u00f1os\u00a0se present\u00f3 en la\u00a0comisar\u00eda 13 de Mar del Plata para pedir entre llantos, ayuda a los&hellip;","_links":{"self":[{"href":"https:\/\/elfederalmendoza.com.ar\/index.php\/wp-json\/wp\/v2\/posts\/24965","targetHints":{"allow":["GET"]}}],"collection":[{"href":"https:\/\/elfederalmendoza.com.ar\/index.php\/wp-json\/wp\/v2\/posts"}],"about":[{"href":"https:\/\/elfederalmendoza.com.ar\/index.php\/wp-json\/wp\/v2\/types\/post"}],"author":[{"embeddable":true,"href":"https:\/\/elfederalmendoza.com.ar\/index.php\/wp-json\/wp\/v2\/users\/2"}],"replies":[{"embeddable":true,"href":"https:\/\/elfederalmendoza.com.ar\/index.php\/wp-json\/wp\/v2\/comments?post=24965"}],"version-history":[{"count":1,"href":"https:\/\/elfederalmendoza.com.ar\/index.php\/wp-json\/wp\/v2\/posts\/24965\/revisions"}],"predecessor-version":[{"id":24968,"href":"https:\/\/elfederalmendoza.com.ar\/index.php\/wp-json\/wp\/v2\/posts\/24965\/revisions\/24968"}],"wp:featuredmedia":[{"embeddable":true,"href":"https:\/\/elfederalmendoza.com.ar\/index.php\/wp-json\/wp\/v2\/media\/24967"}],"wp:attachment":[{"href":"https:\/\/elfederalmendoza.com.ar\/index.php\/wp-json\/wp\/v2\/media?parent=24965"}],"wp:term":[{"taxonomy":"category","embeddable":true,"href":"https:\/\/elfederalmendoza.com.ar\/index.php\/wp-json\/wp\/v2\/categories?post=24965"},{"taxonomy":"post_tag","embeddable":true,"href":"https:\/\/elfederalmendoza.com.ar\/index.php\/wp-json\/wp\/v2\/tags?post=24965"}],"curies":[{"name":"wp","href":"https:\/\/api.w.org\/{rel}","templated":true}]}}