{"id":24971,"date":"2023-07-10T09:47:04","date_gmt":"2023-07-10T12:47:04","guid":{"rendered":"https:\/\/elfederalmendoza.com\/?p=24971"},"modified":"2023-07-10T09:47:05","modified_gmt":"2023-07-10T12:47:05","slug":"la-madre-de-paulo-christian-guardati-sigue-buscando-a-su-hijo-desaparecido-en-1992-por-la-policia","status":"publish","type":"post","link":"https:\/\/elfederalmendoza.com.ar\/index.php\/2023\/07\/10\/la-madre-de-paulo-christian-guardati-sigue-buscando-a-su-hijo-desaparecido-en-1992-por-la-policia\/","title":{"rendered":"La madre de Paulo Christian Guardati sigue buscando a su hijo, desaparecido en 1992 por la polic\u00eda"},"content":{"rendered":"\n<p>\u201c<strong>No me voy a morir hasta encontrar a mi hijo<\/strong>\u201d, repite Hilda Lavizzari hace 31 a\u00f1os, desde que su hijo\u00a0<strong>Paulo Christian Guardati<\/strong>, de 21 a\u00f1os, fue visto por \u00faltima vez cuando<strong>\u00a0caminaba esposado y custodiado por un polic\u00eda de civil<\/strong>\u00a0por un boulevard del barrio La Estanzuela, en Godoy Cruz. Pasaron 31 a\u00f1os y\u00a0<strong>no se sabe d\u00f3nde est\u00e1 su cuerpo<\/strong>, aunque una nueva pesquisa trae esperanzas a su madre de 80 a\u00f1os.<\/p>\n\n\n\n<p><strong>Decenas de jueces tuvieron en sus manos la investigaci\u00f3n\u00a0<\/strong>sobre qu\u00e9 pas\u00f3 con Guardati. Varias hojas del extens\u00edsimo expediente se perdieron con cada cambio de magistrado. Durante muchos a\u00f1os la causa estuvo en la Fiscal\u00eda de Homicidios de la fiscal\u00a0<strong>Claudia R\u00edos<\/strong>, hasta que en el 2021 pas\u00f3 a manos de la Justicia Federal, donde el hecho es considerado de\u00a0<strong>lesa humanidad<\/strong>\u00a0y no tiene fecha l\u00edmite.<\/p>\n\n\n\n<figure class=\"wp-block-image size-large\"><img loading=\"lazy\" decoding=\"async\" width=\"1024\" height=\"576\" src=\"https:\/\/elfederalmendoza.com\/wp-content\/uploads\/2023\/07\/paulo-cristian-guardati-desaparecio-mendoza-1992-1024x576.webp\" alt=\"\" class=\"wp-image-24974\" srcset=\"https:\/\/elfederalmendoza.com.ar\/wp-content\/uploads\/2023\/07\/paulo-cristian-guardati-desaparecio-mendoza-1992-1024x576.webp 1024w, https:\/\/elfederalmendoza.com.ar\/wp-content\/uploads\/2023\/07\/paulo-cristian-guardati-desaparecio-mendoza-1992-300x169.webp 300w, https:\/\/elfederalmendoza.com.ar\/wp-content\/uploads\/2023\/07\/paulo-cristian-guardati-desaparecio-mendoza-1992-768x432.webp 768w, https:\/\/elfederalmendoza.com.ar\/wp-content\/uploads\/2023\/07\/paulo-cristian-guardati-desaparecio-mendoza-1992.webp 1200w\" sizes=\"auto, (max-width: 1024px) 100vw, 1024px\" \/><\/figure>\n\n\n\n<p>Hasta hoy, 31 a\u00f1os despu\u00e9s de la desaparici\u00f3n,\u00a0<strong>no hay imputados ni condenados<\/strong>\u00a0por la desaparici\u00f3n forzosa del joven de 21 a\u00f1os.\u00a0<strong>Un sospechoso principal y tres c\u00f3mplices, todos polic\u00edas<\/strong>, estuvieron implicados y acusados desde el primer momento de la investigaci\u00f3n, pero\u00a0<strong>fueron sobrese\u00eddos.<\/strong><\/p>\n\n\n\n<p>\u201c<strong>Ni siquiera tengo una l\u00e1pida donde llevar una flor<\/strong>\u201d, expres\u00f3 durante d\u00e9cadas la madre de Guardati, quien a sus 80 a\u00f1os, con su cabello completamente blanco y acompa\u00f1ada de una dura enfermedad que padece hace tiempo,&nbsp;<strong>jam\u00e1s dej\u00f3 de luchar y de buscar a su hijo<\/strong>. Cualquier indicio, cualquier pista, cualquier cosa que lleve a encontrar algo de la humanidad de Paulo Christian Guardati, es una luz de esperanza para ella.<\/p>\n\n\n\n<p>Siempre recuerda las \u00faltimas palabras que escuch\u00f3 de la boca de su hijo de 21 a\u00f1os, aquel\u00a0<strong>23 de mayo de 1992<\/strong>\u00a0cuando sali\u00f3 de su casa: \u201c<strong>Vieja, voy al baile. No me esper\u00e9s levantada<\/strong>\u201d.<\/p>\n\n\n\n<h2 class=\"wp-block-heading\">La \u00faltima noche de Guardati<strong><\/strong><\/h2>\n\n\n\n<p>Paulo Cristian Guardati era un alba\u00f1il de 21 a\u00f1os. En la noche del 23 de mayo de 1992 fue a\u00a0<strong>un baile en la escuela Atilio Anastasi, ubicada en calle Mathus Hoyos 22.000, en el barrio La Estanzuela, de Godoy Cruz<\/strong>, con sus amigos C\u00e9sar Oscar Altamiranda, Ricardo Hern\u00e1n Andrade, Roberto Carlos Ram\u00edrez y Cristian Walter Reinoso.<\/p>\n\n\n\n<figure class=\"wp-block-image size-large\"><img loading=\"lazy\" decoding=\"async\" width=\"1024\" height=\"576\" src=\"https:\/\/elfederalmendoza.com\/wp-content\/uploads\/2023\/07\/guardati-2020_10jpg-1024x576.webp\" alt=\"\" class=\"wp-image-24975\" srcset=\"https:\/\/elfederalmendoza.com.ar\/wp-content\/uploads\/2023\/07\/guardati-2020_10jpg-1024x576.webp 1024w, https:\/\/elfederalmendoza.com.ar\/wp-content\/uploads\/2023\/07\/guardati-2020_10jpg-300x169.webp 300w, https:\/\/elfederalmendoza.com.ar\/wp-content\/uploads\/2023\/07\/guardati-2020_10jpg-768x432.webp 768w, https:\/\/elfederalmendoza.com.ar\/wp-content\/uploads\/2023\/07\/guardati-2020_10jpg.webp 1200w\" sizes=\"auto, (max-width: 1024px) 100vw, 1024px\" \/><\/figure>\n\n\n\n<p>Cuando regresaban a sus casas,&nbsp;<strong>entre las 4.30 y las 5 de la madrugada del domingo 24 de mayo<\/strong>, se cruzaron con un polic\u00eda de civil. El hombre sin uniforme caminaba por la vereda de enfrente a la de ellos, y seg\u00fan la declaraci\u00f3n de Andrade y Ram\u00edrez,&nbsp;<strong>Guardati le habr\u00eda lanzado una piedra porque parec\u00eda seguirlos<\/strong>. Esto provoc\u00f3 que el efectivo vestido con un buzo y un jogging oscuro,&nbsp;<strong>disparara hacia el aire y corriera detr\u00e1s de ellos.<\/strong><\/p>\n\n\n\n<p>Los j\u00f3venes escaparon hacia diferentes direcciones para no ser alcanzados, pero el sospechoso&nbsp;<strong>eligi\u00f3 ir detr\u00e1s de Guardati<\/strong>. Su amigo Andrade declar\u00f3 que vio cuando el hombre alcanz\u00f3 al joven de 21 a\u00f1os y<strong>&nbsp;lo tir\u00f3 al suelo<\/strong>. Por su parte, Ram\u00edrez relat\u00f3 el momento en que<strong>&nbsp;le puso las esposas.<\/strong><\/p>\n\n\n\n<p>Ante los gritos y ruidos, varios vecinos del barrio La Estanzuela salieron para ver qu\u00e9 pasaba. En sus testimoniales algunos expresaron que\u00a0<strong>escucharon un disparo<\/strong>, otros que fueron<strong>\u00a0cerca de ocho detonaciones<\/strong>. Pero los relatos coinciden en que un hombre joven, alto, de pelo corto, con un arma de fuego en una de sus manos \u201c<strong>como la reglamentaria que usa la Polic\u00eda<\/strong>\u201d, vestido de civil con un jogging azul oscuro, y con actitud de polic\u00eda, llevaba por el medio del<strong>\u00a0Boulevard de la calle \u00d3lmo Z\u00e1rate hacia el Sur a Guardati, quien iba esposado.<\/strong><\/p>\n\n\n\n<p>Por el camino en el que iban, estaba claro que&nbsp;<strong>se dirig\u00edan al Destacamento de La Estanzuela<\/strong>, hoy Comisar\u00eda 40, ubicada en calle Lago Hermoso. Su amigo Ram\u00edrez detall\u00f3 que sigui\u00f3 a Guardati y a su captor hasta que llegaron a la vereda de esa dependencia policial, y se fue.<\/p>\n\n\n\n<p>Los amigos del joven de 21 a\u00f1os&nbsp;<strong>creyeron que pasar\u00eda la noche detenido<\/strong>, especialmente por lanzarle un piedrazo a un efectivo, y que al d\u00eda siguiente saldr\u00eda en libertad sin ning\u00fan inconveniente.&nbsp;<strong>Pero eso no ocurri\u00f3<\/strong>.<\/p>\n\n\n\n<p>La madre de Guardati se enter\u00f3 de lo ocurrido, y esper\u00f3 algunas horas, pero al no tener noticias de su hijo, y sin saber d\u00f3nde hab\u00eda sido llevado,\u00a0<strong>hizo la denuncia el 25 de mayo en la Comisar\u00eda 7\u00b0, de Godoy Cruz.<\/strong><\/p>\n\n\n\n<p>Eran otros tiempos. Los efectivos empezaron la investigaci\u00f3n&nbsp;<strong>sin haber informado a un juez de Instrucci\u00f3n<\/strong>, como lo establec\u00eda el C\u00f3digo de procedimientos penales de Mendoza. Esto impidi\u00f3 que un magistrado diera directivas y tomara decisiones cruciales en las horas m\u00e1s importantes de la causa, y&nbsp;<strong>llev\u00f3 a la p\u00e9rdida de testimonios y pruebas claves.<\/strong><\/p>\n\n\n\n<h2 class=\"wp-block-heading\">Una Justicia que nunca lleg\u00f3 para Guardati<\/h2>\n\n\n\n<p>La jueza Estela Garritano de Cejas<strong>&nbsp;proces\u00f3 e imput\u00f3<\/strong>&nbsp;en febrero de 1993 a los polic\u00edas&nbsp;<strong>Walter Rub\u00e9n Godoy, Oscar Ram\u00f3n Luffi, Walter Rolando P\u00e1ez y Jos\u00e9 Antonio Aracena<\/strong>&nbsp;por&nbsp;<strong>privaci\u00f3n ileg\u00edtima de la libertad&nbsp;<\/strong>y por&nbsp;<strong>homicidio calificado.<\/strong><\/p>\n\n\n\n<p>Para la magistrada, Paulo Christian Guardati&nbsp;<strong>hab\u00eda sido capturado por Walter Godoy<\/strong>&nbsp;por la cantidad de testimonios de personas no vinculadas entre s\u00ed que coincid\u00edan. Los otros tres polic\u00edas, que estaban de guardia en la madrugada del 24 de mayo de 1992 en el Destacamento de La Estanzuela, los acus\u00f3 de<strong>&nbsp;part\u00edcipes necesarios de la desaparici\u00f3n.<\/strong><\/p>\n\n\n\n<p>Hubo decenas de imputaciones por falso testimonio y encubrimiento mientras avanzaba la investigaci\u00f3n, hasta que en abril de 1993, la Quinta C\u00e1mara del Crimen dictamin\u00f3, en forma dividida,\u00a0<strong>la falta de m\u00e9rito para acusarlos de privaci\u00f3n ileg\u00edtima de la libertad y homicidio calificado, y los efectivos recuperaron la libertad.<\/strong><\/p>\n\n\n\n<p>En julio, el juez de instrucci\u00f3n Pedro Funes tom\u00f3 la causa.&nbsp;<strong>Proces\u00f3 al Walter Godoy como autor de la privaci\u00f3n ileg\u00edtima de la libertad<\/strong>, pero para sus compa\u00f1eros Luffi, P\u00e1ez y Aracena sostuvo que su participaci\u00f3n en la detenci\u00f3n&nbsp;<strong>no estaba acreditada.<\/strong><\/p>\n\n\n\n<p>A fines de noviembre, el magistrado&nbsp;<strong>sobresey\u00f3 a los tres polic\u00edas&nbsp;<\/strong>que estaban de guardia en la Comisar\u00eda, mientras que a Godoy, sospechado de ser el capturador, tambi\u00e9n&nbsp;<strong>lo liber\u00f3 de culpa del delito de homicidio calificado.<\/strong><\/p>\n\n\n\n<p>En marzo de 1994, otra vez la Quinta C\u00e1mara del Crimen&nbsp;<strong>anul\u00f3 el procesamiento de Godoy por el delito de privaci\u00f3n ileg\u00edtima de la libertad<\/strong>&nbsp;por la detenci\u00f3n de Guardati, y orden\u00f3 el sobreseimiento del agente.<\/p>\n\n\n\n<h2 class=\"wp-block-heading\">La duda sobre un cuerpo en el Cementerio de Capital<\/h2>\n\n\n\n<p>En 1992 hallaron un cuerpo en el&nbsp;<strong>crematorio del Cementerio de la Capital de Mendoza<\/strong>. La jueza Garritano de Cejas, la primera en investigar la desaparici\u00f3n de Guardati, consider\u00f3 que se trataba de \u00e9l&nbsp;<strong>basada en la descripci\u00f3n f\u00edsica y por la ropa que ten\u00eda el cuerpo.<\/strong><\/p>\n\n\n\n<p>Pero la C\u00e1mara del Crimen indic\u00f3 que las pruebas durante el proceso se\u00f1alaban que&nbsp;<strong>el cad\u00e1ver encontrado no era Guardati<\/strong>, seg\u00fan las conclusiones de un m\u00e9dico del&nbsp;<strong>Cuerpo M\u00e9dico Forense<\/strong>&nbsp;que revis\u00f3 el cuerpo en la capilla ardiente del crematorio del Cementerio de la Capital, donde fue hallado. Un galeno del mismo Cuerpo y personal del Cuerpo M\u00e9dico Forense de la Naci\u00f3n, hicieron&nbsp;<strong>otro informe y coincidieron que no se trataba del joven desaparecido.<\/strong><\/p>\n\n\n\n<p>Tambi\u00e9n&nbsp;<strong>cotejaron el ADN del cad\u00e1ver con muestras del padre del joven desaparecido, Mario Juan Guardati, y de su madre, Hilda Lavizzari<\/strong>, cuyo resultado no fue contundente.<\/p>\n\n\n\n<p>Es el mismo cuerpo que fue\u00a0<strong>exhumado este jueves por antrop\u00f3logos forenses de la Universidad de Buenos Aires<\/strong>, quienes tomaron muestras para repetir el cotejo.\u00a0<strong>Esperan que esta vez el resultado sea concreto<\/strong>\u00a0y de una vez por todas se logre determinar si se trata o no del joven de 21 a\u00f1os desaparecido hace 31 a\u00f1os. Estimaron que\u00a0<strong>dentro de un mes se podr\u00e1 tener el informe<\/strong>.<\/p>\n\n\n\n<p>Durante d\u00e9cadas el cuerpo del joven alba\u00f1il fue buscado por varios lugares, principalmente en el\u00a0<strong>piedemonte mendocino, en el Destacamento de La Estanzuela<\/strong>, hoy Comisar\u00eda 40, de Godoy Cruz, hasta donde lleg\u00f3 el joven custodiado y esposado por un polic\u00eda de civil. Nada tuvo resultados.<\/p>\n\n\n\n<p>En 2012, un llamado an\u00f3nimo asegur\u00f3 que el cuerpo de Guardati estaba&nbsp;<strong>enterrado en el cuadro 34 del Cementerio de la Capital de Mendoza<\/strong>, junto al cuadro 33, donde sepultaron los cuerpos de personas no reconocidas, o NN, y tambi\u00e9n a desaparecidos durante la \u00faltima dictadura miliar.<\/p>\n\n\n\n<p>Personal de Antropolog\u00eda Forense trabaj\u00f3 en ese sector<strong>\u00a0durante 36 horas, y con la presencia de Hilda Lavizzari<\/strong>, levantaron varios restos \u00f3seos, pero luego de analizarlos,\u00a0<strong>ninguno coincidi\u00f3 con Guardati<\/strong>. La ilusi\u00f3n de su madre se apag\u00f3 una vez m\u00e1s.<\/p>\n\n\n\n<h2 class=\"wp-block-heading\">Mendoza reconoci\u00f3 su culpa en el caso Guardati<\/h2>\n\n\n\n<p>El a\u00f1o en el que desapareci\u00f3 Guardati en Mendoza&nbsp;<strong>gobernaba el peronista Rodolfo Gabrielli&nbsp;<\/strong>y el ministro de Gobierno era Alfredo Porras, quien adem\u00e1s ten\u00eda a su cargo el accionar policial y penitenciario.<\/p>\n\n\n\n<p><strong>En 1998, en el gobierno de Arturo Lafalla<\/strong>, Mendoza tom\u00f3 una decisi\u00f3n&nbsp;<strong>sin antecedentes en Argentina al reconocer su responsabilidad y culpa en la desaparici\u00f3n forzosa de Paulo Christian Guardati<\/strong>, e intent\u00f3 resarcir econ\u00f3micamente a su madre con<strong>&nbsp;$136.000 en aquel entonces.<\/strong><\/p>\n\n\n\n<p>Los abogados de Hilda Lavizzari acudieron a la Corte Interamericana de Derechos Humanos y cuando estaban por condenar a Argentina por<strong>&nbsp;violar el derecho de vida y libertad de Guardati, la Canciller\u00eda pact\u00f3 a una soluci\u00f3n amistosa con la Corte.<\/strong><\/p>\n\n\n\n<p>A ra\u00edz de esto se crearon dos comisiones. Una de ellas encargada de fallar y<strong>\u00a0obligar al Estado provincial a pagarle a Lavizzari la indemnizaci\u00f3n\u00a0<\/strong>por la desaparici\u00f3n forzosa de su hijo, lo que cont\u00f3 adem\u00e1s con el aval de la<strong>\u00a0Suprema Corte de Justicia<\/strong>\u00a0de Mendoza.<\/p>\n\n\n\n<p>La otra comisi\u00f3n tuvo el objetivo de<strong>&nbsp;investigar desde el comienzo el caso Guardati&nbsp;<\/strong>y concluyeron que la decisi\u00f3n de la C\u00e1mara del Crimen de sobreseer a los cuatro polic\u00edas implicados&nbsp;<strong>fue err\u00f3nea<\/strong>. Los pesquisas determinaron que&nbsp;<strong>los cuatro acusados eran culpables, pero no pod\u00edan volver a juzgados por el mismo delito<\/strong>, y pidieron que fueran expulsados de la fuerza policial.<\/p>\n\n\n\n<p>Tambi\u00e9n denunciaron una&nbsp;<strong>extensa red de complicidades&nbsp;<\/strong>en torno al caso, pero<strong>&nbsp;no identificaron a nadie<\/strong>&nbsp;de la cadena de encubrimientos.<\/p>\n\n\n\n<h2 class=\"wp-block-heading\">La \u00faltima declaraci\u00f3n por el caso Guardati<strong><\/strong><\/h2>\n\n\n\n<p>Hasta el d\u00eda de hoy rige una\u00a0<strong>recompensa de $1.500.000\u00a0<\/strong>para quien aporte datos sobre d\u00f3nde est\u00e1 el cuerpo del joven de 21 a\u00f1os desaparecido hace 31 a\u00f1os, y revele datos de qu\u00e9 pas\u00f3 con \u00e9l.<\/p>\n\n\n\n<p>En plena pendemia por coronavirus, en agosto del 2020,&nbsp;<strong>un ex polic\u00eda preso pidi\u00f3 hablar con la fiscal de Homicidios Claudia R\u00edos<\/strong>, quien hasta ese momento ten\u00eda la causa de Guardati.<\/p>\n\n\n\n<p>El ex funcionario insisti\u00f3 que el caso del joven de 21 a\u00f1os fue un hecho de abuso policial y asegur\u00f3 que\u00a0<strong>el autor fue un efectivo que era de la Brigada Nocturna de Investigaciones<\/strong>. Detall\u00f3 que el Guardati\u00a0<strong>nunca entr\u00f3 al Destacamento de La Estanzuela<\/strong>, en Godoy Cruz, sino que lo subieron a una camioneta que usaba esa divisi\u00f3n y se lo llevaron. Tambi\u00e9n dijo que el polic\u00eda al que se refiere<strong>\u00a0estuvo procesado en el inicio de la investigaci\u00f3n junto con otros efectivos, pero a\u00f1os despu\u00e9s fue sobrese\u00eddo por la Justicia<\/strong>.<\/p>\n\n\n\n<p><em>Fuente: Diario UNO<\/em><\/p>\n","protected":false},"excerpt":{"rendered":"<p>\u201cNo me voy a morir hasta encontrar a mi hijo\u201d, repite Hilda Lavizzari hace 31 a\u00f1os, desde que su hijo\u00a0Paulo Christian Guardati, de 21 a\u00f1os, fue visto por \u00faltima vez cuando\u00a0caminaba esposado y custodiado por un polic\u00eda de civil\u00a0por un boulevard del barrio La Estanzuela, en Godoy Cruz. Pasaron 31 a\u00f1os y\u00a0no se sabe d\u00f3nde<a class=\"read-more\" href=\"https:\/\/elfederalmendoza.com.ar\/index.php\/2023\/07\/10\/la-madre-de-paulo-christian-guardati-sigue-buscando-a-su-hijo-desaparecido-en-1992-por-la-policia\/\"> [&hellip;]<\/a><\/p>\n","protected":false},"author":2,"featured_media":24973,"comment_status":"open","ping_status":"open","sticky":false,"template":"","format":"standard","meta":{"footnotes":""},"categories":[1],"tags":[],"class_list":["post-24971","post","type-post","status-publish","format-standard","has-post-thumbnail","hentry","category-mza"],"rttpg_featured_image_url":{"full":["https:\/\/elfederalmendoza.com.ar\/wp-content\/uploads\/2023\/07\/caso-guardatijpg.webp",1200,675,false],"landscape":["https:\/\/elfederalmendoza.com.ar\/wp-content\/uploads\/2023\/07\/caso-guardatijpg.webp",1200,675,false],"portraits":["https:\/\/elfederalmendoza.com.ar\/wp-content\/uploads\/2023\/07\/caso-guardatijpg.webp",1200,675,false],"thumbnail":["https:\/\/elfederalmendoza.com.ar\/wp-content\/uploads\/2023\/07\/caso-guardatijpg-150x150.webp",150,150,true],"medium":["https:\/\/elfederalmendoza.com.ar\/wp-content\/uploads\/2023\/07\/caso-guardatijpg-300x169.webp",300,169,true],"large":["https:\/\/elfederalmendoza.com.ar\/wp-content\/uploads\/2023\/07\/caso-guardatijpg-1024x576.webp",640,360,true],"1536x1536":["https:\/\/elfederalmendoza.com.ar\/wp-content\/uploads\/2023\/07\/caso-guardatijpg.webp",1200,675,false],"2048x2048":["https:\/\/elfederalmendoza.com.ar\/wp-content\/uploads\/2023\/07\/caso-guardatijpg.webp",1200,675,false],"ultp_layout_landscape_large":["https:\/\/elfederalmendoza.com.ar\/wp-content\/uploads\/2023\/07\/caso-guardatijpg.webp",1200,675,false],"ultp_layout_landscape":["https:\/\/elfederalmendoza.com.ar\/wp-content\/uploads\/2023\/07\/caso-guardatijpg-870x570.webp",870,570,true],"ultp_layout_portrait":["https:\/\/elfederalmendoza.com.ar\/wp-content\/uploads\/2023\/07\/caso-guardatijpg-600x675.webp",600,675,true],"ultp_layout_square":["https:\/\/elfederalmendoza.com.ar\/wp-content\/uploads\/2023\/07\/caso-guardatijpg-600x600.webp",600,600,true],"rpwe-thumbnail":["https:\/\/elfederalmendoza.com.ar\/wp-content\/uploads\/2023\/07\/caso-guardatijpg-45x45.webp",45,45,true],"advps-thumb-one":["https:\/\/elfederalmendoza.com.ar\/wp-content\/uploads\/2023\/07\/caso-guardatijpg-1200x420.webp",1200,420,true]},"rttpg_author":{"display_name":"Redacci\u00f3n El Federal","author_link":"https:\/\/elfederalmendoza.com.ar\/index.php\/author\/angelflores\/"},"rttpg_comment":0,"rttpg_category":"<a href=\"https:\/\/elfederalmendoza.com.ar\/index.php\/category\/mza\/\" rel=\"category tag\">Mendoza<\/a>","rttpg_excerpt":"\u201cNo me voy a morir hasta encontrar a mi hijo\u201d, repite Hilda Lavizzari hace 31 a\u00f1os, desde que su hijo\u00a0Paulo Christian Guardati, de 21 a\u00f1os, fue visto por \u00faltima vez cuando\u00a0caminaba esposado y custodiado por un polic\u00eda de civil\u00a0por un boulevard del barrio La Estanzuela, en Godoy Cruz. Pasaron 31 a\u00f1os y\u00a0no se sabe d\u00f3nde&hellip;","_links":{"self":[{"href":"https:\/\/elfederalmendoza.com.ar\/index.php\/wp-json\/wp\/v2\/posts\/24971","targetHints":{"allow":["GET"]}}],"collection":[{"href":"https:\/\/elfederalmendoza.com.ar\/index.php\/wp-json\/wp\/v2\/posts"}],"about":[{"href":"https:\/\/elfederalmendoza.com.ar\/index.php\/wp-json\/wp\/v2\/types\/post"}],"author":[{"embeddable":true,"href":"https:\/\/elfederalmendoza.com.ar\/index.php\/wp-json\/wp\/v2\/users\/2"}],"replies":[{"embeddable":true,"href":"https:\/\/elfederalmendoza.com.ar\/index.php\/wp-json\/wp\/v2\/comments?post=24971"}],"version-history":[{"count":1,"href":"https:\/\/elfederalmendoza.com.ar\/index.php\/wp-json\/wp\/v2\/posts\/24971\/revisions"}],"predecessor-version":[{"id":24976,"href":"https:\/\/elfederalmendoza.com.ar\/index.php\/wp-json\/wp\/v2\/posts\/24971\/revisions\/24976"}],"wp:featuredmedia":[{"embeddable":true,"href":"https:\/\/elfederalmendoza.com.ar\/index.php\/wp-json\/wp\/v2\/media\/24973"}],"wp:attachment":[{"href":"https:\/\/elfederalmendoza.com.ar\/index.php\/wp-json\/wp\/v2\/media?parent=24971"}],"wp:term":[{"taxonomy":"category","embeddable":true,"href":"https:\/\/elfederalmendoza.com.ar\/index.php\/wp-json\/wp\/v2\/categories?post=24971"},{"taxonomy":"post_tag","embeddable":true,"href":"https:\/\/elfederalmendoza.com.ar\/index.php\/wp-json\/wp\/v2\/tags?post=24971"}],"curies":[{"name":"wp","href":"https:\/\/api.w.org\/{rel}","templated":true}]}}