{"id":24979,"date":"2023-07-10T10:02:28","date_gmt":"2023-07-10T13:02:28","guid":{"rendered":"https:\/\/elfederalmendoza.com\/?p=24979"},"modified":"2023-07-10T10:32:45","modified_gmt":"2023-07-10T13:32:45","slug":"polemica-en-lavalle-el-inten-dente-righi-paso-a-planta-a-140-empleados-antes-de-dejar-el-poder","status":"publish","type":"post","link":"https:\/\/elfederalmendoza.com.ar\/index.php\/2023\/07\/10\/polemica-en-lavalle-el-inten-dente-righi-paso-a-planta-a-140-empleados-antes-de-dejar-el-poder\/","title":{"rendered":"Pol\u00e9mica en Lavalle: el intendente Righi pas\u00f3 a planta a casi 140 empleados antes de dejar el poder"},"content":{"rendered":"\n<p>Una serie de decretos de la Municipalidad de&nbsp;<strong>Lavalle&nbsp;<\/strong>que otorg\u00f3 el&nbsp;<strong>pase a planta permanente<\/strong>&nbsp;a cerca de 140 personas, entre ellas, funcionarios del&nbsp;<strong>Concejo Deliberante<\/strong>, desat\u00f3 una serie de acusaciones por parte del gremio de empleados municipales que apuntaban a que el intendente Roberto Righi buscaba incorporar de manera definitiva a empleados \u201cleales\u201d.<\/p>\n\n\n\n<p>Esto surge<mark>\u00a0luego de que trascendieran las resoluciones 9876 y 9878, en las cuales se daba el pase a planta a 137 empleados que ten\u00edan contratos de locaci\u00f3n y pases intermedios, en los cuales, se encontraban trabajadores del Concejo Deliberante.<\/mark><\/p>\n\n\n\n<p>Desde el municipio rechazaron las denuncias de favoritismo y explicaron que, una vez que se realiza la resoluci\u00f3n, debe pasar por las oficinas del intendente,\u00a0<mark>donde se realizaron las modificaciones pertinentes y se \u201cfiltr\u00f3\u201d a quienes no pod\u00edan ser contratados.<\/mark><\/p>\n\n\n\n<p>Hay un punto no menor a tener en cuenta en el conflicto municipal. Righi deja la conducci\u00f3n del municipio que asumi\u00f3 en 2001, es decir, luego de m\u00e1s de 20 a\u00f1os en el Ejecutivo comunal. Tampoco tendr\u00e1 continuidad pol\u00edtica, puesto que su candidato perdi\u00f3 en las primarias del 30 de abril contra otro contendiente del peronismo.<\/p>\n\n\n\n<h2 class=\"wp-block-heading\" id=\"h-el-origen-del-conflicto\">El origen del conflicto<\/h2>\n\n\n\n<p>La pol\u00e9mica comenz\u00f3 luego de la reuni\u00f3n paritaria entre el Sindicato de Empleados Municipales de Lavalle y la municipalidad el 13 de junio. En ese momento,&nbsp;<mark>se acord\u00f3 un incremento salarial y el paso a planta permanente de los trabajadores que se encontraban con contrato de locaci\u00f3n.<\/mark><\/p>\n\n\n\n<p>Seg\u00fan algunos c\u00e1lculos del gremio, deber\u00edan ser alrededor de 70 los trabajadores que lograban la permanencia en la planta municipal. Pero cuando accedieron a las resoluciones, se mostraron sorprendidos. La cifra de agentes a incorporar era pr\u00e1cticamente el doble e inclu\u00eda nombres como el de Ana Florencia Ramo, secretaria Legislativa del Concejo, y el de Alejandro Dur\u00e1n, tambi\u00e9n funcionario del \u00f3rgano legislativo entre otros.<\/p>\n\n\n\n<p>Tambi\u00e9n caus\u00f3 sorpresa la rapidez de los nombramientos. El apuro ten\u00eda un motivo.&nbsp;<mark>El 30 de junio era la fecha l\u00edmite para incorporar personal debido a la Ley 7.314 de Responsabilidad Fiscal, que fija l\u00edmites a la contrataci\u00f3n o pase a planta permanente en a\u00f1os electorales.<\/mark><\/p>\n\n\n\n<h2 class=\"wp-block-heading\">La reacci\u00f3n del municipio<\/h2>\n\n\n\n<p>Desde la Municipalidad aseguraron que esta situaci\u00f3n no es cierta, y&nbsp;<mark>que lo que se busca es atacar al oficialismo con falsos testimonios.<\/mark><\/p>\n\n\n\n<p><em>\u201cLo que ha trascendido se trata de una resoluci\u00f3n que a\u00fan no hab\u00eda llegado a mis manos. Luego de una correcci\u00f3n, obviamente que se quit\u00f3 a los funcionarios que trabajaban en el Concejo Deliberante y a aquellos que no pod\u00edan estar por no cumplir los requisitos, como trabajar de lunes a viernes. Tras esto el decreto incorpor\u00f3 a 54 trabajadores que estaban con contrato de locaci\u00f3n, y otros 60 que se encontraban en pase intermedio\u201d<\/em>, explic\u00f3 el intendente Roberto Righi.<\/p>\n\n\n\n<p>Seg\u00fan el jefe comunal, estos 60 trabajadores que se encontraban en pase intermedio eran aquellos que hab\u00edan estado con contrato de locaci\u00f3n, pero ya estaban cobrando con bono de sueldo, por lo que se regulariza su situaci\u00f3n. \u201c<em>Estos pases para la econom\u00eda del municipio significan pagarle un 1% a cada trabajador en esta condici\u00f3n, que corresponde a la antig\u00fcedad<\/em>\u201c.<\/p>\n\n\n\n<p>Righi adem\u00e1s se\u00f1al\u00f3 que la planta de personal del municipio es una de las m\u00e1s chicas de la provincia, y<mark>&nbsp;destac\u00f3 la reducci\u00f3n del presupuesto utilizado para los empleados estatales.<\/mark><\/p>\n\n\n\n<p>\u201c<em>Con este pase a planta son alrededor de 540 los empleados municipales, y el porcentaje del presupuesto que se utiliza para pagar sueldos se redujo del 80% al 40%. Siempre hemos sido cuidadosos con el tema de ampliar el personal. Llevo 22 a\u00f1os como intendente, cometer este tipo de actos es algo que no he hecho ni har\u00eda nunca<\/em>\u201c, se defendi\u00f3 el edil.<\/p>\n\n\n\n<p>Righi s\u00ed confirm\u00f3 a dos trabajadoras del Concejo Deliberante que pasar\u00e1n a la n\u00f3mina del municipio. Se trata de Milagros Guzm\u00e1n y Florencia Sanjurjo, quienes se desempe\u00f1aban como secretarias en el \u00f3rgano legislativo municipal.<\/p>\n\n\n\n<p>Guzm\u00e1n tendr\u00e1 el cargo de \u201cAuxiliar Administrativo Mayor\u201d incluido en la categor\u00eda salarial \u201cD\u201d, mientras que Sanjurjo har\u00e1 lo propio como \u201cEncargado de Administraci\u00f3n\u201d en la categor\u00eda E.<\/p>\n\n\n\n<p><em>\u201cSon chicas j\u00f3venes que se desempe\u00f1an muy bien en su funci\u00f3n y pueden aportar mucho valor a la gesti\u00f3n\u201d<\/em>, se\u00f1al\u00f3 el Intendente.<\/p>\n\n\n\n<h2 class=\"wp-block-heading\">Cautela en la oposici\u00f3n<\/h2>\n\n\n\n<p>Por su parte, desde&nbsp;<strong>Cambia Mendoza<\/strong>&nbsp;aseguraron que ser\u00e1n cautos y se pronunciar\u00e1n al respecto una vez que las resoluciones sean publicadas en el Bolet\u00edn Oficial de la provincia, aunque no les sorprender\u00eda una situaci\u00f3n de estas caracter\u00edsticas.<\/p>\n\n\n\n<p><em>\u201cDespu\u00e9s que el candidato del intendente perdiera la interna del partido en las PASO se est\u00e1n matando entre ellos. Esto es triste porque los \u00fanicos que son perjudicados son los lavallinos. Con respecto a las posibles irregularidades, vamos a ser cautos y esperar que se publiquen las resoluciones en el Bolet\u00edn Oficial, pero no ser\u00eda sorpresa que ocurra algo de estas caracter\u00edsticas\u201d<\/em>, indic\u00f3 Lucas Lupo, candidato a intendente por Cambia Mendoza.<\/p>\n\n\n\n<p><em>El Sol<\/em><\/p>\n","protected":false},"excerpt":{"rendered":"<p>Una serie de decretos de la Municipalidad de&nbsp;Lavalle&nbsp;que otorg\u00f3 el&nbsp;pase a planta permanente&nbsp;a cerca de 140 personas, entre ellas, funcionarios del&nbsp;Concejo Deliberante, desat\u00f3 una serie de acusaciones por parte del gremio de empleados municipales que apuntaban a que el intendente Roberto Righi buscaba incorporar de manera definitiva a empleados \u201cleales\u201d. Esto surge\u00a0luego de que trascendieran<a class=\"read-more\" href=\"https:\/\/elfederalmendoza.com.ar\/index.php\/2023\/07\/10\/polemica-en-lavalle-el-inten-dente-righi-paso-a-planta-a-140-empleados-antes-de-dejar-el-poder\/\"> [&hellip;]<\/a><\/p>\n","protected":false},"author":2,"featured_media":24981,"comment_status":"open","ping_status":"open","sticky":false,"template":"","format":"standard","meta":{"footnotes":""},"categories":[1],"tags":[],"class_list":["post-24979","post","type-post","status-publish","format-standard","has-post-thumbnail","hentry","category-mza"],"rttpg_featured_image_url":{"full":["https:\/\/elfederalmendoza.com.ar\/wp-content\/uploads\/2023\/07\/roberto-righijpg.webp",1200,675,false],"landscape":["https:\/\/elfederalmendoza.com.ar\/wp-content\/uploads\/2023\/07\/roberto-righijpg.webp",1200,675,false],"portraits":["https:\/\/elfederalmendoza.com.ar\/wp-content\/uploads\/2023\/07\/roberto-righijpg.webp",1200,675,false],"thumbnail":["https:\/\/elfederalmendoza.com.ar\/wp-content\/uploads\/2023\/07\/roberto-righijpg-150x150.webp",150,150,true],"medium":["https:\/\/elfederalmendoza.com.ar\/wp-content\/uploads\/2023\/07\/roberto-righijpg-300x169.webp",300,169,true],"large":["https:\/\/elfederalmendoza.com.ar\/wp-content\/uploads\/2023\/07\/roberto-righijpg-1024x576.webp",640,360,true],"1536x1536":["https:\/\/elfederalmendoza.com.ar\/wp-content\/uploads\/2023\/07\/roberto-righijpg.webp",1200,675,false],"2048x2048":["https:\/\/elfederalmendoza.com.ar\/wp-content\/uploads\/2023\/07\/roberto-righijpg.webp",1200,675,false],"ultp_layout_landscape_large":["https:\/\/elfederalmendoza.com.ar\/wp-content\/uploads\/2023\/07\/roberto-righijpg.webp",1200,675,false],"ultp_layout_landscape":["https:\/\/elfederalmendoza.com.ar\/wp-content\/uploads\/2023\/07\/roberto-righijpg-870x570.webp",870,570,true],"ultp_layout_portrait":["https:\/\/elfederalmendoza.com.ar\/wp-content\/uploads\/2023\/07\/roberto-righijpg-600x675.webp",600,675,true],"ultp_layout_square":["https:\/\/elfederalmendoza.com.ar\/wp-content\/uploads\/2023\/07\/roberto-righijpg-600x600.webp",600,600,true],"rpwe-thumbnail":["https:\/\/elfederalmendoza.com.ar\/wp-content\/uploads\/2023\/07\/roberto-righijpg-45x45.webp",45,45,true],"advps-thumb-one":["https:\/\/elfederalmendoza.com.ar\/wp-content\/uploads\/2023\/07\/roberto-righijpg-1200x420.webp",1200,420,true]},"rttpg_author":{"display_name":"Redacci\u00f3n El Federal","author_link":"https:\/\/elfederalmendoza.com.ar\/index.php\/author\/angelflores\/"},"rttpg_comment":0,"rttpg_category":"<a href=\"https:\/\/elfederalmendoza.com.ar\/index.php\/category\/mza\/\" rel=\"category tag\">Mendoza<\/a>","rttpg_excerpt":"Una serie de decretos de la Municipalidad de&nbsp;Lavalle&nbsp;que otorg\u00f3 el&nbsp;pase a planta permanente&nbsp;a cerca de 140 personas, entre ellas, funcionarios del&nbsp;Concejo Deliberante, desat\u00f3 una serie de acusaciones por parte del gremio de empleados municipales que apuntaban a que el intendente Roberto Righi buscaba incorporar de manera definitiva a empleados \u201cleales\u201d. Esto surge\u00a0luego de que trascendieran&hellip;","_links":{"self":[{"href":"https:\/\/elfederalmendoza.com.ar\/index.php\/wp-json\/wp\/v2\/posts\/24979","targetHints":{"allow":["GET"]}}],"collection":[{"href":"https:\/\/elfederalmendoza.com.ar\/index.php\/wp-json\/wp\/v2\/posts"}],"about":[{"href":"https:\/\/elfederalmendoza.com.ar\/index.php\/wp-json\/wp\/v2\/types\/post"}],"author":[{"embeddable":true,"href":"https:\/\/elfederalmendoza.com.ar\/index.php\/wp-json\/wp\/v2\/users\/2"}],"replies":[{"embeddable":true,"href":"https:\/\/elfederalmendoza.com.ar\/index.php\/wp-json\/wp\/v2\/comments?post=24979"}],"version-history":[{"count":4,"href":"https:\/\/elfederalmendoza.com.ar\/index.php\/wp-json\/wp\/v2\/posts\/24979\/revisions"}],"predecessor-version":[{"id":24987,"href":"https:\/\/elfederalmendoza.com.ar\/index.php\/wp-json\/wp\/v2\/posts\/24979\/revisions\/24987"}],"wp:featuredmedia":[{"embeddable":true,"href":"https:\/\/elfederalmendoza.com.ar\/index.php\/wp-json\/wp\/v2\/media\/24981"}],"wp:attachment":[{"href":"https:\/\/elfederalmendoza.com.ar\/index.php\/wp-json\/wp\/v2\/media?parent=24979"}],"wp:term":[{"taxonomy":"category","embeddable":true,"href":"https:\/\/elfederalmendoza.com.ar\/index.php\/wp-json\/wp\/v2\/categories?post=24979"},{"taxonomy":"post_tag","embeddable":true,"href":"https:\/\/elfederalmendoza.com.ar\/index.php\/wp-json\/wp\/v2\/tags?post=24979"}],"curies":[{"name":"wp","href":"https:\/\/api.w.org\/{rel}","templated":true}]}}