{"id":24988,"date":"2023-07-10T08:36:00","date_gmt":"2023-07-10T11:36:00","guid":{"rendered":"https:\/\/elfederalmendoza.com\/?p=24988"},"modified":"2023-07-10T10:39:11","modified_gmt":"2023-07-10T13:39:11","slug":"tras-la-clausura-del-primer-coffee-shop-de-mendoza-los-duenos-se-reunen-con-las-autoridades","status":"publish","type":"post","link":"https:\/\/elfederalmendoza.com.ar\/index.php\/2023\/07\/10\/tras-la-clausura-del-primer-coffee-shop-de-mendoza-los-duenos-se-reunen-con-las-autoridades\/","title":{"rendered":"Tras la clausura del primer coffee shop de Mendoza, los due\u00f1os se re\u00fanen con las autoridades"},"content":{"rendered":"\n<p>El primer\u00a0<strong>coffee shop<\/strong>\u00a0relacionado con el\u00a0<strong>cannabis<\/strong>\u00a0abri\u00f3 en\u00a0<strong>Mendoza<\/strong>\u00a0la semana pasada, pero\u00a0<strong>el martes el Municipio de Ciudad lo clausur\u00f3<\/strong>\u00a0y ahora hay expectativas sobre c\u00f3mo seguir\u00e1 la historia.<\/p>\n\n\n\n<p>El local de la marca\u00a0<strong>Dr. Cultivo<\/strong>, ubicado en calle\u00a0<strong>Ar\u00edstides Villanueva al 240<\/strong>, quiere ofrecer -adem\u00e1s de los servicios de una\u00a0<strong>cafeter\u00eda com\u00fan<\/strong>&#8211; productos relacionados con el uso de la\u00a0<strong>marihuana<\/strong>\u00a0y un contacto directo con la\u00a0<strong>Asociaci\u00f3n de Cannabis Medicinal (ACMED)<\/strong>.<\/p>\n\n\n\n<p>La clausura a\u00fan no hab\u00eda ocurrido cuando\u00a0este medio\u00a0se acerc\u00f3. El flamante establecimiento estaba abierto y con gente, y recib\u00eda al visitante con un conjunto de\u00a0<strong>mesas y sillas<\/strong>\u00a0del lado izquierdo y un\u00a0<strong>mostrador con productos y elementos para el cultivo<\/strong>\u00a0del lado derecho.<\/p>\n\n\n\n<p>Algunas personas tomaban algo y en el fondo hab\u00eda un mostrador de\u00a0<strong>ACMED<\/strong>\u00a0con personas dispuestas a\u00a0<strong>asesorar a quien llegara con preguntas.\u00a0<\/strong><\/p>\n\n\n\n<h2 class=\"wp-block-heading\">De d\u00f3nde sali\u00f3 la idea de poner un coffee shop en Mendoza<\/h2>\n\n\n\n<p>En 2012,<strong>\u00a0Pablo de los R\u00edos (40)<\/strong>\u00a0anduvo por \u00c1msterdam y le llam\u00f3 la atenci\u00f3n la existencia de\u00a0<strong>sitios donde la gente pod\u00eda ir a usar marihuana sin problemas<\/strong>, algo similar a lo que ocurre en\u00a0<strong>Barcelona<\/strong>\u00a0con los \u00abclubes\u00bb y en otras capitales del mundo con diferentes modalidades que se han creado para dar cauce a\u00a0<strong>un fen\u00f3meno que se consolida con los a\u00f1os<\/strong>.<\/p>\n\n\n\n<p>\u00abHab\u00eda visto aquellos proyectos en Europa y se me ocurri\u00f3 que a lo mejor<strong>&nbsp;se pod\u00edan explorar las posibilidades en Mendoza<\/strong>\u00ab, cont\u00f3 De los R\u00edos en un gran sal\u00f3n que tiene el emprendimiento en su parte posterior, y que es&nbsp;<strong>el \u00fanico lugar del sitio donde se puede hacer consumo de cannabis<\/strong>, adem\u00e1s de funcionar como espacio de&nbsp;<strong>conversaci\u00f3n&nbsp;<\/strong>y -tal vez en un futuro- de&nbsp;<strong>coworking<\/strong>.<\/p>\n\n\n\n<p>\u00abEntonces le escrib\u00ed a&nbsp;<strong>Exequiel Pocchettino<\/strong>&nbsp;-CEO de la cadena&nbsp;<strong>Dr. Cultivo<\/strong>&#8211; por Instagram para comentarle la propuesta, y \u00e9l se entusiasm\u00f3.&nbsp;<strong>Sumamos a la asociaci\u00f3n y ah\u00ed todo empez\u00f3 a cobrar forma<\/strong>\u00ab, recapitul\u00f3 Pablo. Seg\u00fan se percibe a simple vista, hizo<strong>&nbsp;una inversi\u00f3n importante<\/strong>.<\/p>\n\n\n\n<p>La empresa&nbsp;<strong>Dr. Cultivo&nbsp;<\/strong>posee 10 sucursales en Argentina y una en Valencia (Espa\u00f1a), y fabrica elementos de industria nacional como&nbsp;<strong>estructuras para poner las plantas y los habit\u00e1culos \u00abindoors\u00bb<\/strong>, que sirven para cuidar a los vegetales puertas adentro. Pero -hasta ahora- la firma no hab\u00eda incursionado en la modalidad&nbsp;<strong>coffee shop<\/strong>.<\/p>\n\n\n\n<p>Aqu\u00ed es necesario insertar algunas precisiones:\u00a0<strong>el local que se abri\u00f3 en Mendoza no se plantea como \u00abun lugar para ir a fumar porro\u00bb<\/strong>, sino que desde la\u00a0<strong>Asociaci\u00f3n de Cannabis Medicinal<\/strong>\u00a0proponen otra perspectiva.<\/p>\n\n\n\n<h2 class=\"wp-block-heading\">La postura de la Asociaci\u00f3n de Cannabis Medicinal<\/h2>\n\n\n\n<p><strong>Romina Castro (37)<\/strong>&nbsp;es una de las referentes de la ACMED y estaba en un mostrador para asesorar a los interesados que ingresaban al&nbsp;<strong>coffee shop de la Ar\u00edstides<\/strong>.<\/p>\n\n\n\n<p>\u00abLa asociaci\u00f3n -cont\u00f3- la conformamos en 2020, cuando la \u00fanica legislaci\u00f3n que hablaba de cannabis era la penal. Luego se aprob\u00f3 la&nbsp;<strong>ley 27.350&nbsp;<\/strong>y el panorama se ampli\u00f3\u00bb.<\/p>\n\n\n\n<p>La 27.350 conform\u00f3 \u00abun marco regulatorio para la investigaci\u00f3n m\u00e9dica y cient\u00edfica del<strong>&nbsp;uso medicinal, terap\u00e9utico y\/o paliativo<\/strong>&nbsp;del dolor de la planta de cannabis y sus derivados, garantizando y promoviendo&nbsp;<strong>el cuidado integral de la salud<\/strong>\u00ab.<\/p>\n\n\n\n<p>Ese concepto de \u00abcuidado integral\u00bb fue subrayado por Romina en su di\u00e1logo con este medio. \u00ab<strong>Para nosotros -destac\u00f3- no existe uso recreativo del cannabis, sino tratamientos para sentirse mejor<\/strong>\u00ab.<\/p>\n\n\n\n<p>Desde ese criterio, cualquier persona que sufra\u00a0<strong>s\u00edntomas corrientes en la sociedad moderna<\/strong>, desde stress a ansiedad, pasando por el insomnio o la fibromialgia, deber\u00eda considerar el uso de la planta y sus derivados.<\/p>\n\n\n\n<h2 class=\"wp-block-heading\">En el camino<\/h2>\n\n\n\n<p>Por lo tanto, el camino para&nbsp;<strong>ingresar al coffee shop y consumir productos relacionados con el cannabis<\/strong>&nbsp;ser\u00eda el siguiente: el usuario se asocia a ACMED y paga una cuota de $15.000 anuales. Eso le da acceso a cursos y al&nbsp;<strong>asesoramiento de un grupo de m\u00e9dicos<\/strong>&nbsp;que est\u00e1n autorizados a recetar marihuana como tratamiento. A ello se le agrega la elaboraci\u00f3n de un&nbsp;<strong>certificado que habilita el cultivo<\/strong>&nbsp;al integrar a la persona en el&nbsp;<strong>Registro del Programa de Cannabis (REPROCANN)<\/strong>.<\/p>\n\n\n\n<p>As\u00ed, los doctores recetar\u00e1n bajo qu\u00e9 forma el paciente debe efectuar dicho tratamiento, y eso puede ir desde fumar hasta incorporar aceite de cannabis a los alimentos.&nbsp;<strong>Sin esos tr\u00e1mites, s\u00f3lo se puede ir al coffee shop a tomar caf\u00e9, t\u00e9 o a lo sumo una cerveza<\/strong>.<\/p>\n\n\n\n<p>Romina sum\u00f3: \u00abpor otra parte,&nbsp;<strong>aqu\u00ed se garantiza la trazabilidad de los productos<\/strong>, adem\u00e1s de recetarse un tipo espec\u00edfico de cannabis seg\u00fan las necesidades de cada cual\u00bb.<\/p>\n\n\n\n<p>Actualmente, ACMED calcula que existen&nbsp;<strong>m\u00e1s de 1.200 asociados en la provincia<\/strong>&nbsp;-unos 600 de ellos en el Gran Mendoza- y alrededor de 2.500 en toda la Argentina. Son el p\u00fablico ideal para la cafeter\u00eda especializada que, al menos por ahora,&nbsp;<strong>permanece oficialmente cerrada a la espera de avances<\/strong>.<\/p>\n\n\n\n<p>Seg\u00fan coment\u00f3 la propia Romina G\u00f3mez este s\u00e1bado, el equipo espera&nbsp;<strong>mantener una reuni\u00f3n el pr\u00f3ximo lunes<\/strong>&nbsp;con representantes de la municipalidad. El principal inconveniente parece estar en que&nbsp;<strong>la comuna quiere obtener m\u00e1s detalles y autorizaciones en relaci\u00f3n al asesoramiento m\u00e9dico<\/strong>&nbsp;que se quiere ofrecer.<\/p>\n\n\n\n<p>Habr\u00e1 que ver si se alcanza un acuerdo.\u00a0<strong>\u00abOjal\u00e1 estemos reabriendo pronto\u00bb<\/strong>, se entusiasm\u00f3 la entrevistada.<\/p>\n\n\n\n<p><em>Diario UNO<\/em><\/p>\n","protected":false},"excerpt":{"rendered":"<p>El primer\u00a0coffee shop\u00a0relacionado con el\u00a0cannabis\u00a0abri\u00f3 en\u00a0Mendoza\u00a0la semana pasada, pero\u00a0el martes el Municipio de Ciudad lo clausur\u00f3\u00a0y ahora hay expectativas sobre c\u00f3mo seguir\u00e1 la historia. El local de la marca\u00a0Dr. Cultivo, ubicado en calle\u00a0Ar\u00edstides Villanueva al 240, quiere ofrecer -adem\u00e1s de los servicios de una\u00a0cafeter\u00eda com\u00fan&#8211; productos relacionados con el uso de la\u00a0marihuana\u00a0y un contacto directo<a class=\"read-more\" href=\"https:\/\/elfederalmendoza.com.ar\/index.php\/2023\/07\/10\/tras-la-clausura-del-primer-coffee-shop-de-mendoza-los-duenos-se-reunen-con-las-autoridades\/\"> [&hellip;]<\/a><\/p>\n","protected":false},"author":2,"featured_media":24990,"comment_status":"open","ping_status":"open","sticky":false,"template":"","format":"standard","meta":{"footnotes":""},"categories":[1],"tags":[],"class_list":["post-24988","post","type-post","status-publish","format-standard","has-post-thumbnail","hentry","category-mza"],"rttpg_featured_image_url":{"full":["https:\/\/elfederalmendoza.com.ar\/wp-content\/uploads\/2023\/07\/trnum.jpg",1023,767,false],"landscape":["https:\/\/elfederalmendoza.com.ar\/wp-content\/uploads\/2023\/07\/trnum.jpg",1023,767,false],"portraits":["https:\/\/elfederalmendoza.com.ar\/wp-content\/uploads\/2023\/07\/trnum.jpg",1023,767,false],"thumbnail":["https:\/\/elfederalmendoza.com.ar\/wp-content\/uploads\/2023\/07\/trnum-150x150.jpg",150,150,true],"medium":["https:\/\/elfederalmendoza.com.ar\/wp-content\/uploads\/2023\/07\/trnum-300x225.jpg",300,225,true],"large":["https:\/\/elfederalmendoza.com.ar\/wp-content\/uploads\/2023\/07\/trnum.jpg",640,480,false],"1536x1536":["https:\/\/elfederalmendoza.com.ar\/wp-content\/uploads\/2023\/07\/trnum.jpg",1023,767,false],"2048x2048":["https:\/\/elfederalmendoza.com.ar\/wp-content\/uploads\/2023\/07\/trnum.jpg",1023,767,false],"ultp_layout_landscape_large":["https:\/\/elfederalmendoza.com.ar\/wp-content\/uploads\/2023\/07\/trnum.jpg",1023,767,false],"ultp_layout_landscape":["https:\/\/elfederalmendoza.com.ar\/wp-content\/uploads\/2023\/07\/trnum-870x570.jpg",870,570,true],"ultp_layout_portrait":["https:\/\/elfederalmendoza.com.ar\/wp-content\/uploads\/2023\/07\/trnum-600x767.jpg",600,767,true],"ultp_layout_square":["https:\/\/elfederalmendoza.com.ar\/wp-content\/uploads\/2023\/07\/trnum-600x600.jpg",600,600,true],"rpwe-thumbnail":["https:\/\/elfederalmendoza.com.ar\/wp-content\/uploads\/2023\/07\/trnum-45x45.jpg",45,45,true],"advps-thumb-one":["https:\/\/elfederalmendoza.com.ar\/wp-content\/uploads\/2023\/07\/trnum-1023x420.jpg",1023,420,true]},"rttpg_author":{"display_name":"Redacci\u00f3n El Federal","author_link":"https:\/\/elfederalmendoza.com.ar\/index.php\/author\/angelflores\/"},"rttpg_comment":0,"rttpg_category":"<a href=\"https:\/\/elfederalmendoza.com.ar\/index.php\/category\/mza\/\" rel=\"category tag\">Mendoza<\/a>","rttpg_excerpt":"El primer\u00a0coffee shop\u00a0relacionado con el\u00a0cannabis\u00a0abri\u00f3 en\u00a0Mendoza\u00a0la semana pasada, pero\u00a0el martes el Municipio de Ciudad lo clausur\u00f3\u00a0y ahora hay expectativas sobre c\u00f3mo seguir\u00e1 la historia. El local de la marca\u00a0Dr. Cultivo, ubicado en calle\u00a0Ar\u00edstides Villanueva al 240, quiere ofrecer -adem\u00e1s de los servicios de una\u00a0cafeter\u00eda com\u00fan&#8211; productos relacionados con el uso de la\u00a0marihuana\u00a0y un contacto directo&hellip;","_links":{"self":[{"href":"https:\/\/elfederalmendoza.com.ar\/index.php\/wp-json\/wp\/v2\/posts\/24988","targetHints":{"allow":["GET"]}}],"collection":[{"href":"https:\/\/elfederalmendoza.com.ar\/index.php\/wp-json\/wp\/v2\/posts"}],"about":[{"href":"https:\/\/elfederalmendoza.com.ar\/index.php\/wp-json\/wp\/v2\/types\/post"}],"author":[{"embeddable":true,"href":"https:\/\/elfederalmendoza.com.ar\/index.php\/wp-json\/wp\/v2\/users\/2"}],"replies":[{"embeddable":true,"href":"https:\/\/elfederalmendoza.com.ar\/index.php\/wp-json\/wp\/v2\/comments?post=24988"}],"version-history":[{"count":1,"href":"https:\/\/elfederalmendoza.com.ar\/index.php\/wp-json\/wp\/v2\/posts\/24988\/revisions"}],"predecessor-version":[{"id":24991,"href":"https:\/\/elfederalmendoza.com.ar\/index.php\/wp-json\/wp\/v2\/posts\/24988\/revisions\/24991"}],"wp:featuredmedia":[{"embeddable":true,"href":"https:\/\/elfederalmendoza.com.ar\/index.php\/wp-json\/wp\/v2\/media\/24990"}],"wp:attachment":[{"href":"https:\/\/elfederalmendoza.com.ar\/index.php\/wp-json\/wp\/v2\/media?parent=24988"}],"wp:term":[{"taxonomy":"category","embeddable":true,"href":"https:\/\/elfederalmendoza.com.ar\/index.php\/wp-json\/wp\/v2\/categories?post=24988"},{"taxonomy":"post_tag","embeddable":true,"href":"https:\/\/elfederalmendoza.com.ar\/index.php\/wp-json\/wp\/v2\/tags?post=24988"}],"curies":[{"name":"wp","href":"https:\/\/api.w.org\/{rel}","templated":true}]}}