{"id":24994,"date":"2023-07-10T08:55:00","date_gmt":"2023-07-10T11:55:00","guid":{"rendered":"https:\/\/elfederalmendoza.com\/?p=24994"},"modified":"2023-07-10T10:58:46","modified_gmt":"2023-07-10T13:58:46","slug":"mauricio-macri-respondio-a-las-criticas-de-cfk-por-el-gasoducto-en-2019-dejamos-la-licitacion-lista-y-el-financiamiento-preparado","status":"publish","type":"post","link":"https:\/\/elfederalmendoza.com.ar\/index.php\/2023\/07\/10\/mauricio-macri-respondio-a-las-criticas-de-cfk-por-el-gasoducto-en-2019-dejamos-la-licitacion-lista-y-el-financiamiento-preparado\/","title":{"rendered":"Mauricio Macri respondi\u00f3 a las cr\u00edticas de CFK por el gasoducto: \u201cEn 2019 dejamos la licitaci\u00f3n lista y el financiamiento preparado\u00bb"},"content":{"rendered":"\n<p>El ex presidente&nbsp;<strong>Mauricio Macri&nbsp;<\/strong>respondi\u00f3 este domingo las cr\u00edticas que hizo m\u00e1s temprano la vicepresidenta&nbsp;<strong>Cristina Kirchner<\/strong>&nbsp;por la supuesta paralizaci\u00f3n del gasoducto N\u00e9stor Kirchner durante la gesti\u00f3n de Cambiemos, y evit\u00f3 referirse al proyecto \u201cpor su nombre oficial\u201d.<\/p>\n\n\n\n<p>Durante la inauguraci\u00f3n de la obra finalizada, la titular del Senado sostuvo que \u201cdesde el 2015 y durante los cuatro a\u00f1os que le siguieron, no hubo ninguna planificaci\u00f3n\u201d para continuar con lo que entonces era una iniciativa.<\/p>\n\n\n\n<p>\u201c\u00bfSaben cu\u00e1ntos kil\u00f3metros de red troncal de gasoductos se construyeron entre 2015 y 2019? 53 kil\u00f3metros. \u00bfSaben cu\u00e1ntos se construyeron entre 2003 y el 2015? 3.211 kil\u00f3metros\u201d, destac\u00f3 la ex mandataria nacional.<\/p>\n\n\n\n<p>A trav\u00e9s de un hilo de mensajes que public\u00f3 en su cuenta de Twitter, Macri le contest\u00f3 a CFK y se\u00f1al\u00f3 que \u201cel gobierno anuncia con bombos y platillos un gasoducto que llega tres a\u00f1os tarde y cuya demora le cost\u00f3 a la Argentina m\u00e1s de 5.000 millones de d\u00f3lares\u201d.<\/p>\n\n\n\n<p>\u201c<strong>En 2019 dejamos la licitaci\u00f3n lista y el financiamiento preparado. Solo ten\u00edan que avanzar<\/strong>. En lugar de eso, tuvimos discursos rimbombantes sobre soberan\u00eda, autoabastecimiento e independencia\u201d, escribi\u00f3 el ex presidente.<\/p>\n\n\n\n<p>En este sentido, consider\u00f3 que \u201cla realidad es que en energ\u00eda, como en los gobiernos kirchneristas anteriores, volvieron a fracasar\u201d, ya que \u201cen 2015 entregaron un d\u00e9ficit energ\u00e9tico brutal, que con mucho esfuerzo (de todos los argentinos)\u201d se logr\u00f3 revertir, \u201csolo para volver a perderlo ahora\u201d.<\/p>\n\n\n\n<p>De todas maneras, Macri felicit\u00f3 \u201ca los ingenieros y a las constructoras por una obra formidable, a pesar de que por el apuro y la falta de previsi\u00f3n del gobierno cost\u00f3 800 millones de d\u00f3lares m\u00e1s de lo que habr\u00eda costado en condiciones normales\u201d.<\/p>\n\n\n\n<p>\u201c<strong>La historia de este gasoducto (disculpen si no lo llamo por su nombre oficial) es otro ejemplo de las oportunidades, los millones y el tiempo que perdimos<\/strong>&nbsp;los argentinos por la obstinaci\u00f3n del kirchnerismo de destruir cualquier cosa que estuviera hecha por nosotros. Ahora por lo menos tenemos algo concreto. Aprovech\u00e9moslo\u201d, cerr\u00f3.<\/p>\n\n\n\n<p>Este domingo, el oficialismo cristaliz\u00f3 la foto de unidad a casi 500 kil\u00f3metros de Buenos Aires para inaugurar el primer tramo del gasoducto de Vaca Muerta, en un acto que funcion\u00f3 como inicio formal de la campa\u00f1a y que incluy\u00f3, adem\u00e1s de cr\u00edticas a la oposici\u00f3n, cuestionamientos al Fondo Monetario Internacional mientras el ministro y candidato presidencial&nbsp;<strong>Sergio Massa&nbsp;<\/strong>espera continuar esta semana la negociaci\u00f3n t\u00e9cnica para reconfigurar el programa.<\/p>\n\n\n\n<p>El presidente&nbsp;<strong>Alberto Fern\u00e1ndez<\/strong>, la vicepresidenta&nbsp;<strong>Cristina Kirchner<\/strong>&nbsp;y el ministro de Econom\u00eda compartieron escenario en Salliquel\u00f3, el pueblo de la provincia de Buenos Aires donde fue soldado el \u00faltimo ca\u00f1o del gasoducto N\u00e9stor Kirchner, una obra que insumi\u00f3 ocho meses -de los 24 en que se proyectaba hacerse un trabajo de esa magnitud en condiciones normales-, que fue financiado en parte con el impuesto a las grandes fortunas y que sufri\u00f3 una serie de demoras, incluso durante el mandato del Frente de Todos.<\/p>\n","protected":false},"excerpt":{"rendered":"<p>El ex presidente&nbsp;Mauricio Macri&nbsp;respondi\u00f3 este domingo las cr\u00edticas que hizo m\u00e1s temprano la vicepresidenta&nbsp;Cristina Kirchner&nbsp;por la supuesta paralizaci\u00f3n del gasoducto N\u00e9stor Kirchner durante la gesti\u00f3n de Cambiemos, y evit\u00f3 referirse al proyecto \u201cpor su nombre oficial\u201d. Durante la inauguraci\u00f3n de la obra finalizada, la titular del Senado sostuvo que \u201cdesde el 2015 y durante los<a class=\"read-more\" href=\"https:\/\/elfederalmendoza.com.ar\/index.php\/2023\/07\/10\/mauricio-macri-respondio-a-las-criticas-de-cfk-por-el-gasoducto-en-2019-dejamos-la-licitacion-lista-y-el-financiamiento-preparado\/\"> [&hellip;]<\/a><\/p>\n","protected":false},"author":2,"featured_media":1158,"comment_status":"open","ping_status":"open","sticky":false,"template":"","format":"standard","meta":{"footnotes":""},"categories":[5618],"tags":[],"class_list":["post-24994","post","type-post","status-publish","format-standard","has-post-thumbnail","hentry","category-arg"],"rttpg_featured_image_url":{"full":["https:\/\/elfederalmendoza.com.ar\/wp-content\/uploads\/2020\/03\/macriguatemala-0.jpg",960,640,false],"landscape":["https:\/\/elfederalmendoza.com.ar\/wp-content\/uploads\/2020\/03\/macriguatemala-0.jpg",960,640,false],"portraits":["https:\/\/elfederalmendoza.com.ar\/wp-content\/uploads\/2020\/03\/macriguatemala-0.jpg",960,640,false],"thumbnail":["https:\/\/elfederalmendoza.com.ar\/wp-content\/uploads\/2020\/03\/macriguatemala-0-150x150.jpg",150,150,true],"medium":["https:\/\/elfederalmendoza.com.ar\/wp-content\/uploads\/2020\/03\/macriguatemala-0-300x200.jpg",300,200,true],"large":["https:\/\/elfederalmendoza.com.ar\/wp-content\/uploads\/2020\/03\/macriguatemala-0.jpg",640,427,false],"1536x1536":["https:\/\/elfederalmendoza.com.ar\/wp-content\/uploads\/2020\/03\/macriguatemala-0.jpg",960,640,false],"2048x2048":["https:\/\/elfederalmendoza.com.ar\/wp-content\/uploads\/2020\/03\/macriguatemala-0.jpg",960,640,false],"ultp_layout_landscape_large":["https:\/\/elfederalmendoza.com.ar\/wp-content\/uploads\/2020\/03\/macriguatemala-0.jpg",960,640,false],"ultp_layout_landscape":["https:\/\/elfederalmendoza.com.ar\/wp-content\/uploads\/2020\/03\/macriguatemala-0.jpg",855,570,false],"ultp_layout_portrait":["https:\/\/elfederalmendoza.com.ar\/wp-content\/uploads\/2020\/03\/macriguatemala-0.jpg",600,400,false],"ultp_layout_square":["https:\/\/elfederalmendoza.com.ar\/wp-content\/uploads\/2020\/03\/macriguatemala-0.jpg",600,400,false],"rpwe-thumbnail":["https:\/\/elfederalmendoza.com.ar\/wp-content\/uploads\/2020\/03\/macriguatemala-0-45x45.jpg",45,45,true],"advps-thumb-one":["https:\/\/elfederalmendoza.com.ar\/wp-content\/uploads\/2020\/03\/macriguatemala-0-960x420.jpg",960,420,true]},"rttpg_author":{"display_name":"Redacci\u00f3n El Federal","author_link":"https:\/\/elfederalmendoza.com.ar\/index.php\/author\/angelflores\/"},"rttpg_comment":0,"rttpg_category":"<a href=\"https:\/\/elfederalmendoza.com.ar\/index.php\/category\/arg\/\" rel=\"category tag\">Argentina<\/a>","rttpg_excerpt":"El ex presidente&nbsp;Mauricio Macri&nbsp;respondi\u00f3 este domingo las cr\u00edticas que hizo m\u00e1s temprano la vicepresidenta&nbsp;Cristina Kirchner&nbsp;por la supuesta paralizaci\u00f3n del gasoducto N\u00e9stor Kirchner durante la gesti\u00f3n de Cambiemos, y evit\u00f3 referirse al proyecto \u201cpor su nombre oficial\u201d. Durante la inauguraci\u00f3n de la obra finalizada, la titular del Senado sostuvo que \u201cdesde el 2015 y durante los&hellip;","_links":{"self":[{"href":"https:\/\/elfederalmendoza.com.ar\/index.php\/wp-json\/wp\/v2\/posts\/24994","targetHints":{"allow":["GET"]}}],"collection":[{"href":"https:\/\/elfederalmendoza.com.ar\/index.php\/wp-json\/wp\/v2\/posts"}],"about":[{"href":"https:\/\/elfederalmendoza.com.ar\/index.php\/wp-json\/wp\/v2\/types\/post"}],"author":[{"embeddable":true,"href":"https:\/\/elfederalmendoza.com.ar\/index.php\/wp-json\/wp\/v2\/users\/2"}],"replies":[{"embeddable":true,"href":"https:\/\/elfederalmendoza.com.ar\/index.php\/wp-json\/wp\/v2\/comments?post=24994"}],"version-history":[{"count":1,"href":"https:\/\/elfederalmendoza.com.ar\/index.php\/wp-json\/wp\/v2\/posts\/24994\/revisions"}],"predecessor-version":[{"id":24997,"href":"https:\/\/elfederalmendoza.com.ar\/index.php\/wp-json\/wp\/v2\/posts\/24994\/revisions\/24997"}],"wp:featuredmedia":[{"embeddable":true,"href":"https:\/\/elfederalmendoza.com.ar\/index.php\/wp-json\/wp\/v2\/media\/1158"}],"wp:attachment":[{"href":"https:\/\/elfederalmendoza.com.ar\/index.php\/wp-json\/wp\/v2\/media?parent=24994"}],"wp:term":[{"taxonomy":"category","embeddable":true,"href":"https:\/\/elfederalmendoza.com.ar\/index.php\/wp-json\/wp\/v2\/categories?post=24994"},{"taxonomy":"post_tag","embeddable":true,"href":"https:\/\/elfederalmendoza.com.ar\/index.php\/wp-json\/wp\/v2\/tags?post=24994"}],"curies":[{"name":"wp","href":"https:\/\/api.w.org\/{rel}","templated":true}]}}