{"id":25014,"date":"2023-07-11T18:02:02","date_gmt":"2023-07-11T21:02:02","guid":{"rendered":"https:\/\/elfederalmendoza.com\/?p=25014"},"modified":"2023-07-11T18:02:02","modified_gmt":"2023-07-11T21:02:02","slug":"un-anfiteatro-casi-vacio-para-escuchar-al-presidente-en-tucuman","status":"publish","type":"post","link":"https:\/\/elfederalmendoza.com.ar\/index.php\/2023\/07\/11\/un-anfiteatro-casi-vacio-para-escuchar-al-presidente-en-tucuman\/","title":{"rendered":"Un anfiteatro casi vac\u00edo para escuchar al Presidente en Tucum\u00e1n"},"content":{"rendered":"\n<p><strong>Un anfiteatro casi vac\u00edo fue el marco para la presencia del presidente Alberto Fern\u00e1ndez en la Quinta Agron\u00f3mica de la UNT este martes durante su visita a Tucum\u00e1n.<\/strong><\/p>\n\n\n\n<p>A 48 horas de la fecha patria persiste en el oficialismo y en la oposici\u00f3n tucumana el malestar por el \u00abfaltazo\u00bb presidencial a Tucum\u00e1n el 9 de Julio, justificado por su asistencia a la inauguraci\u00f3n del Gasoducto Kirchner, en Salliquel\u00f3.<\/p>\n\n\n\n<p>La primera repercusi\u00f3n fueron las declaraciones del vicegobernador y mandatario electo Osvaldo Jaldo quien, consultado por varios medios en la Casa Hist\u00f3rica de la Independencia, sostuvo que \u201cel Presidente tendr\u00eda que haber estado en Tucum\u00e1n\u201d.<\/p>\n\n\n\n<p>La actividad m\u00e1s importante que realiza el Presidente este martes en Tucum\u00e1n es la inauguraci\u00f3n de un nuevo edificio en la Universidad Nacional de Tucum\u00e1n (UNT).&nbsp;<\/p>\n\n\n\n<p>El secretario General de la casa de estudios, Jos\u00e9 Hugo Saab, detall\u00f3 que se trata de la nueva sede de la Facultad de Bioqu\u00edmica, Qu\u00edmica y Farmacia, en el Centro Herrera (ex Quinta Agron\u00f3mica), en la zona sur de la capital.<\/p>\n\n\n\n<p>\u201cEl domingo nos comunicaron sobre la intenci\u00f3n del Jefe de Estado y de inmediato se pusieron a trabajar los equipos de Ceremonial nuestro, de la Provincia y Naci\u00f3n. Estamos complacidos por la visita y es la mejor manera se celebrar que nuestra Universidad sume un nuevo edificio a su patrimonio\u201d, se\u00f1al\u00f3.<\/p>\n\n\n\n<p>Se trata de una inversi\u00f3n que, a valores de 2021, implicaba una inversi\u00f3n cercana a los $ 350 millones, provenientes de los Ministerios de Obras P\u00fablicas y de Educaci\u00f3n de la Naci\u00f3n, a trav\u00e9s del \u201cPrograma de Apoyo a la Infraestructura Universitaria, por un convenio del Gobierno Nacional con el Banco de Desarrollo de Am\u00e9rica Latina.<\/p>\n\n\n\n<figure class=\"wp-block-embed is-type-rich is-provider-twitter wp-block-embed-twitter\"><div class=\"wp-block-embed__wrapper\">\n<blockquote class=\"twitter-tweet\" data-width=\"550\" data-dnt=\"true\"><p lang=\"es\" dir=\"ltr\">Alberto Fern\u00e1ndez est\u00e1 en Tucum\u00e1n inaugurando una parte de la nueva facultad de bioqu\u00edmica de la UNT, pero nadie quiso estar en esta inauguraci\u00f3n a medias y la imagen muestra &quot;el desierto&quot; del anfiteatro. <a href=\"https:\/\/t.co\/p7whzzICVq\">pic.twitter.com\/p7whzzICVq<\/a><\/p>&mdash; enlatecla (@enlatecla247) <a href=\"https:\/\/twitter.com\/enlatecla247\/status\/1678812858119749647?ref_src=twsrc%5Etfw\">July 11, 2023<\/a><\/blockquote><script async src=\"https:\/\/platform.twitter.com\/widgets.js\" charset=\"utf-8\"><\/script>\n<\/div><\/figure>\n\n\n\n<p><\/p>\n","protected":false},"excerpt":{"rendered":"<p>Un anfiteatro casi vac\u00edo fue el marco para la presencia del presidente Alberto Fern\u00e1ndez en la Quinta Agron\u00f3mica de la UNT este martes durante su visita a Tucum\u00e1n. A 48 horas de la fecha patria persiste en el oficialismo y en la oposici\u00f3n tucumana el malestar por el \u00abfaltazo\u00bb presidencial a Tucum\u00e1n el 9 de<a class=\"read-more\" href=\"https:\/\/elfederalmendoza.com.ar\/index.php\/2023\/07\/11\/un-anfiteatro-casi-vacio-para-escuchar-al-presidente-en-tucuman\/\"> [&hellip;]<\/a><\/p>\n","protected":false},"author":2,"featured_media":25017,"comment_status":"open","ping_status":"open","sticky":false,"template":"","format":"standard","meta":{"footnotes":""},"categories":[5618],"tags":[],"class_list":["post-25014","post","type-post","status-publish","format-standard","has-post-thumbnail","hentry","category-arg"],"rttpg_featured_image_url":{"full":["https:\/\/elfederalmendoza.com.ar\/wp-content\/uploads\/2023\/07\/rtsntemnetym.jpg",979,734,false],"landscape":["https:\/\/elfederalmendoza.com.ar\/wp-content\/uploads\/2023\/07\/rtsntemnetym.jpg",979,734,false],"portraits":["https:\/\/elfederalmendoza.com.ar\/wp-content\/uploads\/2023\/07\/rtsntemnetym.jpg",979,734,false],"thumbnail":["https:\/\/elfederalmendoza.com.ar\/wp-content\/uploads\/2023\/07\/rtsntemnetym-150x150.jpg",150,150,true],"medium":["https:\/\/elfederalmendoza.com.ar\/wp-content\/uploads\/2023\/07\/rtsntemnetym-300x225.jpg",300,225,true],"large":["https:\/\/elfederalmendoza.com.ar\/wp-content\/uploads\/2023\/07\/rtsntemnetym.jpg",640,480,false],"1536x1536":["https:\/\/elfederalmendoza.com.ar\/wp-content\/uploads\/2023\/07\/rtsntemnetym.jpg",979,734,false],"2048x2048":["https:\/\/elfederalmendoza.com.ar\/wp-content\/uploads\/2023\/07\/rtsntemnetym.jpg",979,734,false],"ultp_layout_landscape_large":["https:\/\/elfederalmendoza.com.ar\/wp-content\/uploads\/2023\/07\/rtsntemnetym.jpg",979,734,false],"ultp_layout_landscape":["https:\/\/elfederalmendoza.com.ar\/wp-content\/uploads\/2023\/07\/rtsntemnetym-870x570.jpg",870,570,true],"ultp_layout_portrait":["https:\/\/elfederalmendoza.com.ar\/wp-content\/uploads\/2023\/07\/rtsntemnetym-600x734.jpg",600,734,true],"ultp_layout_square":["https:\/\/elfederalmendoza.com.ar\/wp-content\/uploads\/2023\/07\/rtsntemnetym-600x600.jpg",600,600,true],"rpwe-thumbnail":["https:\/\/elfederalmendoza.com.ar\/wp-content\/uploads\/2023\/07\/rtsntemnetym-45x45.jpg",45,45,true],"advps-thumb-one":["https:\/\/elfederalmendoza.com.ar\/wp-content\/uploads\/2023\/07\/rtsntemnetym-979x420.jpg",979,420,true]},"rttpg_author":{"display_name":"Redacci\u00f3n El Federal","author_link":"https:\/\/elfederalmendoza.com.ar\/index.php\/author\/angelflores\/"},"rttpg_comment":0,"rttpg_category":"<a href=\"https:\/\/elfederalmendoza.com.ar\/index.php\/category\/arg\/\" rel=\"category tag\">Argentina<\/a>","rttpg_excerpt":"Un anfiteatro casi vac\u00edo fue el marco para la presencia del presidente Alberto Fern\u00e1ndez en la Quinta Agron\u00f3mica de la UNT este martes durante su visita a Tucum\u00e1n. A 48 horas de la fecha patria persiste en el oficialismo y en la oposici\u00f3n tucumana el malestar por el \u00abfaltazo\u00bb presidencial a Tucum\u00e1n el 9 de&hellip;","_links":{"self":[{"href":"https:\/\/elfederalmendoza.com.ar\/index.php\/wp-json\/wp\/v2\/posts\/25014","targetHints":{"allow":["GET"]}}],"collection":[{"href":"https:\/\/elfederalmendoza.com.ar\/index.php\/wp-json\/wp\/v2\/posts"}],"about":[{"href":"https:\/\/elfederalmendoza.com.ar\/index.php\/wp-json\/wp\/v2\/types\/post"}],"author":[{"embeddable":true,"href":"https:\/\/elfederalmendoza.com.ar\/index.php\/wp-json\/wp\/v2\/users\/2"}],"replies":[{"embeddable":true,"href":"https:\/\/elfederalmendoza.com.ar\/index.php\/wp-json\/wp\/v2\/comments?post=25014"}],"version-history":[{"count":1,"href":"https:\/\/elfederalmendoza.com.ar\/index.php\/wp-json\/wp\/v2\/posts\/25014\/revisions"}],"predecessor-version":[{"id":25016,"href":"https:\/\/elfederalmendoza.com.ar\/index.php\/wp-json\/wp\/v2\/posts\/25014\/revisions\/25016"}],"wp:featuredmedia":[{"embeddable":true,"href":"https:\/\/elfederalmendoza.com.ar\/index.php\/wp-json\/wp\/v2\/media\/25017"}],"wp:attachment":[{"href":"https:\/\/elfederalmendoza.com.ar\/index.php\/wp-json\/wp\/v2\/media?parent=25014"}],"wp:term":[{"taxonomy":"category","embeddable":true,"href":"https:\/\/elfederalmendoza.com.ar\/index.php\/wp-json\/wp\/v2\/categories?post=25014"},{"taxonomy":"post_tag","embeddable":true,"href":"https:\/\/elfederalmendoza.com.ar\/index.php\/wp-json\/wp\/v2\/tags?post=25014"}],"curies":[{"name":"wp","href":"https:\/\/api.w.org\/{rel}","templated":true}]}}