{"id":25020,"date":"2023-07-11T18:05:51","date_gmt":"2023-07-11T21:05:51","guid":{"rendered":"https:\/\/elfederalmendoza.com\/?p=25020"},"modified":"2023-07-11T18:05:51","modified_gmt":"2023-07-11T21:05:51","slug":"la-gente-gritaba-lloraba-y-filmaba-pero-no-hacia-nada-conto-un-vecino-de-trinidad-la-joven-asesinada-por-dogos-en-cordoba","status":"publish","type":"post","link":"https:\/\/elfederalmendoza.com.ar\/index.php\/2023\/07\/11\/la-gente-gritaba-lloraba-y-filmaba-pero-no-hacia-nada-conto-un-vecino-de-trinidad-la-joven-asesinada-por-dogos-en-cordoba\/","title":{"rendered":"\u201cLa gente gritaba, lloraba y filmaba, pero no hac\u00eda nada\u201d, cont\u00f3 un vecino de Trinidad, la joven asesinada por dogos en C\u00f3rdoba"},"content":{"rendered":"\n<p><strong>El brutal ataque de dos perros dogo que acab\u00f3 con la vida de Trinidad, la joven de 15 a\u00f1os que paseaba a sus mascotas por el barrio Estaci\u00f3n Flores de la ciudad de C\u00f3rdoba, suma detalles al dram\u00e1tico episodio.<\/strong>&nbsp;Ahora, un vecino revel\u00f3 en primera persona pormenores del angustioso momento:&nbsp;<strong>\u00abLa gente gritaba, lloraba y filmaba, pero no hac\u00eda nada\u00bb,&nbsp;<\/strong>cuestion\u00f3&nbsp;<strong>Marcelo,&nbsp;<\/strong>una de las personas que intent\u00f3 evitar el tr\u00e1gico final.<\/p>\n\n\n\n<p><strong>\u201cTe queda ese cargo de conciencia, la impotencia de saber si no podr\u00edas haber hecho algo m\u00e1s\u201d,&nbsp;<\/strong>cont\u00f3 con suma congoja en di\u00e1logo con El Doce Tv.<\/p>\n\n\n\n<p><strong>Marcelo&nbsp;<\/strong>no fue un vecino m\u00e1s en el ataque que enlut\u00f3 a C\u00f3rdoba. En su af\u00e1n de defender a la adolescente de 15 a\u00f1os, tambi\u00e9n fue atacado por uno de los perros y recibi\u00f3 un corte profundo en la cara.<\/p>\n\n\n\n<p>El hecho conmocion\u00f3 la ma\u00f1ana de domingo cordobesa. Fue cuando<strong>&nbsp;Trinidad<\/strong>&nbsp;que caminaba con sus mascotas a unas seis cuadras de su casa, fue sorprendida y atacada por dogos que escaparon de la casa de sus due\u00f1os.<\/p>\n\n\n\n<p>En ese momento,\u00a0<strong>Marcelo,\u00a0<\/strong>vecino del barrio Estaci\u00f3n Flores, estaba en su casa festejando un cumplea\u00f1os con un asado. Su hijo y un sobrino que volv\u00edan de hacer compras en un almac\u00e9n lo alertaron del ataque de los perros.<\/p>\n\n\n\n<p><strong>\u201cLlegaron corriendo, casi sin aliento y me dijeron lo que estaba pasando. No dud\u00e9. Sal\u00ed a la calle y le ped\u00ed a mi hijo que me traiga un palo de escoba. En ese momento no sab\u00e9s bien qu\u00e9 hacer\u00bb,\u00a0<\/strong>se sincer\u00f3\u00a0<strong>Marcelo. \u00abHab\u00eda gente alrededor, muchos gritos. Pero nadie hac\u00eda nada\u00bb,\u00a0<\/strong>se lament\u00f3.<\/p>\n\n\n\n<p>Y agreg\u00f3:&nbsp;<strong>\u00abLe pegu\u00e9 al perro que la ten\u00eda a la chica del cuello, pero ni se inmutaba. Me alcanzaron un pico y le pegu\u00e9 un par de veces, pero nada\u00bb,&nbsp;<\/strong>cont\u00f3.<\/p>\n\n\n\n<p><strong>Marcelo&nbsp;<\/strong>hace un bache en el relato, se conmueve. Y sigue:&nbsp;<strong>\u00abLuego un vecino le asest\u00f3 unas pu\u00f1aladas y yo segu\u00ed con el pico, pero el perro no la soltaba. No la soltaba\u201d,&nbsp;<\/strong>repiti\u00f3.<\/p>\n\n\n\n<p>En medio del sangriento ataque, otro perro le salt\u00f3 encima a&nbsp;<strong>Marcelo&nbsp;<\/strong>y lo atac\u00f3.&nbsp;<strong>\u201cNo s\u00e9 si me rasgu\u00f1\u00f3 con los dientes o me ara\u00f1\u00f3 en la cara\u201d,&nbsp;<\/strong>dijo se\u00f1alando la parte derecha de su mand\u00edbula. En ese sector recibi\u00f3 cinco puntos de sutura a ra\u00edz del corte.<\/p>\n\n\n\n<p><strong>\u00abTodo pas\u00f3 muy r\u00e1pido. No est\u00e1bamos preparados para esta situaci\u00f3n\u00a0<\/strong>&#8211; admiti\u00f3 Marcelo-.\u00a0<strong>Luego de que el perro la solt\u00f3, la chica se sent\u00f3 en el piso, abri\u00f3 los brazos como pidiendo ayuda, y luego se cay\u00f3 para atr\u00e1s. No sab\u00edamos si levantarla, sentarla, no sab\u00edamos qu\u00e9 hacer\u00bb,\u00a0<\/strong>cont\u00f3 con dramatismo.<\/p>\n\n\n\n<p>Tras el ataque a la joven de 15 a\u00f1os, los dogos siguieron enfurecidos: corrieron a unos perros que estaban ladr\u00e1ndoles en la esquina y uno de ellos se meti\u00f3 a una vivienda cercana de otro vecino, que en su defensa lo atac\u00f3 con facas y lo mat\u00f3. Ambos perros fueron asesinados a pu\u00f1aladas.<\/p>\n\n\n\n<p>La chica fue trasladada al Hospital de Urgencias de la capital cordobesa con heridas profundas en la cabeza, en el cuello y en el rostro. Adem\u00e1s, los dogos le hab\u00edan perforado dos arterias y cuando lleg\u00f3 al hospital su cuadro era pr\u00e1cticamente irreversible. Muri\u00f3 horas despu\u00e9s, durante la madrugada del lunes.<\/p>\n\n\n\n<p>El due\u00f1o de los animales, que no estaba en la casa, qued\u00f3 imputado por&nbsp;<strong>\u00abhomicidio culposo y lesiones culposas\u00bb&nbsp;<\/strong>y pidi\u00f3 disculpas p\u00fablicas este lunes. Horas m\u00e1s tarde, su vivienda fue allanada y, de acuerdo a lo que se conoci\u00f3, ten\u00eda denuncias previas y hab\u00eda sido condenado por una contravenci\u00f3n el a\u00f1o pasado.<strong>Otro ataque de un perro en el Valle de Punilla<\/strong><\/p>\n\n\n\n<p>Al conmocionante caso de Trinidad, el domingo hubo otro ataque violento de un perro en plena calle hacia una mujer que le provoc\u00f3 una herida de 20 cent\u00edmetros de largo por tres de profundidad en una de sus piernas.<\/p>\n\n\n\n<p>Sucedi\u00f3 en Bialet Mass\u00e9, localidad del Valle de Punilla. All\u00ed, en la intersecci\u00f3n de las calles Hip\u00f3lito Yrigoyen y Tohaen, el perro de su cu\u00f1ada de raza chow chow, tambi\u00e9n se escap\u00f3 de la casa y atac\u00f3 a la mujer de 40 a\u00f1os.<\/p>\n\n\n\n<p>Tras el ataque, la mujer fue derivada al Hospital Domingo Funes de Santa Mar\u00eda de Punilla, donde le practicaron 40 puntos de sutura en su pierna izquierda. Est\u00e1 fuera de peligro.<\/p>\n\n\n\n<p>Ahora, mientras la Fiscal\u00eda de turno investiga las circunstancias del hecho, el perro fue secuestrado por la Patrulla Ambiental y su due\u00f1a qued\u00f3 imputada por \u00ablesiones culposas\u00bb.<\/p>\n","protected":false},"excerpt":{"rendered":"<p>El brutal ataque de dos perros dogo que acab\u00f3 con la vida de Trinidad, la joven de 15 a\u00f1os que paseaba a sus mascotas por el barrio Estaci\u00f3n Flores de la ciudad de C\u00f3rdoba, suma detalles al dram\u00e1tico episodio.&nbsp;Ahora, un vecino revel\u00f3 en primera persona pormenores del angustioso momento:&nbsp;\u00abLa gente gritaba, lloraba y filmaba, pero<a class=\"read-more\" href=\"https:\/\/elfederalmendoza.com.ar\/index.php\/2023\/07\/11\/la-gente-gritaba-lloraba-y-filmaba-pero-no-hacia-nada-conto-un-vecino-de-trinidad-la-joven-asesinada-por-dogos-en-cordoba\/\"> [&hellip;]<\/a><\/p>\n","protected":false},"author":2,"featured_media":25022,"comment_status":"open","ping_status":"open","sticky":false,"template":"","format":"standard","meta":{"footnotes":""},"categories":[5618],"tags":[],"class_list":["post-25020","post","type-post","status-publish","format-standard","has-post-thumbnail","hentry","category-arg"],"rttpg_featured_image_url":{"full":["https:\/\/elfederalmendoza.com.ar\/wp-content\/uploads\/2023\/07\/joven-asesinada-por-los-dogos-en-cordoba.webp",1200,800,false],"landscape":["https:\/\/elfederalmendoza.com.ar\/wp-content\/uploads\/2023\/07\/joven-asesinada-por-los-dogos-en-cordoba.webp",1200,800,false],"portraits":["https:\/\/elfederalmendoza.com.ar\/wp-content\/uploads\/2023\/07\/joven-asesinada-por-los-dogos-en-cordoba.webp",1200,800,false],"thumbnail":["https:\/\/elfederalmendoza.com.ar\/wp-content\/uploads\/2023\/07\/joven-asesinada-por-los-dogos-en-cordoba-150x150.webp",150,150,true],"medium":["https:\/\/elfederalmendoza.com.ar\/wp-content\/uploads\/2023\/07\/joven-asesinada-por-los-dogos-en-cordoba-300x200.webp",300,200,true],"large":["https:\/\/elfederalmendoza.com.ar\/wp-content\/uploads\/2023\/07\/joven-asesinada-por-los-dogos-en-cordoba-1024x683.webp",640,427,true],"1536x1536":["https:\/\/elfederalmendoza.com.ar\/wp-content\/uploads\/2023\/07\/joven-asesinada-por-los-dogos-en-cordoba.webp",1200,800,false],"2048x2048":["https:\/\/elfederalmendoza.com.ar\/wp-content\/uploads\/2023\/07\/joven-asesinada-por-los-dogos-en-cordoba.webp",1200,800,false],"ultp_layout_landscape_large":["https:\/\/elfederalmendoza.com.ar\/wp-content\/uploads\/2023\/07\/joven-asesinada-por-los-dogos-en-cordoba.webp",1200,800,false],"ultp_layout_landscape":["https:\/\/elfederalmendoza.com.ar\/wp-content\/uploads\/2023\/07\/joven-asesinada-por-los-dogos-en-cordoba-870x570.webp",870,570,true],"ultp_layout_portrait":["https:\/\/elfederalmendoza.com.ar\/wp-content\/uploads\/2023\/07\/joven-asesinada-por-los-dogos-en-cordoba-600x800.webp",600,800,true],"ultp_layout_square":["https:\/\/elfederalmendoza.com.ar\/wp-content\/uploads\/2023\/07\/joven-asesinada-por-los-dogos-en-cordoba-600x600.webp",600,600,true],"rpwe-thumbnail":["https:\/\/elfederalmendoza.com.ar\/wp-content\/uploads\/2023\/07\/joven-asesinada-por-los-dogos-en-cordoba-45x45.webp",45,45,true],"advps-thumb-one":["https:\/\/elfederalmendoza.com.ar\/wp-content\/uploads\/2023\/07\/joven-asesinada-por-los-dogos-en-cordoba-1200x420.webp",1200,420,true]},"rttpg_author":{"display_name":"Redacci\u00f3n El Federal","author_link":"https:\/\/elfederalmendoza.com.ar\/index.php\/author\/angelflores\/"},"rttpg_comment":0,"rttpg_category":"<a href=\"https:\/\/elfederalmendoza.com.ar\/index.php\/category\/arg\/\" rel=\"category tag\">Argentina<\/a>","rttpg_excerpt":"El brutal ataque de dos perros dogo que acab\u00f3 con la vida de Trinidad, la joven de 15 a\u00f1os que paseaba a sus mascotas por el barrio Estaci\u00f3n Flores de la ciudad de C\u00f3rdoba, suma detalles al dram\u00e1tico episodio.&nbsp;Ahora, un vecino revel\u00f3 en primera persona pormenores del angustioso momento:&nbsp;\u00abLa gente gritaba, lloraba y filmaba, pero&hellip;","_links":{"self":[{"href":"https:\/\/elfederalmendoza.com.ar\/index.php\/wp-json\/wp\/v2\/posts\/25020","targetHints":{"allow":["GET"]}}],"collection":[{"href":"https:\/\/elfederalmendoza.com.ar\/index.php\/wp-json\/wp\/v2\/posts"}],"about":[{"href":"https:\/\/elfederalmendoza.com.ar\/index.php\/wp-json\/wp\/v2\/types\/post"}],"author":[{"embeddable":true,"href":"https:\/\/elfederalmendoza.com.ar\/index.php\/wp-json\/wp\/v2\/users\/2"}],"replies":[{"embeddable":true,"href":"https:\/\/elfederalmendoza.com.ar\/index.php\/wp-json\/wp\/v2\/comments?post=25020"}],"version-history":[{"count":1,"href":"https:\/\/elfederalmendoza.com.ar\/index.php\/wp-json\/wp\/v2\/posts\/25020\/revisions"}],"predecessor-version":[{"id":25023,"href":"https:\/\/elfederalmendoza.com.ar\/index.php\/wp-json\/wp\/v2\/posts\/25020\/revisions\/25023"}],"wp:featuredmedia":[{"embeddable":true,"href":"https:\/\/elfederalmendoza.com.ar\/index.php\/wp-json\/wp\/v2\/media\/25022"}],"wp:attachment":[{"href":"https:\/\/elfederalmendoza.com.ar\/index.php\/wp-json\/wp\/v2\/media?parent=25020"}],"wp:term":[{"taxonomy":"category","embeddable":true,"href":"https:\/\/elfederalmendoza.com.ar\/index.php\/wp-json\/wp\/v2\/categories?post=25020"},{"taxonomy":"post_tag","embeddable":true,"href":"https:\/\/elfederalmendoza.com.ar\/index.php\/wp-json\/wp\/v2\/tags?post=25020"}],"curies":[{"name":"wp","href":"https:\/\/api.w.org\/{rel}","templated":true}]}}