{"id":25050,"date":"2023-07-12T12:04:11","date_gmt":"2023-07-12T15:04:11","guid":{"rendered":"https:\/\/elfederalmendoza.com\/?p=25050"},"modified":"2023-07-12T12:04:11","modified_gmt":"2023-07-12T15:04:11","slug":"se-cayo-la-sesion-de-la-camara-de-senadores-en-la-que-el-kirchnerismo-buscaba-aprobar-el-pliego-de-una-jueza-clave-en-el-caso-hotesur","status":"publish","type":"post","link":"https:\/\/elfederalmendoza.com.ar\/index.php\/2023\/07\/12\/se-cayo-la-sesion-de-la-camara-de-senadores-en-la-que-el-kirchnerismo-buscaba-aprobar-el-pliego-de-una-jueza-clave-en-el-caso-hotesur\/","title":{"rendered":"Se cay\u00f3 la Sesi\u00f3n de la C\u00e1mara de Senadores en la que el kirchnerismo buscaba aprobar el pliego de una jueza clave en el caso Hotesur"},"content":{"rendered":"\n<p>En la sesi\u00f3n del Senado de la Naci\u00f3n&nbsp;<strong>estaba previsto debatir los ascensos de 75 jueces y fiscales&nbsp;<\/strong>y una decena de proyectos de ley vinculados a&nbsp;<strong>temas sanitarios y de educaci\u00f3n<\/strong>, perose frustr\u00f3 esta ma\u00f1ana debido a la falta de acuerdo entre los bloques pol\u00edticos para dar el quorum requerido.<\/p>\n\n\n\n<p><strong>El interbloque del Frente de Todos que preside Jos\u00e9 Mayans no consigui\u00f3 el qu\u00f3rum\u00a0<\/strong>necesario de 37 senadores presentes para abrir el debate, ya que<strong>\u00a0Juntos por el Cambio (JxC) decidi\u00f3 no bajar el recinto<\/strong>, m\u00e1s dos senadores de Unidad Federal (<strong>Guillermo Snopek y Edgardo Kueider<\/strong>) y\u00a0<strong>Alberto Weretilneck<\/strong>\u00a0(Juntos Somos R\u00edo Negro).<\/p>\n\n\n\n<p>El\u00a0<strong>motivo de la cancelaci\u00f3n fue la falta de qu\u00f3rum<\/strong>, ya que 34 senadores se presentaron, por lo que no se alcanz\u00f3 la cantidad necesaria de 37 presencias. Las ausencias fueron las de parlamentarios de Unidad Federal:\u00a0<strong>Guillermo Snopek y Edgardo Kueider<\/strong>; adem\u00e1s de\u00a0<strong>Alberto Weretilneck<\/strong>\u00a0de Juntos Somos R\u00edo Negro; y de todo el\u00a0<strong>bloque de Juntos por el Cambio<\/strong>.<\/p>\n","protected":false},"excerpt":{"rendered":"<p>En la sesi\u00f3n del Senado de la Naci\u00f3n&nbsp;estaba previsto debatir los ascensos de 75 jueces y fiscales&nbsp;y una decena de proyectos de ley vinculados a&nbsp;temas sanitarios y de educaci\u00f3n, perose frustr\u00f3 esta ma\u00f1ana debido a la falta de acuerdo entre los bloques pol\u00edticos para dar el quorum requerido. El interbloque del Frente de Todos que<a class=\"read-more\" href=\"https:\/\/elfederalmendoza.com.ar\/index.php\/2023\/07\/12\/se-cayo-la-sesion-de-la-camara-de-senadores-en-la-que-el-kirchnerismo-buscaba-aprobar-el-pliego-de-una-jueza-clave-en-el-caso-hotesur\/\"> [&hellip;]<\/a><\/p>\n","protected":false},"author":2,"featured_media":25052,"comment_status":"open","ping_status":"open","sticky":false,"template":"","format":"standard","meta":{"footnotes":""},"categories":[5618],"tags":[],"class_list":["post-25050","post","type-post","status-publish","format-standard","has-post-thumbnail","hentry","category-arg"],"rttpg_featured_image_url":{"full":["https:\/\/elfederalmendoza.com.ar\/wp-content\/uploads\/2023\/07\/senado-caido.jpg",1039,646,false],"landscape":["https:\/\/elfederalmendoza.com.ar\/wp-content\/uploads\/2023\/07\/senado-caido.jpg",1039,646,false],"portraits":["https:\/\/elfederalmendoza.com.ar\/wp-content\/uploads\/2023\/07\/senado-caido.jpg",1039,646,false],"thumbnail":["https:\/\/elfederalmendoza.com.ar\/wp-content\/uploads\/2023\/07\/senado-caido-150x150.jpg",150,150,true],"medium":["https:\/\/elfederalmendoza.com.ar\/wp-content\/uploads\/2023\/07\/senado-caido-300x187.jpg",300,187,true],"large":["https:\/\/elfederalmendoza.com.ar\/wp-content\/uploads\/2023\/07\/senado-caido-1024x637.jpg",640,398,true],"1536x1536":["https:\/\/elfederalmendoza.com.ar\/wp-content\/uploads\/2023\/07\/senado-caido.jpg",1039,646,false],"2048x2048":["https:\/\/elfederalmendoza.com.ar\/wp-content\/uploads\/2023\/07\/senado-caido.jpg",1039,646,false],"ultp_layout_landscape_large":["https:\/\/elfederalmendoza.com.ar\/wp-content\/uploads\/2023\/07\/senado-caido.jpg",1039,646,false],"ultp_layout_landscape":["https:\/\/elfederalmendoza.com.ar\/wp-content\/uploads\/2023\/07\/senado-caido-870x570.jpg",870,570,true],"ultp_layout_portrait":["https:\/\/elfederalmendoza.com.ar\/wp-content\/uploads\/2023\/07\/senado-caido-600x646.jpg",600,646,true],"ultp_layout_square":["https:\/\/elfederalmendoza.com.ar\/wp-content\/uploads\/2023\/07\/senado-caido-600x600.jpg",600,600,true],"rpwe-thumbnail":["https:\/\/elfederalmendoza.com.ar\/wp-content\/uploads\/2023\/07\/senado-caido-45x45.jpg",45,45,true],"advps-thumb-one":["https:\/\/elfederalmendoza.com.ar\/wp-content\/uploads\/2023\/07\/senado-caido-1039x420.jpg",1039,420,true]},"rttpg_author":{"display_name":"Redacci\u00f3n El Federal","author_link":"https:\/\/elfederalmendoza.com.ar\/index.php\/author\/angelflores\/"},"rttpg_comment":0,"rttpg_category":"<a href=\"https:\/\/elfederalmendoza.com.ar\/index.php\/category\/arg\/\" rel=\"category tag\">Argentina<\/a>","rttpg_excerpt":"En la sesi\u00f3n del Senado de la Naci\u00f3n&nbsp;estaba previsto debatir los ascensos de 75 jueces y fiscales&nbsp;y una decena de proyectos de ley vinculados a&nbsp;temas sanitarios y de educaci\u00f3n, perose frustr\u00f3 esta ma\u00f1ana debido a la falta de acuerdo entre los bloques pol\u00edticos para dar el quorum requerido. El interbloque del Frente de Todos que&hellip;","_links":{"self":[{"href":"https:\/\/elfederalmendoza.com.ar\/index.php\/wp-json\/wp\/v2\/posts\/25050","targetHints":{"allow":["GET"]}}],"collection":[{"href":"https:\/\/elfederalmendoza.com.ar\/index.php\/wp-json\/wp\/v2\/posts"}],"about":[{"href":"https:\/\/elfederalmendoza.com.ar\/index.php\/wp-json\/wp\/v2\/types\/post"}],"author":[{"embeddable":true,"href":"https:\/\/elfederalmendoza.com.ar\/index.php\/wp-json\/wp\/v2\/users\/2"}],"replies":[{"embeddable":true,"href":"https:\/\/elfederalmendoza.com.ar\/index.php\/wp-json\/wp\/v2\/comments?post=25050"}],"version-history":[{"count":1,"href":"https:\/\/elfederalmendoza.com.ar\/index.php\/wp-json\/wp\/v2\/posts\/25050\/revisions"}],"predecessor-version":[{"id":25053,"href":"https:\/\/elfederalmendoza.com.ar\/index.php\/wp-json\/wp\/v2\/posts\/25050\/revisions\/25053"}],"wp:featuredmedia":[{"embeddable":true,"href":"https:\/\/elfederalmendoza.com.ar\/index.php\/wp-json\/wp\/v2\/media\/25052"}],"wp:attachment":[{"href":"https:\/\/elfederalmendoza.com.ar\/index.php\/wp-json\/wp\/v2\/media?parent=25050"}],"wp:term":[{"taxonomy":"category","embeddable":true,"href":"https:\/\/elfederalmendoza.com.ar\/index.php\/wp-json\/wp\/v2\/categories?post=25050"},{"taxonomy":"post_tag","embeddable":true,"href":"https:\/\/elfederalmendoza.com.ar\/index.php\/wp-json\/wp\/v2\/tags?post=25050"}],"curies":[{"name":"wp","href":"https:\/\/api.w.org\/{rel}","templated":true}]}}