{"id":25100,"date":"2023-07-13T05:12:00","date_gmt":"2023-07-13T08:12:00","guid":{"rendered":"https:\/\/elfederalmendoza.com\/?p=25100"},"modified":"2023-07-13T11:16:00","modified_gmt":"2023-07-13T14:16:00","slug":"murio-la-bebe-recien-nacida-que-fue-atacada-a-punaladas-por-su-madre-de-17-anos","status":"publish","type":"post","link":"https:\/\/elfederalmendoza.com.ar\/index.php\/2023\/07\/13\/murio-la-bebe-recien-nacida-que-fue-atacada-a-punaladas-por-su-madre-de-17-anos\/","title":{"rendered":"Muri\u00f3 la beb\u00e9 reci\u00e9n nacida que fue atacada a pu\u00f1aladas por su madre de 17 a\u00f1os"},"content":{"rendered":"\n<p>La criatura estuvo internada durante varias horas, pero, pese a los esfuerzos m\u00e9dicos, no sobrevivi\u00f3. La progenitora, de 17 a\u00f1os, dio a luz en el ba\u00f1o de su casa y luego atac\u00f3 a su hija en el nosocomio donde estaban alojadas.<\/p>\n\n\n\n<p>Una beba reci\u00e9n nacida que se encontraba internada en grave estado luego de ser apu\u00f1alada con una tijera por su propia madre de 17 a\u00f1os tras parir en una vivienda, muri\u00f3 el mi\u00e9rcoles en un centro asistencial de&nbsp;<strong>Rosario<\/strong>, informaron fuentes sanitarias y judiciales.<\/p>\n\n\n\n<p><em>\u201cLamentablemente, la beba falleci\u00f3 a las 5 de la ma\u00f1ana de hoy (por el mi\u00e9rcoles\u201d<\/em>, inform\u00f3 la directora de la Maternidad Martin,\u00a0<strong>Lorna Andriussi<\/strong>, el centro asistencial donde el martes al mediod\u00eda lleg\u00f3 la reci\u00e9n nacida junto a su madre de 17 a\u00f1os tras dar a luz en el ba\u00f1o de su vivienda situada en el\u00a0<strong>barrio Belgrano<\/strong>, ubicado en la zona sur de Rosario.<\/p>\n\n\n\n<p>En declaraciones a Radio2-Rosario, Andriussi confirm\u00f3 que, a su ingreso al centro asistencial p\u00fablico, la reci\u00e9n nacida presentaba&nbsp;<em>\u201cgraves heridas punzocortantes en el t\u00f3rax y cuello\u201d que&nbsp;<\/em>presuntamente fueron causadas con una tijera.<\/p>\n\n\n\n<p>En tanto, la madre adolescente,<mark>&nbsp;continuaba este mi\u00e9rcoles internada en el mismo centro sanitario y seg\u00fan el \u00faltimo parte m\u00e9dico, se encuentra&nbsp;<em>\u201cfuera de peligro y con asistencia psicol\u00f3gica\u201d<\/em><\/mark>.<\/p>\n\n\n\n<p>Asimismo, se inform\u00f3 que se encuentra a disposici\u00f3n de la Justicia de Menores de Rosario, que investiga las circunstancias y las motivaciones en las que ocurrieron los hechos, consignaron los informantes.<\/p>\n\n\n\n<p><em>Fuente: con informaci\u00f3n de T\u00e9lam.<\/em><\/p>\n","protected":false},"excerpt":{"rendered":"<p>La criatura estuvo internada durante varias horas, pero, pese a los esfuerzos m\u00e9dicos, no sobrevivi\u00f3. La progenitora, de 17 a\u00f1os, dio a luz en el ba\u00f1o de su casa y luego atac\u00f3 a su hija en el nosocomio donde estaban alojadas. Una beba reci\u00e9n nacida que se encontraba internada en grave estado luego de ser<a class=\"read-more\" href=\"https:\/\/elfederalmendoza.com.ar\/index.php\/2023\/07\/13\/murio-la-bebe-recien-nacida-que-fue-atacada-a-punaladas-por-su-madre-de-17-anos\/\"> [&hellip;]<\/a><\/p>\n","protected":false},"author":2,"featured_media":25102,"comment_status":"open","ping_status":"open","sticky":false,"template":"","format":"standard","meta":{"footnotes":""},"categories":[5618],"tags":[],"class_list":["post-25100","post","type-post","status-publish","format-standard","has-post-thumbnail","hentry","category-arg"],"rttpg_featured_image_url":{"full":["https:\/\/elfederalmendoza.com.ar\/wp-content\/uploads\/2023\/07\/rosario.jpg",1169,510,false],"landscape":["https:\/\/elfederalmendoza.com.ar\/wp-content\/uploads\/2023\/07\/rosario.jpg",1169,510,false],"portraits":["https:\/\/elfederalmendoza.com.ar\/wp-content\/uploads\/2023\/07\/rosario.jpg",1169,510,false],"thumbnail":["https:\/\/elfederalmendoza.com.ar\/wp-content\/uploads\/2023\/07\/rosario-150x150.jpg",150,150,true],"medium":["https:\/\/elfederalmendoza.com.ar\/wp-content\/uploads\/2023\/07\/rosario-300x131.jpg",300,131,true],"large":["https:\/\/elfederalmendoza.com.ar\/wp-content\/uploads\/2023\/07\/rosario-1024x447.jpg",640,279,true],"1536x1536":["https:\/\/elfederalmendoza.com.ar\/wp-content\/uploads\/2023\/07\/rosario.jpg",1169,510,false],"2048x2048":["https:\/\/elfederalmendoza.com.ar\/wp-content\/uploads\/2023\/07\/rosario.jpg",1169,510,false],"ultp_layout_landscape_large":["https:\/\/elfederalmendoza.com.ar\/wp-content\/uploads\/2023\/07\/rosario.jpg",1169,510,false],"ultp_layout_landscape":["https:\/\/elfederalmendoza.com.ar\/wp-content\/uploads\/2023\/07\/rosario-870x510.jpg",870,510,true],"ultp_layout_portrait":["https:\/\/elfederalmendoza.com.ar\/wp-content\/uploads\/2023\/07\/rosario-600x510.jpg",600,510,true],"ultp_layout_square":["https:\/\/elfederalmendoza.com.ar\/wp-content\/uploads\/2023\/07\/rosario-600x510.jpg",600,510,true],"rpwe-thumbnail":["https:\/\/elfederalmendoza.com.ar\/wp-content\/uploads\/2023\/07\/rosario-45x45.jpg",45,45,true],"advps-thumb-one":["https:\/\/elfederalmendoza.com.ar\/wp-content\/uploads\/2023\/07\/rosario-1169x420.jpg",1169,420,true]},"rttpg_author":{"display_name":"Redacci\u00f3n El Federal","author_link":"https:\/\/elfederalmendoza.com.ar\/index.php\/author\/angelflores\/"},"rttpg_comment":0,"rttpg_category":"<a href=\"https:\/\/elfederalmendoza.com.ar\/index.php\/category\/arg\/\" rel=\"category tag\">Argentina<\/a>","rttpg_excerpt":"La criatura estuvo internada durante varias horas, pero, pese a los esfuerzos m\u00e9dicos, no sobrevivi\u00f3. La progenitora, de 17 a\u00f1os, dio a luz en el ba\u00f1o de su casa y luego atac\u00f3 a su hija en el nosocomio donde estaban alojadas. Una beba reci\u00e9n nacida que se encontraba internada en grave estado luego de ser&hellip;","_links":{"self":[{"href":"https:\/\/elfederalmendoza.com.ar\/index.php\/wp-json\/wp\/v2\/posts\/25100","targetHints":{"allow":["GET"]}}],"collection":[{"href":"https:\/\/elfederalmendoza.com.ar\/index.php\/wp-json\/wp\/v2\/posts"}],"about":[{"href":"https:\/\/elfederalmendoza.com.ar\/index.php\/wp-json\/wp\/v2\/types\/post"}],"author":[{"embeddable":true,"href":"https:\/\/elfederalmendoza.com.ar\/index.php\/wp-json\/wp\/v2\/users\/2"}],"replies":[{"embeddable":true,"href":"https:\/\/elfederalmendoza.com.ar\/index.php\/wp-json\/wp\/v2\/comments?post=25100"}],"version-history":[{"count":1,"href":"https:\/\/elfederalmendoza.com.ar\/index.php\/wp-json\/wp\/v2\/posts\/25100\/revisions"}],"predecessor-version":[{"id":25103,"href":"https:\/\/elfederalmendoza.com.ar\/index.php\/wp-json\/wp\/v2\/posts\/25100\/revisions\/25103"}],"wp:featuredmedia":[{"embeddable":true,"href":"https:\/\/elfederalmendoza.com.ar\/index.php\/wp-json\/wp\/v2\/media\/25102"}],"wp:attachment":[{"href":"https:\/\/elfederalmendoza.com.ar\/index.php\/wp-json\/wp\/v2\/media?parent=25100"}],"wp:term":[{"taxonomy":"category","embeddable":true,"href":"https:\/\/elfederalmendoza.com.ar\/index.php\/wp-json\/wp\/v2\/categories?post=25100"},{"taxonomy":"post_tag","embeddable":true,"href":"https:\/\/elfederalmendoza.com.ar\/index.php\/wp-json\/wp\/v2\/tags?post=25100"}],"curies":[{"name":"wp","href":"https:\/\/api.w.org\/{rel}","templated":true}]}}