{"id":25162,"date":"2023-07-14T12:28:41","date_gmt":"2023-07-14T15:28:41","guid":{"rendered":"https:\/\/elfederalmendoza.com\/?p=25162"},"modified":"2023-07-14T12:31:04","modified_gmt":"2023-07-14T15:31:04","slug":"video-jorge-lanata-confirmo-que-wanda-nara-tiene-leucemia-y-hablo-de-su-tratamiento-podria-arrancarlo-de-inmediato","status":"publish","type":"post","link":"https:\/\/elfederalmendoza.com.ar\/index.php\/2023\/07\/14\/video-jorge-lanata-confirmo-que-wanda-nara-tiene-leucemia-y-hablo-de-su-tratamiento-podria-arrancarlo-de-inmediato\/","title":{"rendered":"-VIDEO- Jorge Lanata confirm\u00f3 que Wanda Nara tiene leucemia y habl\u00f3 de su tratamiento: \u201cPodr\u00eda arrancarlo de inmediato\u201d"},"content":{"rendered":"\n<p><strong>Jorge Lanata&nbsp;<\/strong>revel\u00f3 el diagn\u00f3stico de&nbsp;<strong>Wanda Nara<\/strong>. \u201cMucha gente sabe lo que tiene y nadie lo est\u00e1 diciendo. Habl\u00e9 con tres fuentes distintas, dos de ellas muy cercanas a ella, otra al hospital, y&nbsp;<strong>lo que nadie est\u00e1 diciendo es que tiene leucemia<\/strong>\u201d, cont\u00f3 este viernes en el aire de Radio Mitre, aclarando que se trata de una enfermedad que \u201c<strong>no es necesariamente mortal<\/strong>\u201d ya que \u201ctiene tratamiento\u201d.<\/p>\n\n\n\n<p>\u201c<strong>Consult\u00e9 con varios m\u00e9dicos y me dijeron que hay que hacer varios estudios para tener un diagn\u00f3stico. Me dicen que, si se le indica un tratamiento, podr\u00eda arrancar inmediatamente<\/strong>\u201d, agreg\u00f3&nbsp;<strong>Marina Calabr\u00f3<\/strong>.<\/p>\n\n\n\n<p>\u201cElla hab\u00eda terminado las grabaciones de MasterChef. Se iba a embarcar para Ibiza, donde se iba a encontrar con su hermana Zaira y su mam\u00e1. Ten\u00edan previstas unas vacaciones familiares.&nbsp;<strong>Icardi tambi\u00e9n dio parte al Galatasaray de Turqu\u00eda y avis\u00f3 que podr\u00eda postergar su regreso<\/strong>\u201d, a\u00f1adi\u00f3 sobre la reacci\u00f3n de su familia.<\/p>\n\n\n\n<figure class=\"wp-block-embed is-type-video is-provider-youtube wp-block-embed-youtube wp-embed-aspect-16-9 wp-has-aspect-ratio\"><div class=\"wp-block-embed__wrapper\">\n<iframe loading=\"lazy\" title=\"Jorge Lanata confirm\u00f3 que Wanda Nara tiene leucemia: \u201cPodr\u00eda arrancar el tratamiento de inmediato\u201d\" width=\"640\" height=\"360\" src=\"https:\/\/www.youtube.com\/embed\/T4EUu16y5oc?feature=oembed\" frameborder=\"0\" allow=\"accelerometer; autoplay; clipboard-write; encrypted-media; gyroscope; picture-in-picture; web-share\" referrerpolicy=\"strict-origin-when-cross-origin\" allowfullscreen><\/iframe>\n<\/div><\/figure>\n\n\n\n<h2 class=\"wp-block-heading\" id=\"El_diagn\u00f3stico_de_Wanda_Nara\"><strong>El diagn\u00f3stico de Wanda Nara<\/strong><\/h2>\n\n\n\n<p>Con respecto a c\u00f3mo se lleg\u00f3 al diagn\u00f3stico, Calabr\u00f3 revel\u00f3 que&nbsp;<strong>Wanda Nara&nbsp;<\/strong>lleg\u00f3 al Sanatorio Los Arcos el mi\u00e9rcoles a la noche \u201ccon muy fuertes dolores abdominales\u201d y que tras una rutina de estudios \u201c<strong>los valores de los gl\u00f3bulos blancos en sangre le dieron altos<\/strong>\u201d. Se espera que los resultados de los nuevos estudios est\u00e9n listos&nbsp;<strong>en 24 o 48 horas<\/strong>.<\/p>\n\n\n\n<p>Tambi\u00e9n se refiri\u00f3 a los dichos de Andr\u00e9s, el padre de la empresaria, de quien dijo que \u201cestaba mal informado\u201d: \u201cCuando lleg\u00f3 al sanatorio, ella ya no estaba. Como no le dieron precisiones, sac\u00f3 la conclusi\u00f3n de que estaba todo bien y que hab\u00eda sido una simple indisposici\u00f3n. Recordemos que es una relaci\u00f3n que ha tenido muchos vaivenes. En las fiestas de fin de a\u00f1o se los hab\u00eda visto juntos, pero la verdad es que su aparici\u00f3n ayer y sus declaraciones p\u00fablicas fueron extra\u00f1as, una puesta en escena\u201d.<\/p>\n","protected":false},"excerpt":{"rendered":"<p>Jorge Lanata&nbsp;revel\u00f3 el diagn\u00f3stico de&nbsp;Wanda Nara. \u201cMucha gente sabe lo que tiene y nadie lo est\u00e1 diciendo. Habl\u00e9 con tres fuentes distintas, dos de ellas muy cercanas a ella, otra al hospital, y&nbsp;lo que nadie est\u00e1 diciendo es que tiene leucemia\u201d, cont\u00f3 este viernes en el aire de Radio Mitre, aclarando que se trata de<a class=\"read-more\" href=\"https:\/\/elfederalmendoza.com.ar\/index.php\/2023\/07\/14\/video-jorge-lanata-confirmo-que-wanda-nara-tiene-leucemia-y-hablo-de-su-tratamiento-podria-arrancarlo-de-inmediato\/\"> [&hellip;]<\/a><\/p>\n","protected":false},"author":2,"featured_media":25172,"comment_status":"open","ping_status":"open","sticky":false,"template":"","format":"standard","meta":{"footnotes":""},"categories":[5618],"tags":[],"class_list":["post-25162","post","type-post","status-publish","format-standard","has-post-thumbnail","hentry","category-arg"],"rttpg_featured_image_url":{"full":["https:\/\/elfederalmendoza.com.ar\/wp-content\/uploads\/2023\/07\/LANATA-WANDA.jpg",990,551,false],"landscape":["https:\/\/elfederalmendoza.com.ar\/wp-content\/uploads\/2023\/07\/LANATA-WANDA.jpg",990,551,false],"portraits":["https:\/\/elfederalmendoza.com.ar\/wp-content\/uploads\/2023\/07\/LANATA-WANDA.jpg",990,551,false],"thumbnail":["https:\/\/elfederalmendoza.com.ar\/wp-content\/uploads\/2023\/07\/LANATA-WANDA-150x150.jpg",150,150,true],"medium":["https:\/\/elfederalmendoza.com.ar\/wp-content\/uploads\/2023\/07\/LANATA-WANDA-300x167.jpg",300,167,true],"large":["https:\/\/elfederalmendoza.com.ar\/wp-content\/uploads\/2023\/07\/LANATA-WANDA.jpg",640,356,false],"1536x1536":["https:\/\/elfederalmendoza.com.ar\/wp-content\/uploads\/2023\/07\/LANATA-WANDA.jpg",990,551,false],"2048x2048":["https:\/\/elfederalmendoza.com.ar\/wp-content\/uploads\/2023\/07\/LANATA-WANDA.jpg",990,551,false],"ultp_layout_landscape_large":["https:\/\/elfederalmendoza.com.ar\/wp-content\/uploads\/2023\/07\/LANATA-WANDA.jpg",990,551,false],"ultp_layout_landscape":["https:\/\/elfederalmendoza.com.ar\/wp-content\/uploads\/2023\/07\/LANATA-WANDA-870x551.jpg",870,551,true],"ultp_layout_portrait":["https:\/\/elfederalmendoza.com.ar\/wp-content\/uploads\/2023\/07\/LANATA-WANDA-600x551.jpg",600,551,true],"ultp_layout_square":["https:\/\/elfederalmendoza.com.ar\/wp-content\/uploads\/2023\/07\/LANATA-WANDA-600x551.jpg",600,551,true],"rpwe-thumbnail":["https:\/\/elfederalmendoza.com.ar\/wp-content\/uploads\/2023\/07\/LANATA-WANDA-45x45.jpg",45,45,true],"advps-thumb-one":["https:\/\/elfederalmendoza.com.ar\/wp-content\/uploads\/2023\/07\/LANATA-WANDA-990x420.jpg",990,420,true]},"rttpg_author":{"display_name":"Redacci\u00f3n El Federal","author_link":"https:\/\/elfederalmendoza.com.ar\/index.php\/author\/angelflores\/"},"rttpg_comment":0,"rttpg_category":"<a href=\"https:\/\/elfederalmendoza.com.ar\/index.php\/category\/arg\/\" rel=\"category tag\">Argentina<\/a>","rttpg_excerpt":"Jorge Lanata&nbsp;revel\u00f3 el diagn\u00f3stico de&nbsp;Wanda Nara. \u201cMucha gente sabe lo que tiene y nadie lo est\u00e1 diciendo. Habl\u00e9 con tres fuentes distintas, dos de ellas muy cercanas a ella, otra al hospital, y&nbsp;lo que nadie est\u00e1 diciendo es que tiene leucemia\u201d, cont\u00f3 este viernes en el aire de Radio Mitre, aclarando que se trata de&hellip;","_links":{"self":[{"href":"https:\/\/elfederalmendoza.com.ar\/index.php\/wp-json\/wp\/v2\/posts\/25162","targetHints":{"allow":["GET"]}}],"collection":[{"href":"https:\/\/elfederalmendoza.com.ar\/index.php\/wp-json\/wp\/v2\/posts"}],"about":[{"href":"https:\/\/elfederalmendoza.com.ar\/index.php\/wp-json\/wp\/v2\/types\/post"}],"author":[{"embeddable":true,"href":"https:\/\/elfederalmendoza.com.ar\/index.php\/wp-json\/wp\/v2\/users\/2"}],"replies":[{"embeddable":true,"href":"https:\/\/elfederalmendoza.com.ar\/index.php\/wp-json\/wp\/v2\/comments?post=25162"}],"version-history":[{"count":2,"href":"https:\/\/elfederalmendoza.com.ar\/index.php\/wp-json\/wp\/v2\/posts\/25162\/revisions"}],"predecessor-version":[{"id":25173,"href":"https:\/\/elfederalmendoza.com.ar\/index.php\/wp-json\/wp\/v2\/posts\/25162\/revisions\/25173"}],"wp:featuredmedia":[{"embeddable":true,"href":"https:\/\/elfederalmendoza.com.ar\/index.php\/wp-json\/wp\/v2\/media\/25172"}],"wp:attachment":[{"href":"https:\/\/elfederalmendoza.com.ar\/index.php\/wp-json\/wp\/v2\/media?parent=25162"}],"wp:term":[{"taxonomy":"category","embeddable":true,"href":"https:\/\/elfederalmendoza.com.ar\/index.php\/wp-json\/wp\/v2\/categories?post=25162"},{"taxonomy":"post_tag","embeddable":true,"href":"https:\/\/elfederalmendoza.com.ar\/index.php\/wp-json\/wp\/v2\/tags?post=25162"}],"curies":[{"name":"wp","href":"https:\/\/api.w.org\/{rel}","templated":true}]}}