{"id":25198,"date":"2023-07-15T08:58:00","date_gmt":"2023-07-15T11:58:00","guid":{"rendered":"https:\/\/elfederalmendoza.com\/?p=25198"},"modified":"2023-07-15T12:05:11","modified_gmt":"2023-07-15T15:05:11","slug":"identificaron-en-chaco-al-misterioso-beneficiario-del-millon-de-pesos-que-giro-el-clan-sena-trabaja-en-un-corralon","status":"publish","type":"post","link":"https:\/\/elfederalmendoza.com.ar\/index.php\/2023\/07\/15\/identificaron-en-chaco-al-misterioso-beneficiario-del-millon-de-pesos-que-giro-el-clan-sena-trabaja-en-un-corralon\/","title":{"rendered":"Identificaron en Chaco al misterioso \u00abbeneficiario\u00bb del mill\u00f3n de pesos que gir\u00f3 el clan Sena: trabaja en un corral\u00f3n"},"content":{"rendered":"\n<p><strong>En los \u00faltimos d\u00edas, la Polic\u00eda local revel\u00f3 que C\u00e9sar Sena hab\u00eda recibido hojas en blanco con tinta indeleble con un n\u00famero de cuenta del Nuevo Banco de Chaco, cuyo titular ser\u00eda Marcelino Barrios.\u00a0<\/strong><\/p>\n\n\n\n<p>Fuentes de la investigaci\u00f3n confirmaron a la agencia NA que la transferencia bancaria se hab\u00eda realizado el 17 de octubre &#8211; D\u00eda de la Lealtad peronista- de 2022 desde la Fundaci\u00f3n Sa\u00fal Acu\u00f1a al citado Barrios.<br><strong>El ticket bancario, junto con las hojas \u00aben blanco\u00bb, fueron llevadas a prisi\u00f3n por Mariano Rodolfo Sena, hijo mayor de Emerenciano, a su hermanastro.<\/strong><\/p>\n\n\n\n<p>De acuerdo con la agencia Noticias Argentinas, el \u00abbeneficiario\u00bb en cuesti\u00f3n sub\u00eda fotos a sus redes sociales contento con sus cosechas de tomates y trabaja en un corral\u00f3n llamado \u00abDios es Fiel\u00bb (nombre de fantas\u00eda).<\/p>\n\n\n\n<p><strong>En el llamado clan Sena son creyentes de Dios.\u00a0<\/strong><\/p>\n\n\n\n<p>M\u00e1s a\u00fan, Marcela Acu\u00f1a escribi\u00f3 una carta en la que asegur\u00f3: \u00abSomos inocentes y aquellos que act\u00faan con malicia, que Dios los perdone, han generado mucho dolor, y eso todo Dios lo ve, no se usa el dolor ajeno para posicionarse en una sociedad que cree en los medios de comunicaci\u00f3n\u00bb.\u00a0<br>El corral\u00f3n est\u00e1 ubicado en Lisandro de la Torre 2598, en Resistencia, que coincide con la direcci\u00f3n oficial del citado Marcelino Barrios.<\/p>\n\n\n\n<p>La inscripci\u00f3n en la AFIP del corral\u00f3n fue realizada el 10 de junio de 2022.\u00a0<\/p>\n\n\n\n<p><strong>El nombre de fantas\u00eda del corral\u00f3n, \u00abDios es Fiel\u00bb, no tiene sociedad comercial que lo respalde.\u00a0<\/strong><br>Su categor\u00eda ante el fisco es la m\u00e1s baja, pero recibi\u00f3 un pago bancario de un mill\u00f3n de pesos de la Fundaci\u00f3n de los Sena.<\/p>\n\n\n\n<p><strong>La Justicia investiga si Barrios es un testaferro de los Sena y si el llamativo ticket bancario que le llevaron a C\u00e9sar Sena, en la que aparec\u00eda la transferencia bancaria por 1 mill\u00f3n de pesos, era un mensaje encriptado o mafioso.<\/strong><br><strong><br><u>La sangre encontrada en casa de los Sena es de Cecilia Strzyzowski<\/u><\/strong><\/p>\n\n\n\n<p>La Justicia de Chaco confirm\u00f3 que la sangre hallada en la casa del matrimonio Sena, en Santa Mar\u00eda del Oro al 1400, en Resistencia, era de Cecilia Strzyzowski.<\/p>\n\n\n\n<p>Los restos fueron encontrados sobre un colch\u00f3n que, la semana de la desaparici\u00f3n de la joven, fue desechado en el Barrio Emerenciano Sena, en la zona sur de la ciudad. El dato compromete a\u00fan m\u00e1s a los tres detenidos por el crimen: C\u00e9sar Sena, su padre Emerenciano y Marcela Acu\u00f1a, pareja del piquetero.<\/p>\n\n\n\n<p>En ese domicilio estaba inscripta la Fundaci\u00f3n Sa\u00fal Acu\u00f1a, que recibi\u00f3 solo durante los primeros seis meses de este a\u00f1o 140 millones de pesos del gobierno chaque\u00f1o de Jorge Capitanich para construir viviendas sociales.<\/p>\n\n\n\n<p>En la c\u00e1rcel, Marcela Acu\u00f1a responsabiliz\u00f3 del crimen a su hijo, su marido intent\u00f3 obtener una prisi\u00f3n domiciliaria alegando problemas de salud y el hijo del matrimonio piquetero recibi\u00f3 a un sacerdote cercano al poder pol\u00edtico, mientras su defensa asegur\u00f3, ante los medios, que no exist\u00eda \u00abninguna prueba de que Cecilia estuviese muerta\u00bb.<\/p>\n","protected":false},"excerpt":{"rendered":"<p>En los \u00faltimos d\u00edas, la Polic\u00eda local revel\u00f3 que C\u00e9sar Sena hab\u00eda recibido hojas en blanco con tinta indeleble con un n\u00famero de cuenta del Nuevo Banco de Chaco, cuyo titular ser\u00eda Marcelino Barrios.\u00a0 Fuentes de la investigaci\u00f3n confirmaron a la agencia NA que la transferencia bancaria se hab\u00eda realizado el 17 de octubre &#8211;<a class=\"read-more\" href=\"https:\/\/elfederalmendoza.com.ar\/index.php\/2023\/07\/15\/identificaron-en-chaco-al-misterioso-beneficiario-del-millon-de-pesos-que-giro-el-clan-sena-trabaja-en-un-corralon\/\"> [&hellip;]<\/a><\/p>\n","protected":false},"author":2,"featured_media":25200,"comment_status":"open","ping_status":"open","sticky":false,"template":"","format":"standard","meta":{"footnotes":""},"categories":[5618],"tags":[],"class_list":["post-25198","post","type-post","status-publish","format-standard","has-post-thumbnail","hentry","category-arg"],"rttpg_featured_image_url":{"full":["https:\/\/elfederalmendoza.com.ar\/wp-content\/uploads\/2023\/07\/marcela-acuna-cesar-y-emerenciano-sena-1598079.webp",987,555,false],"landscape":["https:\/\/elfederalmendoza.com.ar\/wp-content\/uploads\/2023\/07\/marcela-acuna-cesar-y-emerenciano-sena-1598079.webp",987,555,false],"portraits":["https:\/\/elfederalmendoza.com.ar\/wp-content\/uploads\/2023\/07\/marcela-acuna-cesar-y-emerenciano-sena-1598079.webp",987,555,false],"thumbnail":["https:\/\/elfederalmendoza.com.ar\/wp-content\/uploads\/2023\/07\/marcela-acuna-cesar-y-emerenciano-sena-1598079-150x150.webp",150,150,true],"medium":["https:\/\/elfederalmendoza.com.ar\/wp-content\/uploads\/2023\/07\/marcela-acuna-cesar-y-emerenciano-sena-1598079-300x169.webp",300,169,true],"large":["https:\/\/elfederalmendoza.com.ar\/wp-content\/uploads\/2023\/07\/marcela-acuna-cesar-y-emerenciano-sena-1598079.webp",640,360,false],"1536x1536":["https:\/\/elfederalmendoza.com.ar\/wp-content\/uploads\/2023\/07\/marcela-acuna-cesar-y-emerenciano-sena-1598079.webp",987,555,false],"2048x2048":["https:\/\/elfederalmendoza.com.ar\/wp-content\/uploads\/2023\/07\/marcela-acuna-cesar-y-emerenciano-sena-1598079.webp",987,555,false],"ultp_layout_landscape_large":["https:\/\/elfederalmendoza.com.ar\/wp-content\/uploads\/2023\/07\/marcela-acuna-cesar-y-emerenciano-sena-1598079.webp",987,555,false],"ultp_layout_landscape":["https:\/\/elfederalmendoza.com.ar\/wp-content\/uploads\/2023\/07\/marcela-acuna-cesar-y-emerenciano-sena-1598079-870x555.webp",870,555,true],"ultp_layout_portrait":["https:\/\/elfederalmendoza.com.ar\/wp-content\/uploads\/2023\/07\/marcela-acuna-cesar-y-emerenciano-sena-1598079-600x555.webp",600,555,true],"ultp_layout_square":["https:\/\/elfederalmendoza.com.ar\/wp-content\/uploads\/2023\/07\/marcela-acuna-cesar-y-emerenciano-sena-1598079-600x555.webp",600,555,true],"rpwe-thumbnail":["https:\/\/elfederalmendoza.com.ar\/wp-content\/uploads\/2023\/07\/marcela-acuna-cesar-y-emerenciano-sena-1598079-45x45.webp",45,45,true],"advps-thumb-one":["https:\/\/elfederalmendoza.com.ar\/wp-content\/uploads\/2023\/07\/marcela-acuna-cesar-y-emerenciano-sena-1598079-987x420.webp",987,420,true]},"rttpg_author":{"display_name":"Redacci\u00f3n El Federal","author_link":"https:\/\/elfederalmendoza.com.ar\/index.php\/author\/angelflores\/"},"rttpg_comment":0,"rttpg_category":"<a href=\"https:\/\/elfederalmendoza.com.ar\/index.php\/category\/arg\/\" rel=\"category tag\">Argentina<\/a>","rttpg_excerpt":"En los \u00faltimos d\u00edas, la Polic\u00eda local revel\u00f3 que C\u00e9sar Sena hab\u00eda recibido hojas en blanco con tinta indeleble con un n\u00famero de cuenta del Nuevo Banco de Chaco, cuyo titular ser\u00eda Marcelino Barrios.\u00a0 Fuentes de la investigaci\u00f3n confirmaron a la agencia NA que la transferencia bancaria se hab\u00eda realizado el 17 de octubre &#8211;&hellip;","_links":{"self":[{"href":"https:\/\/elfederalmendoza.com.ar\/index.php\/wp-json\/wp\/v2\/posts\/25198","targetHints":{"allow":["GET"]}}],"collection":[{"href":"https:\/\/elfederalmendoza.com.ar\/index.php\/wp-json\/wp\/v2\/posts"}],"about":[{"href":"https:\/\/elfederalmendoza.com.ar\/index.php\/wp-json\/wp\/v2\/types\/post"}],"author":[{"embeddable":true,"href":"https:\/\/elfederalmendoza.com.ar\/index.php\/wp-json\/wp\/v2\/users\/2"}],"replies":[{"embeddable":true,"href":"https:\/\/elfederalmendoza.com.ar\/index.php\/wp-json\/wp\/v2\/comments?post=25198"}],"version-history":[{"count":2,"href":"https:\/\/elfederalmendoza.com.ar\/index.php\/wp-json\/wp\/v2\/posts\/25198\/revisions"}],"predecessor-version":[{"id":25205,"href":"https:\/\/elfederalmendoza.com.ar\/index.php\/wp-json\/wp\/v2\/posts\/25198\/revisions\/25205"}],"wp:featuredmedia":[{"embeddable":true,"href":"https:\/\/elfederalmendoza.com.ar\/index.php\/wp-json\/wp\/v2\/media\/25200"}],"wp:attachment":[{"href":"https:\/\/elfederalmendoza.com.ar\/index.php\/wp-json\/wp\/v2\/media?parent=25198"}],"wp:term":[{"taxonomy":"category","embeddable":true,"href":"https:\/\/elfederalmendoza.com.ar\/index.php\/wp-json\/wp\/v2\/categories?post=25198"},{"taxonomy":"post_tag","embeddable":true,"href":"https:\/\/elfederalmendoza.com.ar\/index.php\/wp-json\/wp\/v2\/tags?post=25198"}],"curies":[{"name":"wp","href":"https:\/\/api.w.org\/{rel}","templated":true}]}}