{"id":25212,"date":"2023-07-15T12:17:51","date_gmt":"2023-07-15T15:17:51","guid":{"rendered":"https:\/\/elfederalmendoza.com\/?p=25212"},"modified":"2023-07-15T12:25:22","modified_gmt":"2023-07-15T15:25:22","slug":"juan-grabois-dijo-que-si-soy-presidente-indulto-a-cristina-la-pregunta-de-patricia-bullrich-a-massa-para-saber-si-hara-lo-mismo","status":"publish","type":"post","link":"https:\/\/elfederalmendoza.com.ar\/index.php\/2023\/07\/15\/juan-grabois-dijo-que-si-soy-presidente-indulto-a-cristina-la-pregunta-de-patricia-bullrich-a-massa-para-saber-si-hara-lo-mismo\/","title":{"rendered":"Juan Grabois dijo que \u00abSi soy presidente indulto a Cristina\u00bb: La pregunta de Patricia Bullrich a Massa para saber si har\u00e1 lo mismo"},"content":{"rendered":"\n<p>La precandidata presidencial por Juntos por el Cambio,&nbsp;<strong>Patricia Bullrich<\/strong>, apunt\u00f3 contra el ministro de Econom\u00eda y precandidato presidencial por Uni\u00f3n por la Patria,&nbsp;<strong>Sergio Massa<\/strong>, y le pidi\u00f3 definiciones sobre lo que har\u00e1 en caso de ser electo presidente.<\/p>\n\n\n\n<p><strong>Bullrich<\/strong>&nbsp;se hizo eco de una entrevista a&nbsp;<strong>Juan Grabois<\/strong>, el rival de Massa en la interna de Uni\u00f3n por la Patria, en la que el dirigente social asegura que si es electo presidente \u00abindultar\u00e1 a Cristina\u00bb.<\/p>\n\n\n\n<p>\u00abMinistro de Econom\u00eda Sergio Massa, si usted es presidente \u00bftambi\u00e9n indultar\u00e1 a Cristina Kirchner?\u00bb, se pregunt\u00f3\u00a0<strong>Bullrich<\/strong>\u00a0en su cuenta de Twitter.<\/p>\n\n\n\n<blockquote class=\"twitter-tweet\"><p lang=\"es\" dir=\"ltr\">Ministro de Econom\u00eda Sergio Massa, si usted es presidente \u00bftambi\u00e9n indultar\u00e1 a Cristina Kirchner? <a href=\"https:\/\/t.co\/IqHpwzDe29\">pic.twitter.com\/IqHpwzDe29<\/a><\/p>&mdash; Patricia Bullrich (@PatoBullrich) <a href=\"https:\/\/twitter.com\/PatoBullrich\/status\/1680193459506823168?ref_src=twsrc%5Etfw\">July 15, 2023<\/a><\/blockquote> <script async src=\"https:\/\/platform.twitter.com\/widgets.js\" charset=\"utf-8\"><\/script>\n\n\n\n<p>La exministra de Seguridad viene manteniendo un fuerte enfrentamiento con Massa, a quien tambi\u00e9n fustig\u00f3 por no poder controlar la inflaci\u00f3n. \u00abMinistro de Econom\u00eda Sergio Massa: escuche a la gente en lugar de querer tapar la realidad. Ded\u00edquese a combatir la inflaci\u00f3n, que ya es del 115,6 % en el \u00faltimo a\u00f1o. Deje de hacer campa\u00f1a sucia\u00bb, se quej\u00f3 Bullrich hace unos d\u00edas.<\/p>\n\n\n\n<blockquote class=\"twitter-tweet\"><p lang=\"es\" dir=\"ltr\">Ministro de Econom\u00eda Sergio Massa: escuche a la gente en lugar de querer tapar la realidad. <br><br>Ded\u00edquese a combatir la inflaci\u00f3n, que ya es del 115,6 % en el \u00faltimo a\u00f1o. Deje de hacer campa\u00f1a sucia. <a href=\"https:\/\/t.co\/aHX7nCDarN\">pic.twitter.com\/aHX7nCDarN<\/a><\/p>&mdash; Patricia Bullrich (@PatoBullrich) <a href=\"https:\/\/twitter.com\/PatoBullrich\/status\/1679566937255280640?ref_src=twsrc%5Etfw\">July 13, 2023<\/a><\/blockquote> <script async src=\"https:\/\/platform.twitter.com\/widgets.js\" charset=\"utf-8\"><\/script>\n\n\n\n<p>\u00abEl ministro de Econom\u00eda Sergio Massa decidi\u00f3 continuar atac\u00e1ndome, esta vez a trav\u00e9s del ministro de Justicia, en lugar de ocuparse de la inflaci\u00f3n galopante y del estado calamitoso de la econom\u00eda. Quiero compartir con la gente que estemos fuertes, porque los ataques seguir\u00e1n en las pr\u00f3ximas semanas. Buscan correr la atenci\u00f3n de su gesti\u00f3n desastrosa y de la miseria que genera el kirchnerismo\u00bb, se hab\u00eda quejado antes Bullrich apuntando contra la \u00abcampa\u00f1a sucia\u00bb de su rival.<\/p>\n","protected":false},"excerpt":{"rendered":"<p>La precandidata presidencial por Juntos por el Cambio,&nbsp;Patricia Bullrich, apunt\u00f3 contra el ministro de Econom\u00eda y precandidato presidencial por Uni\u00f3n por la Patria,&nbsp;Sergio Massa, y le pidi\u00f3 definiciones sobre lo que har\u00e1 en caso de ser electo presidente. Bullrich&nbsp;se hizo eco de una entrevista a&nbsp;Juan Grabois, el rival de Massa en la interna de Uni\u00f3n<a class=\"read-more\" href=\"https:\/\/elfederalmendoza.com.ar\/index.php\/2023\/07\/15\/juan-grabois-dijo-que-si-soy-presidente-indulto-a-cristina-la-pregunta-de-patricia-bullrich-a-massa-para-saber-si-hara-lo-mismo\/\"> [&hellip;]<\/a><\/p>\n","protected":false},"author":2,"featured_media":25214,"comment_status":"open","ping_status":"open","sticky":false,"template":"","format":"standard","meta":{"footnotes":""},"categories":[5618],"tags":[],"class_list":["post-25212","post","type-post","status-publish","format-standard","has-post-thumbnail","hentry","category-arg"],"rttpg_featured_image_url":{"full":["https:\/\/elfederalmendoza.com.ar\/wp-content\/uploads\/2023\/07\/pato-bull1.jpg",1160,647,false],"landscape":["https:\/\/elfederalmendoza.com.ar\/wp-content\/uploads\/2023\/07\/pato-bull1.jpg",1160,647,false],"portraits":["https:\/\/elfederalmendoza.com.ar\/wp-content\/uploads\/2023\/07\/pato-bull1.jpg",1160,647,false],"thumbnail":["https:\/\/elfederalmendoza.com.ar\/wp-content\/uploads\/2023\/07\/pato-bull1-150x150.jpg",150,150,true],"medium":["https:\/\/elfederalmendoza.com.ar\/wp-content\/uploads\/2023\/07\/pato-bull1-300x167.jpg",300,167,true],"large":["https:\/\/elfederalmendoza.com.ar\/wp-content\/uploads\/2023\/07\/pato-bull1-1024x571.jpg",640,357,true],"1536x1536":["https:\/\/elfederalmendoza.com.ar\/wp-content\/uploads\/2023\/07\/pato-bull1.jpg",1160,647,false],"2048x2048":["https:\/\/elfederalmendoza.com.ar\/wp-content\/uploads\/2023\/07\/pato-bull1.jpg",1160,647,false],"ultp_layout_landscape_large":["https:\/\/elfederalmendoza.com.ar\/wp-content\/uploads\/2023\/07\/pato-bull1.jpg",1160,647,false],"ultp_layout_landscape":["https:\/\/elfederalmendoza.com.ar\/wp-content\/uploads\/2023\/07\/pato-bull1-870x570.jpg",870,570,true],"ultp_layout_portrait":["https:\/\/elfederalmendoza.com.ar\/wp-content\/uploads\/2023\/07\/pato-bull1-600x647.jpg",600,647,true],"ultp_layout_square":["https:\/\/elfederalmendoza.com.ar\/wp-content\/uploads\/2023\/07\/pato-bull1-600x600.jpg",600,600,true],"rpwe-thumbnail":["https:\/\/elfederalmendoza.com.ar\/wp-content\/uploads\/2023\/07\/pato-bull1-45x45.jpg",45,45,true],"advps-thumb-one":["https:\/\/elfederalmendoza.com.ar\/wp-content\/uploads\/2023\/07\/pato-bull1-1160x420.jpg",1160,420,true]},"rttpg_author":{"display_name":"Redacci\u00f3n El Federal","author_link":"https:\/\/elfederalmendoza.com.ar\/index.php\/author\/angelflores\/"},"rttpg_comment":0,"rttpg_category":"<a href=\"https:\/\/elfederalmendoza.com.ar\/index.php\/category\/arg\/\" rel=\"category tag\">Argentina<\/a>","rttpg_excerpt":"La precandidata presidencial por Juntos por el Cambio,&nbsp;Patricia Bullrich, apunt\u00f3 contra el ministro de Econom\u00eda y precandidato presidencial por Uni\u00f3n por la Patria,&nbsp;Sergio Massa, y le pidi\u00f3 definiciones sobre lo que har\u00e1 en caso de ser electo presidente. Bullrich&nbsp;se hizo eco de una entrevista a&nbsp;Juan Grabois, el rival de Massa en la interna de Uni\u00f3n&hellip;","_links":{"self":[{"href":"https:\/\/elfederalmendoza.com.ar\/index.php\/wp-json\/wp\/v2\/posts\/25212","targetHints":{"allow":["GET"]}}],"collection":[{"href":"https:\/\/elfederalmendoza.com.ar\/index.php\/wp-json\/wp\/v2\/posts"}],"about":[{"href":"https:\/\/elfederalmendoza.com.ar\/index.php\/wp-json\/wp\/v2\/types\/post"}],"author":[{"embeddable":true,"href":"https:\/\/elfederalmendoza.com.ar\/index.php\/wp-json\/wp\/v2\/users\/2"}],"replies":[{"embeddable":true,"href":"https:\/\/elfederalmendoza.com.ar\/index.php\/wp-json\/wp\/v2\/comments?post=25212"}],"version-history":[{"count":2,"href":"https:\/\/elfederalmendoza.com.ar\/index.php\/wp-json\/wp\/v2\/posts\/25212\/revisions"}],"predecessor-version":[{"id":25218,"href":"https:\/\/elfederalmendoza.com.ar\/index.php\/wp-json\/wp\/v2\/posts\/25212\/revisions\/25218"}],"wp:featuredmedia":[{"embeddable":true,"href":"https:\/\/elfederalmendoza.com.ar\/index.php\/wp-json\/wp\/v2\/media\/25214"}],"wp:attachment":[{"href":"https:\/\/elfederalmendoza.com.ar\/index.php\/wp-json\/wp\/v2\/media?parent=25212"}],"wp:term":[{"taxonomy":"category","embeddable":true,"href":"https:\/\/elfederalmendoza.com.ar\/index.php\/wp-json\/wp\/v2\/categories?post=25212"},{"taxonomy":"post_tag","embeddable":true,"href":"https:\/\/elfederalmendoza.com.ar\/index.php\/wp-json\/wp\/v2\/tags?post=25212"}],"curies":[{"name":"wp","href":"https:\/\/api.w.org\/{rel}","templated":true}]}}