{"id":25237,"date":"2023-07-17T04:25:00","date_gmt":"2023-07-17T07:25:00","guid":{"rendered":"https:\/\/elfederalmendoza.com\/?p=25237"},"modified":"2023-07-17T07:32:23","modified_gmt":"2023-07-17T10:32:23","slug":"dolor-en-river-plate-murieron-la-madre-y-la-hermana-de-elias-gomez-en-un-accidente-de-transito","status":"publish","type":"post","link":"https:\/\/elfederalmendoza.com.ar\/index.php\/2023\/07\/17\/dolor-en-river-plate-murieron-la-madre-y-la-hermana-de-elias-gomez-en-un-accidente-de-transito\/","title":{"rendered":"Dolor en River Plate: murieron la madre y la hermana de El\u00edas G\u00f3mez en un accidente de tr\u00e1nsito"},"content":{"rendered":"\n<p>Horas despu\u00e9s de la consagraci\u00f3n del equipo dirigido por Mart\u00edn Demichelis en la Liga Profesional, el club anunci\u00f3 la triste noticia en sus redes sociales.<\/p>\n\n\n\n<p><strong>River Plate<\/strong>\u00a0se consagr\u00f3 campe\u00f3n de la\u00a0<strong>Liga Profesional\u00a0<\/strong>tras vencer 3-1 a Estudiantes con dos fechas de antelaci\u00f3n. Horas despu\u00e9s, tras los festejos, el dolor embarg\u00f3 a toda la familia del club: la madre y la hermana del lateral\u00a0<strong>El\u00edas G\u00f3mez<\/strong>\u00a0murieron en un accidente de tr\u00e1nsito. <\/p>\n\n\n\n<p>El hecho ocurri\u00f3 en la ruta 9, a la altura de Ramallo, cuando el autom\u00f3vil en el que viajaban impact\u00f3 contra un cami\u00f3n, seg\u00fan testigos por una mala maniobra de su conductor.<\/p>\n\n\n\n<figure class=\"wp-block-image size-full is-resized\"><img loading=\"lazy\" decoding=\"async\" src=\"https:\/\/elfederalmendoza.com\/wp-content\/uploads\/2023\/07\/ELIAS-GOMEZ.jpg\" alt=\"\" class=\"wp-image-25239\" width=\"835\" height=\"467\" srcset=\"https:\/\/elfederalmendoza.com.ar\/wp-content\/uploads\/2023\/07\/ELIAS-GOMEZ.jpg 474w, https:\/\/elfederalmendoza.com.ar\/wp-content\/uploads\/2023\/07\/ELIAS-GOMEZ-300x168.jpg 300w\" sizes=\"auto, (max-width: 835px) 100vw, 835px\" \/><figcaption class=\"wp-element-caption\">As\u00ed qued\u00f3 el veh\u00edculo donde murieron Zunilda y la hermana de El\u00edas G\u00f3mez<\/figcaption><\/figure>\n\n\n\n<p><strong>\u201cAbrazamos y acompa\u00f1amos en el dolor a nuestro jugador El\u00edas G\u00f3mez, ante la lamentable noticia del fallecimiento de su madre Zunilda y de su hermana Melani en un accidente\u201d<\/strong>, expres\u00f3 el Millonario en su cuenta de Twitter. La mam\u00e1 ten\u00eda 66 a\u00f1os y su hermana, 25. Asimismo, el presidente Jorge Brito tambi\u00e9n comparti\u00f3 un mensaje de apoyo al futbolista de la instituci\u00f3n.\u00a0<strong>\u201cEl\u00edas, te mando un fuerte abrazo y mi m\u00e1s sentido p\u00e9same a vos y a toda tu familia en este triste momento. Todo River te acompa\u00f1a\u201d.<\/strong><\/p>\n\n\n\n<p><img loading=\"lazy\" decoding=\"async\" height=\"888\" width=\"1920\" srcset=\"https:\/\/www.infobae.com\/new-resizer\/nUDv97M4a6E_pXcnfkTei8Fx0Rg=\/420x187\/filters:format(webp):quality(85)\/cloudfront-us-east-1.images.arcpublishing.com\/infobae\/VOIQVF44F5CTPBTP4UYCCS4FVM.jpg 420w,https:\/\/www.infobae.com\/new-resizer\/775ssCR0HgF5Tyy2euwfrcSvEzc=\/768x341\/filters:format(webp):quality(85)\/cloudfront-us-east-1.images.arcpublishing.com\/infobae\/VOIQVF44F5CTPBTP4UYCCS4FVM.jpg 768w,https:\/\/www.infobae.com\/new-resizer\/IKm5MFXs0RouvMgKdnusudne2jI=\/992x441\/filters:format(webp):quality(85)\/cloudfront-us-east-1.images.arcpublishing.com\/infobae\/VOIQVF44F5CTPBTP4UYCCS4FVM.jpg 992w,https:\/\/www.infobae.com\/new-resizer\/zWfNNy3LhWdzth2FPmje6zKw7JA=\/1200x533\/filters:format(webp):quality(85)\/cloudfront-us-east-1.images.arcpublishing.com\/infobae\/VOIQVF44F5CTPBTP4UYCCS4FVM.jpg 1200w\" class=\"\" src=\"https:\/\/www.infobae.com\/new-resizer\/TxOBmkU69vNpzHcAEGvaw3mdXTE=\/filters:format(webp):quality(85)\/cloudfront-us-east-1.images.arcpublishing.com\/infobae\/VOIQVF44F5CTPBTP4UYCCS4FVM.jpg\" alt=\"El mensaje de la Banda ante la triste noticia\"><strong>El mensaje de la Banda ante la triste noticia<\/strong><\/p>\n\n\n\n<p>Por otra parte, el club Rosario Central tambi\u00e9n public\u00f3 un mensaje de condolencias. Vale recordar que adem\u00e1s de El\u00edas G\u00f3mez, su otra hermana Rosana fue futbolista del Canalla, entrenadora del club y de la Selecci\u00f3n de Bolivia. Adem\u00e1s de jugadora de la selecci\u00f3n argentina.<\/p>\n\n\n\n<p>Te puede interesar:<strong>Bono revel\u00f3 un dato desconocido de la premiaci\u00f3n al Dibu Mart\u00ednez como mejor arquero del Mundial: \u201cSe lo dije en la gala The Best\u201d<\/strong><\/p>\n\n\n\n<p>\u201cEl Club Atl\u00e9tico Rosario Central acompa\u00f1a en este momento de profundo dolor a nuestro ex jugador El\u00edas G\u00f3mez y a Rosana G\u00f3mez, quien visti\u00f3 nuestra camiseta y fue DT del Femenino canalla, frente al fallecimiento de su madre Zunilda y su hermana Melani en un accidente automovil\u00edstico. \u00a1Fuerza El\u00edas y Rosana!\u201d, escribi\u00f3 la entidad rosarina.<\/p>\n\n\n\n<p><img loading=\"lazy\" decoding=\"async\" height=\"608\" width=\"700\" srcset=\"https:\/\/www.infobae.com\/new-resizer\/blgh3UJ3ArSDGBPRUtkYDbkilyM=\/992x850\/filters:format(webp):quality(85)\/cloudfront-us-east-1.images.arcpublishing.com\/infobae\/TJ3TB6TOGBDELMFK7BZ3VD4NFM.jpg 992w\" class=\"\" src=\"https:\/\/www.infobae.com\/new-resizer\/LBOnwzHuRE5Tt3DD2-wQUlQj7L4=\/filters:format(webp):quality(85)\/cloudfront-us-east-1.images.arcpublishing.com\/infobae\/TJ3TB6TOGBDELMFK7BZ3VD4NFM.jpg\" alt=\"El tuit de Rosario Central por el accidente fatal de la familia de El\u00edas G\u00f3mez\"><\/p>\n\n\n\n<p>El tuit de Rosario Central por el accidente fatal de la familia de El\u00edas G\u00f3mez<\/p>\n\n\n\n<p>Medios locales informaron que el accidente tuvo a dos autos involucrados, adem\u00e1s del cami\u00f3n con acoplado que habr\u00eda sido el que llev\u00f3 a cabo un \u201cgiro en U\u201d, provocando el accidente fatal. El veh\u00edculo en el que viajaban los familiares del futbolista, de 66 y 25 a\u00f1os respectivamente, qued\u00f3 debajo del acoplado y seg\u00fan indicaron los sitios locales, la madre y hermana de El\u00edas G\u00f3mez fallecieron en el acto.<\/p>\n\n\n\n<p>En tanto, el otro autom\u00f3vil pudo esquivar el accidente, pero termin\u00f3 volcando a un costado de la autov\u00eda. Sus ocupantes, un hombre y una mujer, fueron trasladados a un hospital cercano con heridas que no revisten consideraci\u00f3n. Asimismo, fuentes policiales de Ramallo informaron que el conductor del cambi\u00f3, un hombre de 44 a\u00f1os, qued\u00f3 detenido e imputado por \u201chomicidio culposo\u201d. Se espera que este lunes declare ante la justicia.<\/p>\n\n\n\n<p><img loading=\"lazy\" decoding=\"async\" alt=\"El\u00edas G\u00f3mez junto a su mam\u00e1 y la foto del festejo de cumplea\u00f1os en 2019 (Instagram)\" height=\"1011\" width=\"1920\" class=\"\" src=\"https:\/\/www.infobae.com\/new-resizer\/auYDT7-nyR_5vT9JBnM0Hdu5scY=\/filters:format(webp):quality(85)\/cloudfront-us-east-1.images.arcpublishing.com\/infobae\/HKC4CWOG7VDQ3MROE5PXKYKCRE.jpg\" srcset=\"https:\/\/www.infobae.com\/new-resizer\/fKAA-grwX6VNp_Xgoe3szgQkpeU=\/420x236\/filters:format(webp):quality(85)\/cloudfront-us-east-1.images.arcpublishing.com\/infobae\/HKC4CWOG7VDQ3MROE5PXKYKCRE.jpg 420w,https:\/\/www.infobae.com\/new-resizer\/V5d4K9-6cqY2_9DMzTamnQYyW88=\/768x432\/filters:format(webp):quality(85)\/cloudfront-us-east-1.images.arcpublishing.com\/infobae\/HKC4CWOG7VDQ3MROE5PXKYKCRE.jpg 768w,https:\/\/www.infobae.com\/new-resizer\/nEDN7w2OJjCRMWmDtq9GYnjnJZU=\/992x558\/filters:format(webp):quality(85)\/cloudfront-us-east-1.images.arcpublishing.com\/infobae\/HKC4CWOG7VDQ3MROE5PXKYKCRE.jpg 992w,https:\/\/www.infobae.com\/new-resizer\/YXdQDNTxe8KPGdNGMl2y6xOmXsQ=\/1200x675\/filters:format(webp):quality(85)\/cloudfront-us-east-1.images.arcpublishing.com\/infobae\/HKC4CWOG7VDQ3MROE5PXKYKCRE.jpg 1200w,https:\/\/www.infobae.com\/new-resizer\/y0oexcWbPFNm7CrRKnLCPGmwx7c=\/1440x810\/filters:format(webp):quality(85)\/cloudfront-us-east-1.images.arcpublishing.com\/infobae\/HKC4CWOG7VDQ3MROE5PXKYKCRE.jpg 1440w\">El\u00edas G\u00f3mez junto a su mam\u00e1 y la foto del festejo de cumplea\u00f1os en 2019 (Instagram)<\/p>\n\n\n\n<p>G\u00f3mez, oriundo de Granadero Baigorria, Santa Fe, lleg\u00f3 a River en enero de 2022 procedente de Argentinos juniors, a cambio de 1.500.000 d\u00f3lares por el 70% de su ficha. Surgido de Rosario Central, hab\u00eda coqueteado Con Independiente, pero la propuesta del conjunto entonces dirigido por Marcelo Gallardo lo tent\u00f3 m\u00e1s. Sin embargo, m\u00e1s all\u00e1 de algunas buenas condiciones, nunca se convirti\u00f3 en indiscutible. Hoy es pieza de recambio para Demichelis, que en la Liga lo utiliz\u00f3 en cuatro partidos. Tam,bi\u00e9n acumula una presencia por Copa Argentina y tres por Copa Libertadores en lo que va de 2023.<\/p>\n","protected":false},"excerpt":{"rendered":"<p>Horas despu\u00e9s de la consagraci\u00f3n del equipo dirigido por Mart\u00edn Demichelis en la Liga Profesional, el club anunci\u00f3 la triste noticia en sus redes sociales. River Plate\u00a0se consagr\u00f3 campe\u00f3n de la\u00a0Liga Profesional\u00a0tras vencer 3-1 a Estudiantes con dos fechas de antelaci\u00f3n. Horas despu\u00e9s, tras los festejos, el dolor embarg\u00f3 a toda la familia del club:<a class=\"read-more\" href=\"https:\/\/elfederalmendoza.com.ar\/index.php\/2023\/07\/17\/dolor-en-river-plate-murieron-la-madre-y-la-hermana-de-elias-gomez-en-un-accidente-de-transito\/\"> [&hellip;]<\/a><\/p>\n","protected":false},"author":2,"featured_media":25240,"comment_status":"open","ping_status":"open","sticky":false,"template":"","format":"standard","meta":{"footnotes":""},"categories":[5618],"tags":[],"class_list":["post-25237","post","type-post","status-publish","format-standard","has-post-thumbnail","hentry","category-arg"],"rttpg_featured_image_url":{"full":["https:\/\/elfederalmendoza.com.ar\/wp-content\/uploads\/2023\/07\/elias-gomez2.jpg",917,514,false],"landscape":["https:\/\/elfederalmendoza.com.ar\/wp-content\/uploads\/2023\/07\/elias-gomez2.jpg",917,514,false],"portraits":["https:\/\/elfederalmendoza.com.ar\/wp-content\/uploads\/2023\/07\/elias-gomez2.jpg",917,514,false],"thumbnail":["https:\/\/elfederalmendoza.com.ar\/wp-content\/uploads\/2023\/07\/elias-gomez2-150x150.jpg",150,150,true],"medium":["https:\/\/elfederalmendoza.com.ar\/wp-content\/uploads\/2023\/07\/elias-gomez2-300x168.jpg",300,168,true],"large":["https:\/\/elfederalmendoza.com.ar\/wp-content\/uploads\/2023\/07\/elias-gomez2.jpg",640,359,false],"1536x1536":["https:\/\/elfederalmendoza.com.ar\/wp-content\/uploads\/2023\/07\/elias-gomez2.jpg",917,514,false],"2048x2048":["https:\/\/elfederalmendoza.com.ar\/wp-content\/uploads\/2023\/07\/elias-gomez2.jpg",917,514,false],"ultp_layout_landscape_large":["https:\/\/elfederalmendoza.com.ar\/wp-content\/uploads\/2023\/07\/elias-gomez2.jpg",917,514,false],"ultp_layout_landscape":["https:\/\/elfederalmendoza.com.ar\/wp-content\/uploads\/2023\/07\/elias-gomez2-870x514.jpg",870,514,true],"ultp_layout_portrait":["https:\/\/elfederalmendoza.com.ar\/wp-content\/uploads\/2023\/07\/elias-gomez2-600x514.jpg",600,514,true],"ultp_layout_square":["https:\/\/elfederalmendoza.com.ar\/wp-content\/uploads\/2023\/07\/elias-gomez2-600x514.jpg",600,514,true],"rpwe-thumbnail":["https:\/\/elfederalmendoza.com.ar\/wp-content\/uploads\/2023\/07\/elias-gomez2-45x45.jpg",45,45,true],"advps-thumb-one":["https:\/\/elfederalmendoza.com.ar\/wp-content\/uploads\/2023\/07\/elias-gomez2-917x420.jpg",917,420,true]},"rttpg_author":{"display_name":"Redacci\u00f3n El Federal","author_link":"https:\/\/elfederalmendoza.com.ar\/index.php\/author\/angelflores\/"},"rttpg_comment":0,"rttpg_category":"<a href=\"https:\/\/elfederalmendoza.com.ar\/index.php\/category\/arg\/\" rel=\"category tag\">Argentina<\/a>","rttpg_excerpt":"Horas despu\u00e9s de la consagraci\u00f3n del equipo dirigido por Mart\u00edn Demichelis en la Liga Profesional, el club anunci\u00f3 la triste noticia en sus redes sociales. River Plate\u00a0se consagr\u00f3 campe\u00f3n de la\u00a0Liga Profesional\u00a0tras vencer 3-1 a Estudiantes con dos fechas de antelaci\u00f3n. Horas despu\u00e9s, tras los festejos, el dolor embarg\u00f3 a toda la familia del club:&hellip;","_links":{"self":[{"href":"https:\/\/elfederalmendoza.com.ar\/index.php\/wp-json\/wp\/v2\/posts\/25237","targetHints":{"allow":["GET"]}}],"collection":[{"href":"https:\/\/elfederalmendoza.com.ar\/index.php\/wp-json\/wp\/v2\/posts"}],"about":[{"href":"https:\/\/elfederalmendoza.com.ar\/index.php\/wp-json\/wp\/v2\/types\/post"}],"author":[{"embeddable":true,"href":"https:\/\/elfederalmendoza.com.ar\/index.php\/wp-json\/wp\/v2\/users\/2"}],"replies":[{"embeddable":true,"href":"https:\/\/elfederalmendoza.com.ar\/index.php\/wp-json\/wp\/v2\/comments?post=25237"}],"version-history":[{"count":1,"href":"https:\/\/elfederalmendoza.com.ar\/index.php\/wp-json\/wp\/v2\/posts\/25237\/revisions"}],"predecessor-version":[{"id":25241,"href":"https:\/\/elfederalmendoza.com.ar\/index.php\/wp-json\/wp\/v2\/posts\/25237\/revisions\/25241"}],"wp:featuredmedia":[{"embeddable":true,"href":"https:\/\/elfederalmendoza.com.ar\/index.php\/wp-json\/wp\/v2\/media\/25240"}],"wp:attachment":[{"href":"https:\/\/elfederalmendoza.com.ar\/index.php\/wp-json\/wp\/v2\/media?parent=25237"}],"wp:term":[{"taxonomy":"category","embeddable":true,"href":"https:\/\/elfederalmendoza.com.ar\/index.php\/wp-json\/wp\/v2\/categories?post=25237"},{"taxonomy":"post_tag","embeddable":true,"href":"https:\/\/elfederalmendoza.com.ar\/index.php\/wp-json\/wp\/v2\/tags?post=25237"}],"curies":[{"name":"wp","href":"https:\/\/api.w.org\/{rel}","templated":true}]}}