{"id":25260,"date":"2023-07-17T11:00:00","date_gmt":"2023-07-17T14:00:00","guid":{"rendered":"https:\/\/elfederalmendoza.com\/?p=25260"},"modified":"2023-07-17T11:58:56","modified_gmt":"2023-07-17T14:58:56","slug":"nueva-decepcion-del-liberalismo-en-santa-fe-saco-solo-el-3-pero-sin-candidatos-de-milei","status":"publish","type":"post","link":"https:\/\/elfederalmendoza.com.ar\/index.php\/2023\/07\/17\/nueva-decepcion-del-liberalismo-en-santa-fe-saco-solo-el-3-pero-sin-candidatos-de-milei\/","title":{"rendered":"Nueva decepci\u00f3n del liberalismo: en Santa Fe sac\u00f3 s\u00f3lo el 3%, pero sin candidatos de Milei"},"content":{"rendered":"\n<p>El precandidato a presidente por\u00a0<strong>La Libertad Avanza<\/strong>,\u00a0Javier Milei, aclar\u00f3 que su espacio pol\u00edtico\u00a0<strong>no ten\u00eda candidatos en la provincia de Santa Fe<\/strong>, donde este domingo se realizaron las PASO, aunque s\u00ed present\u00f3 lista para\u00a0<strong>diputados nacionales<\/strong>. Por su parte, Edelvino Bodoira, en representaci\u00f3n del liberalismo, sac\u00f3 apenas el\u00a0<strong>3%<\/strong>\u00a0en su provincia.<\/p>\n\n\n\n<p>\u201cQueremos comunicar que el espacio de Javier Milei no tiene ning\u00fan candidato local en las elecciones de la provincia de Santa Fe, a pesar de que algunos candidatos est\u00e1n utilizando s\u00edmbolos similares a los nuestros.&nbsp;<strong>Esta decisi\u00f3n fue apelada<\/strong>, pero nuevamente la Justicia provincial decidi\u00f3 avalarlo\u201d, inform\u00f3 La Libertad Avanza a trav\u00e9s de un comunicado.<\/p>\n\n\n\n<p>\u201cDicho esto, le deseamos mucha suerte a cada uno de los candidatos que est\u00e9n compitiendo en defensa de las ideas de libertad\u201d, a\u00f1adieron. La referencia apunta al precandidato a gobernador del espacio denominado \u201cViva la libertad\u201d, que con m\u00e1s del 70% de las mesas escrutadas,\u00a0<strong>se lleva un 3.07% de los votos<\/strong>\u00a0de Santa Fe. Ese frente present\u00f3 adem\u00e1s tres listas de diputados provinciales, lideradas por Juan Arga\u00f1araz, Mauro Piva y Esteban Daniel Morales.<\/p>\n\n\n\n<p>Por su parte, el partido de Javier Milei aclar\u00f3 que presentar\u00e1n candidatos a\u00a0<strong>diputados nacionales<\/strong>\u00a0por Santa Fe para las elecciones PASO del 13 de agosto. \u00abEs por lo que s\u00ed venimos trabajando en el armado nacional\u201d, finaliza el comunicado. La lista de diputados nacionales de La Libertad Avanza por Santa Fe la encabeza la economista rosarina\u00a0Romina Diez.<\/p>\n\n\n\n<p>\u201c<strong>Destruido el kirchnerismo<\/strong>. Ahora hablemos de si queremos el mismo pa\u00eds en decadencia de hace 100 a\u00f1os o aprovechamos la oportunidad para hacer algo distinto&#8230;&nbsp;Una Argentina distinta es imposible con los mismos de siempre\u201d, public\u00f3 Javier Milei el domingo por la noche en Twitter.<\/p>\n\n\n\n<h2 class=\"wp-block-heading\">Milei y los problemas en las provincias<\/h2>\n\n\n\n<p>No es la primera vez que La Libertad Avanza desconoce a los armados provinciales que buscan replicar las ideas del liberalismo a nivel local.&nbsp;<\/p>\n\n\n\n<p>Es que las elecciones provinciales no le han dado buenos augurios a Milei y en varias oportunidades tuvo que salir a despegarse de esas derrotas.<\/p>\n\n\n\n<p>Por ejemplo, en Neuqu\u00e9n, Carlos Egu\u00eda sac\u00f3 un&nbsp;7,98% mientras que en R\u00edo Negro, Ariel Rivero tuvo un porcentaje similar:&nbsp;9,33%.<\/p>\n\n\n\n<p>La situaci\u00f3n no fue mejorando para los seguidores de Milei. En La Rioja,\u00a0Mart\u00edn Menem\u00a0fue a quien mejor le fue:\u00a015,5%. Y la elecci\u00f3n de\u00a0Ricardo Bussi\u00a0en Tucum\u00e1n fue el golpe m\u00e1s duro: 3,44%.<\/p>\n\n\n\n<h2 class=\"wp-block-heading\">La estrategia de La Libertad Avanza<\/h2>\n\n\n\n<p>Javier Milei quiere estar lejos de los\u00a0<strong>problemas en relaci\u00f3n con su armado federal\u00a0<\/strong>y dejar atr\u00e1s los resultados que cosech\u00f3 en las provincias para enfocarse en su campa\u00f1a, que contar\u00e1 con un nuevo impulso de cara a las PASO del 13 de agosto. El libertario\u00a0<strong>multiplicar\u00e1 presencias<\/strong>, visitar\u00e1 provincias y el interior de la provincia de Buenos Aires a bordo de dos\u00a0<strong>motorhomes<\/strong>, habr\u00e1 nuevos voceros de sus ideas, y Carolina P\u00edparo y\u00a0Ramiro Marra\u00a0adquirir\u00e1n mayor centralidad.<\/p>\n\n\n\n<p>En la hoja de ruta que tiene diagramada el precandidato presidencial de La Libertad Avanza, la aparici\u00f3n en las calles ser\u00e1 una constante: piensa multiplicar sus&nbsp;<strong>caminatas<\/strong>, con \u00e9nfasis en el principal distrito electoral del pa\u00eds, la provincia de Buenos Aires, m\u00e1s precisamente en el Conurbano. Tambi\u00e9n continuar\u00e1 recorriendo provincias y no&nbsp;piensa descuidar el territorio por el cual fue electo diputado nacional, la&nbsp;<strong>Ciudad de Buenos Aires<\/strong>. All\u00ed, cuenta con una carta para la sucesi\u00f3n a Horacio Rodr\u00edguez Larreta, la de Ramiro Marra, legislador porte\u00f1o y broker de bolsa.<\/p>\n\n\n\n<p>La elecci\u00f3n en la Ciudad es concurrente, lo que significa que habr\u00e1 una urna dedicada a los comicios nacionales y otra a los porte\u00f1os. Por lo cual&nbsp;<strong>no se va a producir el efecto arrastre<\/strong>&nbsp;de la boleta Milei presidente, pero los que caminan d\u00eda a d\u00eda con el postulante a la jefatura de Estado marcan que las ideas libertarias \u201csiguen teniendo un gran impacto en la Capital Federal\u201d, con otro dato que muestran: el 80% de los que dicen votar al m\u00e1ximo exponente de LLA conoce a Marra, un n\u00famero que puede crecer en las pr\u00f3ximas semanas.<\/p>\n\n\n\n<h2 class=\"wp-block-heading\">Para Milei, Juntos por el Cambio \u00abest\u00e1 condenada al fracaso\u00bb<\/h2>\n\n\n\n<p>El jueves a la noche, el economista y precandidato a presidente por La Libertad Avanza comenz\u00f3 a despacharse en contra del armado opositor en Twitter. Es que despu\u00e9s de la eyecci\u00f3n de\u00a0Franco Rinaldi\u00a0de su candidatura a primer diputado porte\u00f1o en la lista de Jorge Macri, Milei sostuvo que \u00abse vuelve a confirmar que\u00a0<strong>Juntos por el Cambio es una alianza condenada al fracaso<\/strong>\u00ab.<\/p>\n\n\n\n<p>\u00abNinguna alianza con radicales, lilitos o\u00a0<strong>tibios amigos de Massa\u00a0<\/strong>puede tener \u00e9xito. Tienen al enemigo adentro. Lamento que no se hayan dado cuenta antes cuando ten\u00edamos la oportunidad de hacer algo nuevo\u00bb, manifest\u00f3 el libertario.<\/p>\n\n\n\n<p>Minutos despu\u00e9s volvi\u00f3 a aparecer con una publicaci\u00f3n m\u00e1s extensa. En uno de los periodos donde mayores cuestionamientos recibe, principalmente a partir del estallido de la crisis por la supuesta&nbsp;<strong>venta de candidaturas,<\/strong>&nbsp;el economista opin\u00f3 que \u00abes verdaderamente vergonzoso el espect\u00e1culo que la pol\u00edtica y los medios de comunicaci\u00f3n supuestamente serios est\u00e1n dando en las \u00faltimas semanas\u00bb.<\/p>\n\n\n\n<p>El economista enumer\u00f3 algunos datos econ\u00f3micos negativos y a\u00f1adi\u00f3 que ante eso \u00ablo \u00fanico que hacen los pol\u00edticos es tratar de ensuciar al otro\u00bb.<\/p>\n","protected":false},"excerpt":{"rendered":"<p>El precandidato a presidente por\u00a0La Libertad Avanza,\u00a0Javier Milei, aclar\u00f3 que su espacio pol\u00edtico\u00a0no ten\u00eda candidatos en la provincia de Santa Fe, donde este domingo se realizaron las PASO, aunque s\u00ed present\u00f3 lista para\u00a0diputados nacionales. Por su parte, Edelvino Bodoira, en representaci\u00f3n del liberalismo, sac\u00f3 apenas el\u00a03%\u00a0en su provincia. \u201cQueremos comunicar que el espacio de Javier<a class=\"read-more\" href=\"https:\/\/elfederalmendoza.com.ar\/index.php\/2023\/07\/17\/nueva-decepcion-del-liberalismo-en-santa-fe-saco-solo-el-3-pero-sin-candidatos-de-milei\/\"> [&hellip;]<\/a><\/p>\n","protected":false},"author":2,"featured_media":22333,"comment_status":"open","ping_status":"open","sticky":false,"template":"","format":"standard","meta":{"footnotes":""},"categories":[5618],"tags":[],"class_list":["post-25260","post","type-post","status-publish","format-standard","has-post-thumbnail","hentry","category-arg"],"rttpg_featured_image_url":{"full":["https:\/\/elfederalmendoza.com.ar\/wp-content\/uploads\/2023\/04\/MILEI-SE-VIENE.jpg",1128,637,false],"landscape":["https:\/\/elfederalmendoza.com.ar\/wp-content\/uploads\/2023\/04\/MILEI-SE-VIENE.jpg",1128,637,false],"portraits":["https:\/\/elfederalmendoza.com.ar\/wp-content\/uploads\/2023\/04\/MILEI-SE-VIENE.jpg",1128,637,false],"thumbnail":["https:\/\/elfederalmendoza.com.ar\/wp-content\/uploads\/2023\/04\/MILEI-SE-VIENE-150x150.jpg",150,150,true],"medium":["https:\/\/elfederalmendoza.com.ar\/wp-content\/uploads\/2023\/04\/MILEI-SE-VIENE-300x169.jpg",300,169,true],"large":["https:\/\/elfederalmendoza.com.ar\/wp-content\/uploads\/2023\/04\/MILEI-SE-VIENE-1024x578.jpg",640,361,true],"1536x1536":["https:\/\/elfederalmendoza.com.ar\/wp-content\/uploads\/2023\/04\/MILEI-SE-VIENE.jpg",1128,637,false],"2048x2048":["https:\/\/elfederalmendoza.com.ar\/wp-content\/uploads\/2023\/04\/MILEI-SE-VIENE.jpg",1128,637,false],"ultp_layout_landscape_large":["https:\/\/elfederalmendoza.com.ar\/wp-content\/uploads\/2023\/04\/MILEI-SE-VIENE.jpg",1128,637,false],"ultp_layout_landscape":["https:\/\/elfederalmendoza.com.ar\/wp-content\/uploads\/2023\/04\/MILEI-SE-VIENE-870x570.jpg",870,570,true],"ultp_layout_portrait":["https:\/\/elfederalmendoza.com.ar\/wp-content\/uploads\/2023\/04\/MILEI-SE-VIENE-600x637.jpg",600,637,true],"ultp_layout_square":["https:\/\/elfederalmendoza.com.ar\/wp-content\/uploads\/2023\/04\/MILEI-SE-VIENE-600x600.jpg",600,600,true],"rpwe-thumbnail":["https:\/\/elfederalmendoza.com.ar\/wp-content\/uploads\/2023\/04\/MILEI-SE-VIENE-45x45.jpg",45,45,true],"advps-thumb-one":["https:\/\/elfederalmendoza.com.ar\/wp-content\/uploads\/2023\/04\/MILEI-SE-VIENE-1128x420.jpg",1128,420,true]},"rttpg_author":{"display_name":"Redacci\u00f3n El Federal","author_link":"https:\/\/elfederalmendoza.com.ar\/index.php\/author\/angelflores\/"},"rttpg_comment":0,"rttpg_category":"<a href=\"https:\/\/elfederalmendoza.com.ar\/index.php\/category\/arg\/\" rel=\"category tag\">Argentina<\/a>","rttpg_excerpt":"El precandidato a presidente por\u00a0La Libertad Avanza,\u00a0Javier Milei, aclar\u00f3 que su espacio pol\u00edtico\u00a0no ten\u00eda candidatos en la provincia de Santa Fe, donde este domingo se realizaron las PASO, aunque s\u00ed present\u00f3 lista para\u00a0diputados nacionales. Por su parte, Edelvino Bodoira, en representaci\u00f3n del liberalismo, sac\u00f3 apenas el\u00a03%\u00a0en su provincia. \u201cQueremos comunicar que el espacio de Javier&hellip;","_links":{"self":[{"href":"https:\/\/elfederalmendoza.com.ar\/index.php\/wp-json\/wp\/v2\/posts\/25260","targetHints":{"allow":["GET"]}}],"collection":[{"href":"https:\/\/elfederalmendoza.com.ar\/index.php\/wp-json\/wp\/v2\/posts"}],"about":[{"href":"https:\/\/elfederalmendoza.com.ar\/index.php\/wp-json\/wp\/v2\/types\/post"}],"author":[{"embeddable":true,"href":"https:\/\/elfederalmendoza.com.ar\/index.php\/wp-json\/wp\/v2\/users\/2"}],"replies":[{"embeddable":true,"href":"https:\/\/elfederalmendoza.com.ar\/index.php\/wp-json\/wp\/v2\/comments?post=25260"}],"version-history":[{"count":1,"href":"https:\/\/elfederalmendoza.com.ar\/index.php\/wp-json\/wp\/v2\/posts\/25260\/revisions"}],"predecessor-version":[{"id":25267,"href":"https:\/\/elfederalmendoza.com.ar\/index.php\/wp-json\/wp\/v2\/posts\/25260\/revisions\/25267"}],"wp:featuredmedia":[{"embeddable":true,"href":"https:\/\/elfederalmendoza.com.ar\/index.php\/wp-json\/wp\/v2\/media\/22333"}],"wp:attachment":[{"href":"https:\/\/elfederalmendoza.com.ar\/index.php\/wp-json\/wp\/v2\/media?parent=25260"}],"wp:term":[{"taxonomy":"category","embeddable":true,"href":"https:\/\/elfederalmendoza.com.ar\/index.php\/wp-json\/wp\/v2\/categories?post=25260"},{"taxonomy":"post_tag","embeddable":true,"href":"https:\/\/elfederalmendoza.com.ar\/index.php\/wp-json\/wp\/v2\/tags?post=25260"}],"curies":[{"name":"wp","href":"https:\/\/api.w.org\/{rel}","templated":true}]}}