{"id":25325,"date":"2023-07-19T01:45:00","date_gmt":"2023-07-19T04:45:00","guid":{"rendered":"https:\/\/elfederalmendoza.com\/?p=25325"},"modified":"2023-07-19T13:46:22","modified_gmt":"2023-07-19T16:46:22","slug":"mal-momento-para-javier-milei-en-el-acto-de-la-amia-familiares-lo-increparon-por-votar-en-contra-del-dia-de-duelo-por-el-atentado","status":"publish","type":"post","link":"https:\/\/elfederalmendoza.com.ar\/index.php\/2023\/07\/19\/mal-momento-para-javier-milei-en-el-acto-de-la-amia-familiares-lo-increparon-por-votar-en-contra-del-dia-de-duelo-por-el-atentado\/","title":{"rendered":"Mal momento para Javier Milei en el acto de la AMIA: familiares lo increparon por votar en contra del d\u00eda de duelo por el atentado"},"content":{"rendered":"\n<p><strong>Un inc\u00f3modo momento pas\u00f3 Javier Milei este martes durante el acto por los 29 a\u00f1os del atentado a la AMIA. Fue luego de que un grupo de familiares de las v\u00edctimas lo increpara por votar en la C\u00e1mara de Diputados en contra del d\u00eda de duelo por el atentado a la mutual jud\u00eda hace 15 d\u00edas.<\/strong><\/p>\n\n\n\n<p>Al cierre del acto, cuando Milei se retiraba junto a su hermana Karina, un grupo de familiares lo reconoci\u00f3 y empez\u00f3 a increparlo por su postura en el Congreso. En total eran entre 5 y diez personas.<br><strong><br>Le ped\u00edan explicaciones sobre su voto negativo hace 15 d\u00edas cuando luego de una sesi\u00f3n marat\u00f3nica se vot\u00f3 un paquete de leyes a libro cerrado -sin debate- que inclu\u00eda declarar el 18 de julio de cada a\u00f1o como D\u00eda de Duelo Nacional, en homenaje a las v\u00edctimas del atentado terrorista perpetrado el 18 de julio de 1994 en la sede de la Asociaci\u00f3n Mutual Israel\u00ed Argentinas (AMIA). Milei, junto a su compa\u00f1era de f\u00f3rmula Victoria Villarruel, vot\u00f3 en contra.<\/strong><\/p>\n\n\n\n<p><strong>Pero diez d\u00edas despu\u00e9s, tras las cr\u00edticas, present\u00f3 una carta al Congreso para \u00abcambiar\u00bb su voto, algo que no est\u00e1 permitido.<\/strong><\/p>\n\n\n\n<p><strong>Los familiares no solo le recriminaron su voto sino que tambi\u00e9n lo insultaron<\/strong>. Por momentos hubo mucha tensi\u00f3n. Clar\u00edn presenci\u00f3 el incidente y vio como un custodio del diputado y precandidato presidencial de La Libertad Avanza se lo llevaba del lugar.<\/p>\n\n\n\n<p>Los familiares lo insultaron durante algunos minutos. Milei intent\u00f3 explicarles cu\u00e1l era su postura y por qu\u00e9 hab\u00eda votado en contra, pero no lograron ponerse de acuerdo.&nbsp; ?<\/p>\n\n\n\n<p>Tambi\u00e9n fueron testigos de la escena Guillermo Yanco, esposo de Patricia Bullrich, y el intendente de Pinamar Mart\u00edn Yeza. Este \u00faltimo intent\u00f3 calmar los \u00e1nimos entre los familiares.<\/p>\n\n\n\n<p><strong>El episodio dur\u00f3 unos cinco minutos y luego de que Milei se fuera de la escena los familiares se fueron<\/strong>. Ten\u00edan carteles de una de las v\u00edctimas del atentado.<\/p>\n\n\n\n<p>El incidente se produjo luego del acto en el que la comunidad jud\u00eda renov\u00f3 su pedido de justicia al cumplirse 29 a\u00f1os del atentado a la sede de la AMIA en Buenos Aires, que provoc\u00f3 85 muertos y m\u00e1s de 300 heridos. El acto, que fue convocado bajo el lema \u00abJusticia ausente. Digamos presente\u00bb, tuvo una amplia presencia de pol\u00edticos de la oposici\u00f3n.<\/p>\n\n\n\n<p>Entre los presentes en el acto estuvieron los precandidatos a jefe de Gobierno porte\u00f1o de Juntos por el Cambio, Jorge Macri y Mart\u00edn Lousteau; el presidente de la AFA, Claudio \u00abChiqui\u00bb Tapia, el precandidato libertario Javier Milei, el precandidato a vice de Bullrich, Luis Petri, el intendente de Pinamar, Mart\u00edn Yeza, el embajador estadounidense en el pa\u00eds, Marc Stanley, el representante diplom\u00e1tico israel\u00ed Eyal Sela y el presidente del Templo Libertad, Alejandro Pitashny.<\/p>\n\n\n\n<p>Tambi\u00e9n fueron hasta la sede de la mutual jud\u00eda Waldo Wolff, Eugenio Burzaco y Jorge Telerman.<\/p>\n\n\n\n<p>El oficialismo tuvo como representantes al ministro de Educaci\u00f3n, Perczyk, y el secretario de Culto, Guillermo Oliveri<\/p>\n","protected":false},"excerpt":{"rendered":"<p>Un inc\u00f3modo momento pas\u00f3 Javier Milei este martes durante el acto por los 29 a\u00f1os del atentado a la AMIA. Fue luego de que un grupo de familiares de las v\u00edctimas lo increpara por votar en la C\u00e1mara de Diputados en contra del d\u00eda de duelo por el atentado a la mutual jud\u00eda hace 15<a class=\"read-more\" href=\"https:\/\/elfederalmendoza.com.ar\/index.php\/2023\/07\/19\/mal-momento-para-javier-milei-en-el-acto-de-la-amia-familiares-lo-increparon-por-votar-en-contra-del-dia-de-duelo-por-el-atentado\/\"> [&hellip;]<\/a><\/p>\n","protected":false},"author":2,"featured_media":25326,"comment_status":"open","ping_status":"open","sticky":false,"template":"","format":"standard","meta":{"footnotes":""},"categories":[5618],"tags":[],"class_list":["post-25325","post","type-post","status-publish","format-standard","has-post-thumbnail","hentry","category-arg"],"rttpg_featured_image_url":{"full":["https:\/\/elfederalmendoza.com.ar\/wp-content\/uploads\/2023\/07\/EPu6yrOdi_2000x1500__1.webp",2000,1500,false],"landscape":["https:\/\/elfederalmendoza.com.ar\/wp-content\/uploads\/2023\/07\/EPu6yrOdi_2000x1500__1.webp",2000,1500,false],"portraits":["https:\/\/elfederalmendoza.com.ar\/wp-content\/uploads\/2023\/07\/EPu6yrOdi_2000x1500__1.webp",2000,1500,false],"thumbnail":["https:\/\/elfederalmendoza.com.ar\/wp-content\/uploads\/2023\/07\/EPu6yrOdi_2000x1500__1-150x150.webp",150,150,true],"medium":["https:\/\/elfederalmendoza.com.ar\/wp-content\/uploads\/2023\/07\/EPu6yrOdi_2000x1500__1-300x225.webp",300,225,true],"large":["https:\/\/elfederalmendoza.com.ar\/wp-content\/uploads\/2023\/07\/EPu6yrOdi_2000x1500__1-1024x768.webp",640,480,true],"1536x1536":["https:\/\/elfederalmendoza.com.ar\/wp-content\/uploads\/2023\/07\/EPu6yrOdi_2000x1500__1-1536x1152.webp",1536,1152,true],"2048x2048":["https:\/\/elfederalmendoza.com.ar\/wp-content\/uploads\/2023\/07\/EPu6yrOdi_2000x1500__1.webp",2000,1500,false],"ultp_layout_landscape_large":["https:\/\/elfederalmendoza.com.ar\/wp-content\/uploads\/2023\/07\/EPu6yrOdi_2000x1500__1-1200x800.webp",1200,800,true],"ultp_layout_landscape":["https:\/\/elfederalmendoza.com.ar\/wp-content\/uploads\/2023\/07\/EPu6yrOdi_2000x1500__1-870x570.webp",870,570,true],"ultp_layout_portrait":["https:\/\/elfederalmendoza.com.ar\/wp-content\/uploads\/2023\/07\/EPu6yrOdi_2000x1500__1-600x900.webp",600,900,true],"ultp_layout_square":["https:\/\/elfederalmendoza.com.ar\/wp-content\/uploads\/2023\/07\/EPu6yrOdi_2000x1500__1-600x600.webp",600,600,true],"rpwe-thumbnail":["https:\/\/elfederalmendoza.com.ar\/wp-content\/uploads\/2023\/07\/EPu6yrOdi_2000x1500__1-45x45.webp",45,45,true],"advps-thumb-one":["https:\/\/elfederalmendoza.com.ar\/wp-content\/uploads\/2023\/07\/EPu6yrOdi_2000x1500__1-1200x420.webp",1200,420,true]},"rttpg_author":{"display_name":"Redacci\u00f3n El Federal","author_link":"https:\/\/elfederalmendoza.com.ar\/index.php\/author\/angelflores\/"},"rttpg_comment":0,"rttpg_category":"<a href=\"https:\/\/elfederalmendoza.com.ar\/index.php\/category\/arg\/\" rel=\"category tag\">Argentina<\/a>","rttpg_excerpt":"Un inc\u00f3modo momento pas\u00f3 Javier Milei este martes durante el acto por los 29 a\u00f1os del atentado a la AMIA. Fue luego de que un grupo de familiares de las v\u00edctimas lo increpara por votar en la C\u00e1mara de Diputados en contra del d\u00eda de duelo por el atentado a la mutual jud\u00eda hace 15&hellip;","_links":{"self":[{"href":"https:\/\/elfederalmendoza.com.ar\/index.php\/wp-json\/wp\/v2\/posts\/25325","targetHints":{"allow":["GET"]}}],"collection":[{"href":"https:\/\/elfederalmendoza.com.ar\/index.php\/wp-json\/wp\/v2\/posts"}],"about":[{"href":"https:\/\/elfederalmendoza.com.ar\/index.php\/wp-json\/wp\/v2\/types\/post"}],"author":[{"embeddable":true,"href":"https:\/\/elfederalmendoza.com.ar\/index.php\/wp-json\/wp\/v2\/users\/2"}],"replies":[{"embeddable":true,"href":"https:\/\/elfederalmendoza.com.ar\/index.php\/wp-json\/wp\/v2\/comments?post=25325"}],"version-history":[{"count":1,"href":"https:\/\/elfederalmendoza.com.ar\/index.php\/wp-json\/wp\/v2\/posts\/25325\/revisions"}],"predecessor-version":[{"id":25328,"href":"https:\/\/elfederalmendoza.com.ar\/index.php\/wp-json\/wp\/v2\/posts\/25325\/revisions\/25328"}],"wp:featuredmedia":[{"embeddable":true,"href":"https:\/\/elfederalmendoza.com.ar\/index.php\/wp-json\/wp\/v2\/media\/25326"}],"wp:attachment":[{"href":"https:\/\/elfederalmendoza.com.ar\/index.php\/wp-json\/wp\/v2\/media?parent=25325"}],"wp:term":[{"taxonomy":"category","embeddable":true,"href":"https:\/\/elfederalmendoza.com.ar\/index.php\/wp-json\/wp\/v2\/categories?post=25325"},{"taxonomy":"post_tag","embeddable":true,"href":"https:\/\/elfederalmendoza.com.ar\/index.php\/wp-json\/wp\/v2\/tags?post=25325"}],"curies":[{"name":"wp","href":"https:\/\/api.w.org\/{rel}","templated":true}]}}