{"id":25337,"date":"2023-07-19T17:17:16","date_gmt":"2023-07-19T20:17:16","guid":{"rendered":"https:\/\/elfederalmendoza.com\/?p=25337"},"modified":"2023-07-19T17:17:17","modified_gmt":"2023-07-19T20:17:17","slug":"zara-por-que-el-empresario-textil-mas-rico-del-mundo-decidio-irse-de-argentina-despues-de-25-anos","status":"publish","type":"post","link":"https:\/\/elfederalmendoza.com.ar\/index.php\/2023\/07\/19\/zara-por-que-el-empresario-textil-mas-rico-del-mundo-decidio-irse-de-argentina-despues-de-25-anos\/","title":{"rendered":"Zara: por qu\u00e9 el empresario textil m\u00e1s rico del mundo decidi\u00f3 irse de Argentina despu\u00e9s de 25 a\u00f1os"},"content":{"rendered":"\n<p>La cadena de indumentaria dej\u00f3 su negocio local, y el de Uruguay, en manos de otra multinacional. Qui\u00e9n es el empresario detr\u00e1s del gigante textil Inditex, las importaciones y c\u00f3mo seguir\u00e1n funcionando los locales de la marca.<\/p>\n\n\n\n<p>Hoy se conoci\u00f3 la noticia de que los due\u00f1os de Zara se van de la Argentina\u00a0y dejas las tiendas locales \u2013y tambi\u00e9n las de Uruguay\u2013 a la multinacional Regency Group, el mismo grupo que se qued\u00f3 con el negocio de nike, otra empresa global que decidi\u00f3 irse del pa\u00eds.<\/p>\n\n\n\n<p>Inditex es el gigante detr\u00e1s de Zara. El imperio lo comanda el espa\u00f1ol&nbsp;<strong>Amancio Ortega Gaona<\/strong>, la persona n\u00famero 13 m\u00e1s rica del mundo con un patrimonio personal de 91,5 millones de d\u00f3lares, seg\u00fan Forbes.<\/p>\n\n\n\n<p>Es el empresario textil m\u00e1s rico del mundo, seg\u00fan el ranking de&nbsp;<em>billionaires&nbsp;<\/em>que publica la revista norteamericana.<\/p>\n\n\n\n<h2 class=\"wp-block-heading\">\u2013 \u00bfPor qu\u00e9 se va de Argentina?<\/h2>\n\n\n\n<p>Fuentes cercanas a Inditex destacaron que el gigante \u201copera a nivel global bajo dos modelos: en forma directa o con franquicia. La noticia es que en Argentina y Uruguay ahora pasa a manejarlos con franquicia. Este traspaso se realiza con Regency, mismo grupo que opera con ellos hace 25 a\u00f1os en los mercados de Colombia, Per\u00fa, Ecuador, Panam\u00e1 y Paraguay\u201d.<\/p>\n\n\n\n<p>\u201cNo se va por un tema de importaciones, de hecho la operaci\u00f3n es conjunta en Argentina y Uruguay\u201d, enfatizaron ante algunos rumores. \u201cInditex seguir\u00e1 supervisando de cerca toda la operaci\u00f3n, como con toda franquicia, por lo que no se va del pa\u00eds. S\u00f3lo deja de operar en forma directa en Argentina y Uruguay, como hace en muchos otros mercados\u201d, agregaron.<\/p>\n\n\n\n<p>\u201cLo ten\u00edan s\u00faper oculto a este tema, fue un poco sorpresivo. Usan este modelo en varias partes, no es solamente Argentina. Lo hace en Medio Oriente y en algunos pa\u00edses de Asia, donde la complejidad log\u00edstica prefiere cederla a operadores que ya conocen el mercado. No es excepcional que use el sistema, pero no nos hace feliz, como industria, hubiera preferido que est\u00e9n de forma directa\u201d, destac\u00f3 una muy importante fuente del sector textil local.<\/p>\n\n\n\n<p><img loading=\"lazy\" decoding=\"async\" alt=\" Zara y Zara Home tienen 11 tiendas en Argentina y 4 tiendas en Uruguay\" height=\"528\" width=\"800\" src=\"https:\/\/www.infobae.com\/new-resizer\/aj0IhR3Z-Fb2B0XqxsPDkvgHyCw=\/arc-anglerfish-arc2-prod-infobae\/public\/B6LCOQJ6XSWQ2QUEMKAYPDJ6TE.jpg\" srcset=\"https:\/\/www.infobae.com\/new-resizer\/HDz0-NaHmrigl9EgaI3KkY7DsTE=\/420x280\/filters:format(webp):quality(85)\/cloudfront-us-east-1.images.arcpublishing.com\/infobae\/B6LCOQJ6XSWQ2QUEMKAYPDJ6TE.jpg 420w,https:\/\/www.infobae.com\/new-resizer\/rXmI-rbrv3yWHkLffhX2nkMVPIU=\/768x512\/filters:format(webp):quality(85)\/cloudfront-us-east-1.images.arcpublishing.com\/infobae\/B6LCOQJ6XSWQ2QUEMKAYPDJ6TE.jpg 768w,https:\/\/www.infobae.com\/new-resizer\/aCpvEtQ7pMQIyiu4fxFdv_aZGTU=\/992x661\/filters:format(webp):quality(85)\/cloudfront-us-east-1.images.arcpublishing.com\/infobae\/B6LCOQJ6XSWQ2QUEMKAYPDJ6TE.jpg 992w,https:\/\/www.infobae.com\/new-resizer\/z45EeqfKmgbBk_-oEj-D9kW1gqQ=\/1200x800\/filters:format(webp):quality(85)\/cloudfront-us-east-1.images.arcpublishing.com\/infobae\/B6LCOQJ6XSWQ2QUEMKAYPDJ6TE.jpg 1200w,https:\/\/www.infobae.com\/new-resizer\/ReDWmAz9g_vt-18cohDZF_m1_qY=\/1440x960\/filters:format(webp):quality(85)\/cloudfront-us-east-1.images.arcpublishing.com\/infobae\/B6LCOQJ6XSWQ2QUEMKAYPDJ6TE.jpg 1440w\">Zara y Zara Home tienen 11 tiendas en Argentina y 4 tiendas en Uruguay<\/p>\n\n\n\n<p>\u201cQue franquicien la marca significa que cree que un operador local podr\u00e1 manejar mejor las condiciones de este mercado. Por pol\u00edtica global, Inditex no habla con los pol\u00edticos de los pa\u00edses en los que est\u00e1. Alguna vez se los sugerimos y nos dijeron que no lo har\u00edan nunca. Alguien como Regency, m\u00e1s flexible, seguro que podr\u00e1 negociar de otra manera en el pa\u00eds. El tema importaciones y otros\u201d, agreg\u00f3.<\/p>\n\n\n\n<h2 class=\"wp-block-heading\">\u2013 \u00bfQui\u00e9n es Amancio Ortega?<\/h2>\n\n\n\n<p>Seg\u00fan Forbes, es uno de los minoristas de ropa m\u00e1s ricos del mundo. \u201cPionero de la moda r\u00e1pida, cofund\u00f3 Inditex, conocida por su cadena de moda Zara, con su ex esposa Rosal\u00eda Mera en 1975. Posee alrededor del 60% de Inditex, que cotiza en Madrid, que tiene 8 marcas, incluidas Massimo Dutti y Pull &amp; Bear, y 7.500 tiendas en todo el mundo\u201d, detall\u00f3 la revista sobre el empresario de 86 a\u00f1os.<\/p>\n\n\n\n<p>\u201cOrtega normalmente gana m\u00e1s de USD 400 millones en dividendos al a\u00f1o. En noviembre de 2021, Inditex anunci\u00f3 que su hija,&nbsp;<strong>Marta Ortega P\u00e9rez<\/strong>, asumir\u00eda la presidencia en abril de 2022. Ha invertido sus dividendos principalmente en bienes ra\u00edces en Madrid, Barcelona, Londres, Chicago, Miami y Nueva York\u201d, agreg\u00f3 la publicaci\u00f3n.<\/p>\n\n\n\n<p>En una extensa nota de marzo de este a\u00f1o, Bloomberg dijo que Ortega ten\u00eda un problema que la mayor\u00eda de los superricos del mundo no tienen: su fortuna no deja de crecer. As\u00ed, explicaron que cada a\u00f1o tiene que invertir los miles de millones de euros que recibe de la empresa, o enfrentarse a la posibilidad de tener que pagar una parte de esos ingresos en impuestos sobre el patrimonio.<\/p>\n\n\n\n<p><img loading=\"lazy\" decoding=\"async\" alt=\"Marta Ortega P\u00e9rez, es la presidenta de Inditex desde 2022 (REUTERS\/Miguel Vidal\/File Photo)\" height=\"3667\" width=\"5500\" src=\"https:\/\/www.infobae.com\/new-resizer\/Q8WCCUaMgkk4AK8Gp02rJUSdLU8=\/arc-anglerfish-arc2-prod-infobae\/public\/OUCX7YGMXE4EGNW5DS74U2FWJM.jpg\" srcset=\"https:\/\/www.infobae.com\/new-resizer\/OTRji6TuM7XN0dJBQZ7CImEVP74=\/420x280\/filters:format(webp):quality(85)\/cloudfront-us-east-1.images.arcpublishing.com\/infobae\/OUCX7YGMXE4EGNW5DS74U2FWJM.jpg 420w,https:\/\/www.infobae.com\/new-resizer\/8hL92V1yvFeaLBU4LWBtj0SGM3A=\/768x512\/filters:format(webp):quality(85)\/cloudfront-us-east-1.images.arcpublishing.com\/infobae\/OUCX7YGMXE4EGNW5DS74U2FWJM.jpg 768w,https:\/\/www.infobae.com\/new-resizer\/rEq7WSrmZgOWKM0ODXUfz_JrV5I=\/992x661\/filters:format(webp):quality(85)\/cloudfront-us-east-1.images.arcpublishing.com\/infobae\/OUCX7YGMXE4EGNW5DS74U2FWJM.jpg 992w,https:\/\/www.infobae.com\/new-resizer\/NoY1llH0JtH6LGuoEmE-DEEbmLQ=\/1200x800\/filters:format(webp):quality(85)\/cloudfront-us-east-1.images.arcpublishing.com\/infobae\/OUCX7YGMXE4EGNW5DS74U2FWJM.jpg 1200w,https:\/\/www.infobae.com\/new-resizer\/cY-Qcmu_n1I4WKH4tEBQFMglF3w=\/1440x960\/filters:format(webp):quality(85)\/cloudfront-us-east-1.images.arcpublishing.com\/infobae\/OUCX7YGMXE4EGNW5DS74U2FWJM.jpg 1440w\">Marta Ortega P\u00e9rez, es la presidenta de Inditex desde 2022 (REUTERS\/Miguel Vidal\/File Photo)<\/p>\n\n\n\n<p>La agencia aclar\u00f3 que Espa\u00f1a es el \u00fanico pa\u00eds de la Uni\u00f3n Europea que tiene un impuesto sobre el patrimonio en toda regla y, seg\u00fan la legislaci\u00f3n nacional, los residentes est\u00e1n exentos de ese gravamen pol\u00edticamente pol\u00e9mico solo si sus empresas familiares invierten sus ingresos dentro del plazo de 12 meses y en activos considerados \u201cactividad econ\u00f3mica\u201d.<\/p>\n\n\n\n<p>As\u00ed, Ortega ha adquirido edificios emblem\u00e1ticos como el Haughwout y el Southeast Financial Center de Nueva York, el Royal Bank Plaza de Toronto y el Post Building de Londres. Y se ha hecho de propiedades residenciales y comerciales de primera clase en ciudades desde Barcelona a Seattle, cuyos inquilinos incluyen a Facebook y Amazon.com, Zara e incluso su rival H&amp;M. \u201cTodo ello ha convertido al empresario en uno de los mayores propietarios de carteras inmobiliarias de Europa. Sus propiedades estaban valoradas en \u20ac15.300 millones en 2021, seg\u00fan los \u00faltimos datos disponibles, por encima de las de los multimillonarios inmobiliarios brit\u00e1nicos Hugh Grosvenor y Charles Cadogan. Desde entonces, Pontegadea ha invertido m\u00e1s de US$2.000 millones en al menos 10 propiedades en Norteam\u00e9rica y Gran Breta\u00f1a\u201d, dijo Bloomberg.<\/p>\n\n\n\n<p>En los \u201860, Ortega, hijo de un ferroviario, y su esposa de entonces, una costurera, empezaron a fabricar batas y a venderlas puerta a puerta. M\u00e1s tarde, se hizo con una de las mayores fortunas del mundo al detectar r\u00e1pidamente las tendencias de las pasarelas y convertirlas en prendas asequibles en todo el mundo. Su megaoperaci\u00f3n cuenta ahora con tiendas en todo el mundo y un valor de mercado de unos \u20ac91.000 millones. Los ingresos de Inditex rondan los \u20ac32.600 millones.<\/p>\n\n\n\n<p>Sandra, su hija mayor, es la mujer m\u00e1s rica de Espa\u00f1a gracias a su participaci\u00f3n en Inditex.<\/p>\n\n\n\n<h2 class=\"wp-block-heading\">\u2013 \u00bfQu\u00e9 dijo la empresa?<\/h2>\n\n\n\n<p>En un comunicado, la empresa destac\u00f3:<\/p>\n\n\n\n<p>\u2013 \u201cEl grupo de distribuci\u00f3n de moda Inditex ha alcanzado un principio de acuerdo con la multinacional Regency Group para transferir la gesti\u00f3n de las operaciones de sus marcas Zara y Zara Home en Argentina y Uruguay\u201d.<\/p>\n\n\n\n<p>\u2013 \u201cCon este acuerdo, Inditex homologa el modelo de gesti\u00f3n de sus marcas con el desarrollado en la mayor parte de los mercados de la regi\u00f3n, a trav\u00e9s de un contrato de franquicia gestionado por Regency, grupo empresarial que lleva m\u00e1s de 25 a\u00f1os operando con gran \u00e9xito las marcas de Inditex en pa\u00edses como Colombia, Per\u00fa, Panam\u00e1, Ecuador y Paraguay.<\/p>\n\n\n\n<p>\u2013 \u201cZara y Zara Home tienen hoy en Argentina y Uruguay una excelente imagen de marca y una posici\u00f3n comercial muy consolidada, con ventas que evolucionan de forma favorable y resultados positivos\u201d.<\/p>\n\n\n\n<p>\u2013 \u201cRegency Group cuenta con presencia en 13 pa\u00edses de Am\u00e9rica Latina, m\u00e1s de 5.000 empleados y m\u00e1s de 400 tiendas en la regi\u00f3n. Tras el cierre de esta operaci\u00f3n, Regency Group sumar\u00e1 a su equipo la totalidad de la plantilla de colaboradores de Inditex en Argentina y Uruguay, que supera el millar de personas\u201d.<\/p>\n\n\n\n<h2 class=\"wp-block-heading\">\u2013 \u00bfQu\u00e9 va a pasar con las marcas?<\/h2>\n\n\n\n<p>El grupo destac\u00f3 que Zara y Zara Home tienen 11 tiendas en Argentina y 4 tiendas en Uruguay. \u201cCuando se complete la operaci\u00f3n continuar\u00e1n ofreciendo su oferta de moda de calidad y su apuesta por un excelente servicio al cliente de ambos pa\u00edses. La s\u00f3lida presencia de Zara en Argentina y Uruguay est\u00e1 sin duda vinculada con el compromiso con sus clientes locales demostrado a lo largo de 25 a\u00f1os de presencia comercial ininterrumpida.<\/p>\n\n\n\n<p>\u201cZara ofrece colecciones propias para el hemisferio sur desde su llegada al mercado argentino, una pr\u00e1ctica que adopt\u00f3 la compa\u00f1\u00eda para acompa\u00f1ar m\u00e1s de cerca las tendencias de moda adaptadas al mercado. Para ello cuenta, en su sede central en Espa\u00f1a, con equipos de dise\u00f1o, desarrollo de producto y comercial entre otros, espec\u00edficos para esta regi\u00f3n, que trabajan en paralelo a los destinados al hemisferio norte. Los equipos comerciales de Inditex seguir\u00e1n fuertemente vinculados a la actividad de sus marcas en Argentina y Uruguay, como ocurre en todos los pa\u00edses de la regi\u00f3n donde se opera con acuerdos similares.<\/p>\n\n\n\n<p><em><strong>Con informaci\u00f3n de EFE y Bloomberg<\/strong><\/em><\/p>\n","protected":false},"excerpt":{"rendered":"<p>La cadena de indumentaria dej\u00f3 su negocio local, y el de Uruguay, en manos de otra multinacional. Qui\u00e9n es el empresario detr\u00e1s del gigante textil Inditex, las importaciones y c\u00f3mo seguir\u00e1n funcionando los locales de la marca. Hoy se conoci\u00f3 la noticia de que los due\u00f1os de Zara se van de la Argentina\u00a0y dejas las<a class=\"read-more\" href=\"https:\/\/elfederalmendoza.com.ar\/index.php\/2023\/07\/19\/zara-por-que-el-empresario-textil-mas-rico-del-mundo-decidio-irse-de-argentina-despues-de-25-anos\/\"> [&hellip;]<\/a><\/p>\n","protected":false},"author":2,"featured_media":25339,"comment_status":"open","ping_status":"open","sticky":false,"template":"","format":"standard","meta":{"footnotes":""},"categories":[5618],"tags":[],"class_list":["post-25337","post","type-post","status-publish","format-standard","has-post-thumbnail","hentry","category-arg"],"rttpg_featured_image_url":{"full":["https:\/\/elfederalmendoza.com.ar\/wp-content\/uploads\/2023\/07\/zara.jpg",1041,578,false],"landscape":["https:\/\/elfederalmendoza.com.ar\/wp-content\/uploads\/2023\/07\/zara.jpg",1041,578,false],"portraits":["https:\/\/elfederalmendoza.com.ar\/wp-content\/uploads\/2023\/07\/zara.jpg",1041,578,false],"thumbnail":["https:\/\/elfederalmendoza.com.ar\/wp-content\/uploads\/2023\/07\/zara-150x150.jpg",150,150,true],"medium":["https:\/\/elfederalmendoza.com.ar\/wp-content\/uploads\/2023\/07\/zara-300x167.jpg",300,167,true],"large":["https:\/\/elfederalmendoza.com.ar\/wp-content\/uploads\/2023\/07\/zara-1024x569.jpg",640,356,true],"1536x1536":["https:\/\/elfederalmendoza.com.ar\/wp-content\/uploads\/2023\/07\/zara.jpg",1041,578,false],"2048x2048":["https:\/\/elfederalmendoza.com.ar\/wp-content\/uploads\/2023\/07\/zara.jpg",1041,578,false],"ultp_layout_landscape_large":["https:\/\/elfederalmendoza.com.ar\/wp-content\/uploads\/2023\/07\/zara.jpg",1041,578,false],"ultp_layout_landscape":["https:\/\/elfederalmendoza.com.ar\/wp-content\/uploads\/2023\/07\/zara-870x570.jpg",870,570,true],"ultp_layout_portrait":["https:\/\/elfederalmendoza.com.ar\/wp-content\/uploads\/2023\/07\/zara-600x578.jpg",600,578,true],"ultp_layout_square":["https:\/\/elfederalmendoza.com.ar\/wp-content\/uploads\/2023\/07\/zara-600x578.jpg",600,578,true],"rpwe-thumbnail":["https:\/\/elfederalmendoza.com.ar\/wp-content\/uploads\/2023\/07\/zara-45x45.jpg",45,45,true],"advps-thumb-one":["https:\/\/elfederalmendoza.com.ar\/wp-content\/uploads\/2023\/07\/zara-1041x420.jpg",1041,420,true]},"rttpg_author":{"display_name":"Redacci\u00f3n El Federal","author_link":"https:\/\/elfederalmendoza.com.ar\/index.php\/author\/angelflores\/"},"rttpg_comment":0,"rttpg_category":"<a href=\"https:\/\/elfederalmendoza.com.ar\/index.php\/category\/arg\/\" rel=\"category tag\">Argentina<\/a>","rttpg_excerpt":"La cadena de indumentaria dej\u00f3 su negocio local, y el de Uruguay, en manos de otra multinacional. Qui\u00e9n es el empresario detr\u00e1s del gigante textil Inditex, las importaciones y c\u00f3mo seguir\u00e1n funcionando los locales de la marca. Hoy se conoci\u00f3 la noticia de que los due\u00f1os de Zara se van de la Argentina\u00a0y dejas las&hellip;","_links":{"self":[{"href":"https:\/\/elfederalmendoza.com.ar\/index.php\/wp-json\/wp\/v2\/posts\/25337","targetHints":{"allow":["GET"]}}],"collection":[{"href":"https:\/\/elfederalmendoza.com.ar\/index.php\/wp-json\/wp\/v2\/posts"}],"about":[{"href":"https:\/\/elfederalmendoza.com.ar\/index.php\/wp-json\/wp\/v2\/types\/post"}],"author":[{"embeddable":true,"href":"https:\/\/elfederalmendoza.com.ar\/index.php\/wp-json\/wp\/v2\/users\/2"}],"replies":[{"embeddable":true,"href":"https:\/\/elfederalmendoza.com.ar\/index.php\/wp-json\/wp\/v2\/comments?post=25337"}],"version-history":[{"count":1,"href":"https:\/\/elfederalmendoza.com.ar\/index.php\/wp-json\/wp\/v2\/posts\/25337\/revisions"}],"predecessor-version":[{"id":25340,"href":"https:\/\/elfederalmendoza.com.ar\/index.php\/wp-json\/wp\/v2\/posts\/25337\/revisions\/25340"}],"wp:featuredmedia":[{"embeddable":true,"href":"https:\/\/elfederalmendoza.com.ar\/index.php\/wp-json\/wp\/v2\/media\/25339"}],"wp:attachment":[{"href":"https:\/\/elfederalmendoza.com.ar\/index.php\/wp-json\/wp\/v2\/media?parent=25337"}],"wp:term":[{"taxonomy":"category","embeddable":true,"href":"https:\/\/elfederalmendoza.com.ar\/index.php\/wp-json\/wp\/v2\/categories?post=25337"},{"taxonomy":"post_tag","embeddable":true,"href":"https:\/\/elfederalmendoza.com.ar\/index.php\/wp-json\/wp\/v2\/tags?post=25337"}],"curies":[{"name":"wp","href":"https:\/\/api.w.org\/{rel}","templated":true}]}}