{"id":25364,"date":"2023-07-20T07:33:37","date_gmt":"2023-07-20T10:33:37","guid":{"rendered":"https:\/\/elfederalmendoza.com\/?p=25364"},"modified":"2023-07-20T07:33:38","modified_gmt":"2023-07-20T10:33:38","slug":"otro-escandalo-sacude-a-chaco-pidieron-detener-por-abuso-sexual-a-un-funcionario-de-capitanich-allegado-al-clan-sena","status":"publish","type":"post","link":"https:\/\/elfederalmendoza.com.ar\/index.php\/2023\/07\/20\/otro-escandalo-sacude-a-chaco-pidieron-detener-por-abuso-sexual-a-un-funcionario-de-capitanich-allegado-al-clan-sena\/","title":{"rendered":"Otro esc\u00e1ndalo sacude a Chaco: pidieron detener por abuso sexual a un funcionario de Capitanich allegado al clan Sena"},"content":{"rendered":"\n<p>Se trata del l\u00edder piquetero Osmar \u201cQuint\u00edn\u201d G\u00f3mez, quien en 2017 viaj\u00f3 a Roma con el clan imputado por el femicidio de Cecilia Strzyzowski. Era precandidato a diputado provincial y debi\u00f3 renunciar. A \u00faltima hora de este mi\u00e9rcoles, la fiscal Rosana Soto orden\u00f3 su arresto.<\/p>\n\n\n\n<p>Otro esc\u00e1ndalo sacude a la provincia de Chaco. Un funcionario del gobierno de&nbsp;<strong>Jorge Capitanich<\/strong>&nbsp;y allegado a&nbsp;<strong>Emerenciano Sena<\/strong>&nbsp;y&nbsp;<strong>Marcela Acu\u00f1a&nbsp;<\/strong>\u2014imputados por femicidio de&nbsp;<strong>Cecilia Strzyzowski<\/strong>, junto a su hijo C\u00e9sar\u2014fue denunciado por&nbsp;<strong>abuso sexual<\/strong>. A \u00faltima hora de este mi\u00e9rcoles, la titular de la Fiscal\u00eda N\u00b0 3,&nbsp;<strong>Rosana Beatriz Soto<\/strong>, pidi\u00f3 que sea detenido. Se trata del l\u00edder piquetero&nbsp;<strong>Osmar \u201cQuint\u00edn\u201d G\u00f3mez<\/strong>&nbsp;(60) quien se desempe\u00f1\u00f3 como personal de gabinete del Poder Ejecutivo y, adem\u00e1s, fue candidato a diputado provincial por el Frente Chaque\u00f1o para las elecciones PASO.<\/p>\n\n\n\n<p>La denuncia, que cobr\u00f3 estado p\u00fablico este mi\u00e9rcoles 19 de julio, fue formulada hace dos d\u00edas, en la Direcci\u00f3n de Violencia Familiar de la Polic\u00eda del Chaco, por una mujer de 53 a\u00f1os, empleada de la Escuela de Gesti\u00f3n Social N\u00b0 4 de Resistencia, que dirige \u201cQuint\u00edn\u201d.<\/p>\n\n\n\n<p>Tras la misma, el 17 de julio pasado,&nbsp;<strong>el Gobierno dej\u00f3 sin efecto el cargo que ocupaba<\/strong>&nbsp;<strong>G\u00f3mez<\/strong>, como asesor de la Secretar\u00eda de Municipios de Chaco. La novedad se public\u00f3 en el Bolet\u00edn Oficial ese d\u00eda, aunque la desvinculaci\u00f3n tiene fecha del 1 de julio. Consultado por&nbsp;<strong>Infobae<\/strong>, desde el Gobierno explicaron que \u201cpor formalidad se coloc\u00f3 1 del mes en curso\u201d.<\/p>\n\n\n\n<p>D\u00edas antes de ser desvinculado, el 30 de junio, el dirigente social comunic\u00f3 al Tribunal Electoral Provincial su decisi\u00f3n de&nbsp;<strong>renunciar como precandidato electo a diputado&nbsp;<\/strong>por el frente Chaque\u00f1o para las elecciones provinciales del pr\u00f3ximo 17 de septiembre.<\/p>\n\n\n\n<p><img loading=\"lazy\" decoding=\"async\" alt=\"El decreto en el que el gobierno provincial confirm\u00f3 la desvinculaci\u00f3n de Osmar &quot;Quint\u00edn&quot; G\u00f3mez\" height=\"2225\" width=\"1920\" src=\"https:\/\/www.infobae.com\/new-resizer\/CbQ81_Jj627SbPS5z4rlNe5AVLU=\/arc-anglerfish-arc2-prod-infobae\/public\/E2IUFBR72BGZZLOFE73QC2ZW4E.jpg\" srcset=\"https:\/\/www.infobae.com\/new-resizer\/FecW9tueskwwODHKOPAnEm7tKao=\/420x560\/filters:format(webp):quality(85)\/cloudfront-us-east-1.images.arcpublishing.com\/infobae\/E2IUFBR72BGZZLOFE73QC2ZW4E.jpg 420w,https:\/\/www.infobae.com\/new-resizer\/_LpRu2v-j_OnKRenJAOIIW-B968=\/768x1024\/filters:format(webp):quality(85)\/cloudfront-us-east-1.images.arcpublishing.com\/infobae\/E2IUFBR72BGZZLOFE73QC2ZW4E.jpg 768w,https:\/\/www.infobae.com\/new-resizer\/pau7ciEWrjxevXhOxxUmuE8X7NY=\/992x1323\/filters:format(webp):quality(85)\/cloudfront-us-east-1.images.arcpublishing.com\/infobae\/E2IUFBR72BGZZLOFE73QC2ZW4E.jpg 992w,https:\/\/www.infobae.com\/new-resizer\/i2UX9134hlZ71WZAyFD-kZWiWeQ=\/1200x1600\/filters:format(webp):quality(85)\/cloudfront-us-east-1.images.arcpublishing.com\/infobae\/E2IUFBR72BGZZLOFE73QC2ZW4E.jpg 1200w\">El decreto en el que el gobierno provincial confirm\u00f3 la desvinculaci\u00f3n de Osmar \u00abQuint\u00edn\u00bb G\u00f3mez<\/p>\n\n\n\n<p>A trav\u00e9s de un comunicado, desde el espacio pol\u00edtico explicaron que \u201cQuint\u00edn\u201d present\u00f3 su renuncia por motivos de \u201c<strong>reorganizaci\u00f3n<\/strong>&nbsp;<strong>de las listas de candidatos a diputados<\/strong>\u201c y aseguraron que, al momento de su inscripci\u00f3n como precandidato \u201c<strong>no presentaba denuncias previas<\/strong>\u201d.<\/p>\n\n\n\n<p>\u201cEn la conformaci\u00f3n de las listas, el espacio pol\u00edtico exige a todos los candidatos y candidatas la presentaci\u00f3n de documentaci\u00f3n respaldatoria entre la que se incluye el certificado del Registro de Deudores Alimentarios Morosos y del Registro \u00danico de Personas Violentas (RUPV), adem\u00e1s del certificado de aprobaci\u00f3n de la formaci\u00f3n en la Ley Micaela\u201d, sostuvo el Frente Chaque\u00f1o.<\/p>\n\n\n\n<p><img loading=\"lazy\" decoding=\"async\" alt=\"La renuncia presentada por Osmar \u201cQuint\u00edn\u201d G\u00f3mez a su candidatura como Diputado Provincial Titular de Chaco\" height=\"1516\" width=\"1920\" src=\"https:\/\/www.infobae.com\/new-resizer\/X5diptNkKD9tPD4ckedYJpXj5ZE=\/arc-anglerfish-arc2-prod-infobae\/public\/R6QUSGFYSNDLBF7KJZJUUSHR7A.jpg\" srcset=\"https:\/\/www.infobae.com\/new-resizer\/jZVxDGZZeXJo3Qz_4IgEquWNcpg=\/420x315\/filters:format(webp):quality(85)\/cloudfront-us-east-1.images.arcpublishing.com\/infobae\/R6QUSGFYSNDLBF7KJZJUUSHR7A.jpg 420w,https:\/\/www.infobae.com\/new-resizer\/JObmYhvP1o-sK-Zy-AQaiI16tsE=\/768x576\/filters:format(webp):quality(85)\/cloudfront-us-east-1.images.arcpublishing.com\/infobae\/R6QUSGFYSNDLBF7KJZJUUSHR7A.jpg 768w,https:\/\/www.infobae.com\/new-resizer\/rzehVV8gG5hT--8ani-G6kf8I3Q=\/992x744\/filters:format(webp):quality(85)\/cloudfront-us-east-1.images.arcpublishing.com\/infobae\/R6QUSGFYSNDLBF7KJZJUUSHR7A.jpg 992w,https:\/\/www.infobae.com\/new-resizer\/wJSQgWPzS3leQeYLDuujwksBclQ=\/1200x900\/filters:format(webp):quality(85)\/cloudfront-us-east-1.images.arcpublishing.com\/infobae\/R6QUSGFYSNDLBF7KJZJUUSHR7A.jpg 1200w,https:\/\/www.infobae.com\/new-resizer\/i-M44VHci2rLNJ4_C5AUK3-c6kI=\/1440x1080\/filters:format(webp):quality(85)\/cloudfront-us-east-1.images.arcpublishing.com\/infobae\/R6QUSGFYSNDLBF7KJZJUUSHR7A.jpg 1440w\">La renuncia presentada por Osmar \u201cQuint\u00edn\u201d G\u00f3mez a su candidatura como Diputado Provincial Titular de Chaco<\/p>\n\n\n\n<p>De acuerdo con los medios locales,&nbsp;<strong>Osmar \u201cQuint\u00edn\u201d G\u00f3mez era amigo de Emerenciano Sena y Marcela Acu\u00f1a<\/strong>. De hecho, en 2017, viaj\u00f3 con ellos a&nbsp;<strong>Roma<\/strong>&nbsp;para la audiencia p\u00fablica de los referentes piqueteros con el&nbsp;<strong>Papa Francisco<\/strong>. En su cuenta de Facebook, la madre de C\u00e9sar Sena public\u00f3 im\u00e1genes, como la que encabeza esta nota, que dan cuenta de dicho viaje.<\/p>\n\n\n\n<p><strong>Adem\u00e1s de G\u00f3mez, el gobierno de Capitanich tambi\u00e9n deslig\u00f3 a otro funcionario vinculado con Emerenciano Sena<\/strong>. Se trata de\u00a0<strong>Armando Nicol\u00e1s Boniardi Cabra<\/strong>, integrante del Ministerio de Seguridad de Chaco,quien ces\u00f3 sus funciones a comienzos de julio, horas despu\u00e9s de haber asumido la defensa del l\u00edder piquetero.<\/p>\n\n\n\n<p>La Ministra de Seguridad y Justicia chaque\u00f1a,&nbsp;<strong>Gloria Salazar,&nbsp;<\/strong>defini\u00f3 el cese de sus funciones luego de que se hiciera p\u00fablica su incorporaci\u00f3n al caso que investiga el crimen de Cecilia Strzyzowski.<\/p>\n\n\n\n<p>La decisi\u00f3n fue tomada \u201c<strong>de manera inmediata e irrevocable<\/strong>\u201d, subray\u00f3 Zalazar en un comunicado, donde tambi\u00e9n especific\u00f3 que Boniardi no trabajaba directamente con ella sino en la asesor\u00eda de asuntos vinculados a los Foros de Seguridad.<\/p>\n\n\n\n<h2 class=\"wp-block-heading\">La denuncia por abuso sexual<\/h2>\n\n\n\n<p>Fue radicada el lunes 17 de julio, pero se dio a conocer esta ma\u00f1ana, tras una entrevista a la v\u00edctima en el programa radial chaque\u00f1o&nbsp;<em>Alerta Urbana<\/em>. La mujer, docente de una Escuela de Gesti\u00f3n Social del barrio M.T.D., dijo que \u201cQuint\u00edn\u201d la abus\u00f3 sexualmente en una vivienda de&nbsp;<strong>Colonia Ben\u00edtez<\/strong>, tras ser llevada hasta el lugar bajo el pretexto de que deb\u00eda cocinar para un grupo de personas.<\/p>\n\n\n\n<p>\u201cViajaba por todos lados con \u2018Quint\u00edn\u2019 a mirar y controlar lo que hac\u00eda falta en todos los colegios. Viaj\u00e1bamos siempre en grupos de personas, en la camioneta de \u00e9l\u201d, cont\u00f3 la v\u00edctima en di\u00e1logo con Gustavo Olivello, el polic\u00eda retirado que conduce el programa radial en&nbsp;<em>FM Gualamba<\/em>.<\/p>\n\n\n\n<p>Y sigui\u00f3: \u201cEse 10 de julio me llam\u00f3 y me dijo de ir a Colonia Ben\u00edtez. \u00c9l ah\u00ed tiene una casa donde se junta todo el movimiento para charlar y compartir. Cuando eso pasaba ten\u00edamos que hacer las compras, cocinar y lavar los platos. Ese d\u00eda me busc\u00f3 por mi casa. Sub\u00ed a la camioneta, le pregunt\u00e9 si viajaba otra mujer que suele ir conmigo y me respondi\u00f3 que iba a pasarla a buscar, pero nunca pas\u00f3\u201d.<\/p>\n\n\n\n<p>Al llegar al lugar, siempre seg\u00fan el relato de la v\u00edctima, ella se puso a \u201cmirar lo que hab\u00eda en la heladera para ver qu\u00e9 hab\u00eda para cocinar\u201d y, en ese momento, \u201cQuint\u00edn\u201d apareci\u00f3 \u201ctotalmente desnudo\u201d, la agarr\u00f3 \u201cfuertemente de los dos brazos\u201d hasta llevarla a la pieza, donde abus\u00f3 sexualmente de ella.<\/p>\n\n\n\n<p><img loading=\"lazy\" decoding=\"async\" alt=\"El nombre de Quint\u00edn G\u00f3mez en la boleta del Frente Chaque\u00f1o \" height=\"1520\" width=\"1920\" src=\"https:\/\/www.infobae.com\/new-resizer\/8lFuUlIF9Gxuchy_v4EHdXJZZMI=\/arc-anglerfish-arc2-prod-infobae\/public\/BY7G45CJS5FWXOEII4L3T3OMKM.jpg\" srcset=\"https:\/\/www.infobae.com\/new-resizer\/6iVpcbjbP8bqKo7bi-roWcQM9dU=\/420x315\/filters:format(webp):quality(85)\/cloudfront-us-east-1.images.arcpublishing.com\/infobae\/BY7G45CJS5FWXOEII4L3T3OMKM.jpg 420w,https:\/\/www.infobae.com\/new-resizer\/Md-bsrefzKDGoL6QlMuJwXZae78=\/768x576\/filters:format(webp):quality(85)\/cloudfront-us-east-1.images.arcpublishing.com\/infobae\/BY7G45CJS5FWXOEII4L3T3OMKM.jpg 768w,https:\/\/www.infobae.com\/new-resizer\/RWwDRVapDPuNfATKCGnoGMQ4GyY=\/992x744\/filters:format(webp):quality(85)\/cloudfront-us-east-1.images.arcpublishing.com\/infobae\/BY7G45CJS5FWXOEII4L3T3OMKM.jpg 992w,https:\/\/www.infobae.com\/new-resizer\/JD-4IzxWurlrCa64zH4tN0jWyLo=\/1200x900\/filters:format(webp):quality(85)\/cloudfront-us-east-1.images.arcpublishing.com\/infobae\/BY7G45CJS5FWXOEII4L3T3OMKM.jpg 1200w,https:\/\/www.infobae.com\/new-resizer\/QjvC2kFMQlrmn3vmAC3HXCHYCNA=\/1440x1080\/filters:format(webp):quality(85)\/cloudfront-us-east-1.images.arcpublishing.com\/infobae\/BY7G45CJS5FWXOEII4L3T3OMKM.jpg 1440w\">El nombre de Quint\u00edn G\u00f3mez en la boleta del Frente Chaque\u00f1o<\/p>\n\n\n\n<p>En medio del esc\u00e1ndalo, \u201cQuint\u00edn\u201d dio un breve reportaje a una radio chaque\u00f1a donde neg\u00f3 rotundamente el abuso. \u201c<strong>No voy a admitir nunca todo lo que se est\u00e1 diciendo. Lo niego totalmente<\/strong>\u201d, dijo en di\u00e1logo con el periodista Julio Wajcman de&nbsp;<em>La Radio FM<\/em>&nbsp;<em>104.7.<\/em><\/p>\n\n\n\n<p>\u201cYo estoy viajando a Buenos Aires, pero voy a pegar la vuelta a Resistencia para consultar con abogados. Este es un momento muy sensible para las organizaciones y me quiero asesorar. Estoy totalmente destrozado. Quiero ir a la Justicia a aclarar todo esto y que se esclarezca\u201d, agreg\u00f3.<\/p>\n\n\n\n<p>Tras ser consultado por Wajcman, el dirigente social asegur\u00f3 conocer a la denunciante. \u201cEs una compa\u00f1era que ten\u00eda relaci\u00f3n con la organizaci\u00f3n y colaboraba en la escuela\u201d, dijo escueto y no quiso responder m\u00e1s preguntas.<\/p>\n\n\n\n<p>Al cierre de esta nota, la Justicia orden\u00f3 su detenci\u00f3n.<\/p>\n","protected":false},"excerpt":{"rendered":"<p>Se trata del l\u00edder piquetero Osmar \u201cQuint\u00edn\u201d G\u00f3mez, quien en 2017 viaj\u00f3 a Roma con el clan imputado por el femicidio de Cecilia Strzyzowski. Era precandidato a diputado provincial y debi\u00f3 renunciar. A \u00faltima hora de este mi\u00e9rcoles, la fiscal Rosana Soto orden\u00f3 su arresto. Otro esc\u00e1ndalo sacude a la provincia de Chaco. Un funcionario<a class=\"read-more\" href=\"https:\/\/elfederalmendoza.com.ar\/index.php\/2023\/07\/20\/otro-escandalo-sacude-a-chaco-pidieron-detener-por-abuso-sexual-a-un-funcionario-de-capitanich-allegado-al-clan-sena\/\"> [&hellip;]<\/a><\/p>\n","protected":false},"author":2,"featured_media":25366,"comment_status":"open","ping_status":"open","sticky":false,"template":"","format":"standard","meta":{"footnotes":""},"categories":[5618],"tags":[],"class_list":["post-25364","post","type-post","status-publish","format-standard","has-post-thumbnail","hentry","category-arg"],"rttpg_featured_image_url":{"full":["https:\/\/elfederalmendoza.com.ar\/wp-content\/uploads\/2023\/07\/otro-escandalo.jpg",1258,647,false],"landscape":["https:\/\/elfederalmendoza.com.ar\/wp-content\/uploads\/2023\/07\/otro-escandalo.jpg",1258,647,false],"portraits":["https:\/\/elfederalmendoza.com.ar\/wp-content\/uploads\/2023\/07\/otro-escandalo.jpg",1258,647,false],"thumbnail":["https:\/\/elfederalmendoza.com.ar\/wp-content\/uploads\/2023\/07\/otro-escandalo-150x150.jpg",150,150,true],"medium":["https:\/\/elfederalmendoza.com.ar\/wp-content\/uploads\/2023\/07\/otro-escandalo-300x154.jpg",300,154,true],"large":["https:\/\/elfederalmendoza.com.ar\/wp-content\/uploads\/2023\/07\/otro-escandalo-1024x527.jpg",640,329,true],"1536x1536":["https:\/\/elfederalmendoza.com.ar\/wp-content\/uploads\/2023\/07\/otro-escandalo.jpg",1258,647,false],"2048x2048":["https:\/\/elfederalmendoza.com.ar\/wp-content\/uploads\/2023\/07\/otro-escandalo.jpg",1258,647,false],"ultp_layout_landscape_large":["https:\/\/elfederalmendoza.com.ar\/wp-content\/uploads\/2023\/07\/otro-escandalo-1200x647.jpg",1200,647,true],"ultp_layout_landscape":["https:\/\/elfederalmendoza.com.ar\/wp-content\/uploads\/2023\/07\/otro-escandalo-870x570.jpg",870,570,true],"ultp_layout_portrait":["https:\/\/elfederalmendoza.com.ar\/wp-content\/uploads\/2023\/07\/otro-escandalo-600x647.jpg",600,647,true],"ultp_layout_square":["https:\/\/elfederalmendoza.com.ar\/wp-content\/uploads\/2023\/07\/otro-escandalo-600x600.jpg",600,600,true],"rpwe-thumbnail":["https:\/\/elfederalmendoza.com.ar\/wp-content\/uploads\/2023\/07\/otro-escandalo-45x45.jpg",45,45,true],"advps-thumb-one":["https:\/\/elfederalmendoza.com.ar\/wp-content\/uploads\/2023\/07\/otro-escandalo-1200x420.jpg",1200,420,true]},"rttpg_author":{"display_name":"Redacci\u00f3n El Federal","author_link":"https:\/\/elfederalmendoza.com.ar\/index.php\/author\/angelflores\/"},"rttpg_comment":0,"rttpg_category":"<a href=\"https:\/\/elfederalmendoza.com.ar\/index.php\/category\/arg\/\" rel=\"category tag\">Argentina<\/a>","rttpg_excerpt":"Se trata del l\u00edder piquetero Osmar \u201cQuint\u00edn\u201d G\u00f3mez, quien en 2017 viaj\u00f3 a Roma con el clan imputado por el femicidio de Cecilia Strzyzowski. Era precandidato a diputado provincial y debi\u00f3 renunciar. A \u00faltima hora de este mi\u00e9rcoles, la fiscal Rosana Soto orden\u00f3 su arresto. Otro esc\u00e1ndalo sacude a la provincia de Chaco. Un funcionario&hellip;","_links":{"self":[{"href":"https:\/\/elfederalmendoza.com.ar\/index.php\/wp-json\/wp\/v2\/posts\/25364","targetHints":{"allow":["GET"]}}],"collection":[{"href":"https:\/\/elfederalmendoza.com.ar\/index.php\/wp-json\/wp\/v2\/posts"}],"about":[{"href":"https:\/\/elfederalmendoza.com.ar\/index.php\/wp-json\/wp\/v2\/types\/post"}],"author":[{"embeddable":true,"href":"https:\/\/elfederalmendoza.com.ar\/index.php\/wp-json\/wp\/v2\/users\/2"}],"replies":[{"embeddable":true,"href":"https:\/\/elfederalmendoza.com.ar\/index.php\/wp-json\/wp\/v2\/comments?post=25364"}],"version-history":[{"count":1,"href":"https:\/\/elfederalmendoza.com.ar\/index.php\/wp-json\/wp\/v2\/posts\/25364\/revisions"}],"predecessor-version":[{"id":25367,"href":"https:\/\/elfederalmendoza.com.ar\/index.php\/wp-json\/wp\/v2\/posts\/25364\/revisions\/25367"}],"wp:featuredmedia":[{"embeddable":true,"href":"https:\/\/elfederalmendoza.com.ar\/index.php\/wp-json\/wp\/v2\/media\/25366"}],"wp:attachment":[{"href":"https:\/\/elfederalmendoza.com.ar\/index.php\/wp-json\/wp\/v2\/media?parent=25364"}],"wp:term":[{"taxonomy":"category","embeddable":true,"href":"https:\/\/elfederalmendoza.com.ar\/index.php\/wp-json\/wp\/v2\/categories?post=25364"},{"taxonomy":"post_tag","embeddable":true,"href":"https:\/\/elfederalmendoza.com.ar\/index.php\/wp-json\/wp\/v2\/tags?post=25364"}],"curies":[{"name":"wp","href":"https:\/\/api.w.org\/{rel}","templated":true}]}}