{"id":25406,"date":"2023-07-21T08:56:09","date_gmt":"2023-07-21T11:56:09","guid":{"rendered":"https:\/\/elfederalmendoza.com\/?p=25406"},"modified":"2023-07-21T08:56:51","modified_gmt":"2023-07-21T11:56:51","slug":"el-tuit-del-fondo-monetario-internacional-que-frena-a-massa-a-un-posible-acuerdo-el-31-de-julio-argentina-debe-pagar-2-700-millones-de-dolares","status":"publish","type":"post","link":"https:\/\/elfederalmendoza.com.ar\/index.php\/2023\/07\/21\/el-tuit-del-fondo-monetario-internacional-que-frena-a-massa-a-un-posible-acuerdo-el-31-de-julio-argentina-debe-pagar-2-700-millones-de-dolares\/","title":{"rendered":"El tuit del Fondo Monetario Internacional que frena a Massa a un posible acuerdo: El 31 de julio Argentina debe pagar 2.700 millones de d\u00f3lares"},"content":{"rendered":"\n<p>Al cierre de un jueves en el que\u00a0desde Econom\u00eda se impulsaron versiones de la cercan\u00eda de un acuerdo,\u00a0el Fondo Monetario Internacional (FMI) us\u00f3 una vez su protocolar lenguaje diplom\u00e1tico para se\u00f1alar que<strong>\u00a0\u00abse contin\u00faa trabajando constructivamente con la Argentina, para acordar sobre la quinta revisi\u00f3n del programa vigente\u00bb.\u00a0<\/strong>Al margen de esa comunicaci\u00f3n formal, la jornada no permiti\u00f3 llegar al documento final, y seg\u00fan se explicit\u00f3\u00a0<strong>\u00ablas discusiones contin\u00faan enfocadas en las pol\u00edticas para fortalecer las reservas y mejorar la sostenibilidad fiscal\u00bb.<\/strong><\/p>\n\n\n\n<p><strong>\u00abContinuaremos comunic\u00e1ndonos sobre el progreso de estas discusiones\u00bb<\/strong>, se\u00f1al\u00f3 la nota del FMI, pasando en consecuencia la expectativa hacia este viernes.<\/p>\n\n\n\n<p>En el tramo final de las negociaciones, se mencionan varias medidas, entre las cuenta se cuenta que&nbsp;el ministro de Econom\u00eda&nbsp;Sergio Massa&nbsp;lanzar\u00eda un nuevo d\u00f3lar m\u00e1s alto para el agro.&nbsp;Adem\u00e1s, se se\u00f1ala que encarecer\u00e1 con un impuesto las importaciones, al tiempo que mantendr\u00eda la meta fiscal en torno al 2%, 0,1 puntos mayor a la del acuerdo original.<\/p>\n\n\n\n<blockquote class=\"twitter-tweet\"><p lang=\"es\" dir=\"ltr\">1\/ Nuestros equipos contin\u00faan trabajando constructivamente, en persona, con el objetivo de llegar a un acuerdo sobre la quinta revisi\u00f3n del programa de Argentina respaldado por el Fondo. <a href=\"https:\/\/t.co\/gmJzQSynvf\">pic.twitter.com\/gmJzQSynvf<\/a><\/p>&mdash; FMI (@FMInoticias) <a href=\"https:\/\/twitter.com\/FMInoticias\/status\/1682156637975646208?ref_src=twsrc%5Etfw\">July 20, 2023<\/a><\/blockquote> <script async src=\"https:\/\/platform.twitter.com\/widgets.js\" charset=\"utf-8\"><\/script>\n\n\n\n<h2 class=\"wp-block-heading\">Siguen las negociaciones con el FMI por el acuerdo por la deuda<\/h2>\n\n\n\n<p>La intenci\u00f3n oficial es enviar se\u00f1ales al mercado de que buscar\u00e1 acumular reservas <strong>-para evitar un salto cambiario en elecciones-<\/strong> y mantener cierto \u00aborden fiscal\u00bb en las cuentas p\u00fablicas, seg\u00fan especula el mercado.<\/p>\n\n\n\n<p>Se prev\u00e9 que habr\u00e1 un nuevo valor para el llamado d\u00f3lar agro para las econom\u00edas regionales, el girasol y el sorgo.&nbsp;Se estima que ser\u00edan US$ 2.000 millones al 31 de julio. Para la soja, en tanto, habr\u00eda que esperar, quiz\u00e1s, hasta agosto.<\/p>\n\n\n\n<p>El d\u00f3lar agro cuatro no s\u00f3lo llevar\u00eda d\u00f3lares para las alica\u00eddas reservas del Banco Central, sino que sumar\u00eda m\u00e1s impuestos v\u00eda retenciones, una variable que se desplom\u00f3 por el impacto de la sequ\u00eda de este a\u00f1o.<\/p>\n\n\n\n<figure class=\"wp-block-image\"><img decoding=\"async\" src=\"https:\/\/fotos.perfil.com\/\/2023\/07\/20\/900\/0\/20230720-tuits-del-fondo-monetario-internacional-1614638.jpg\" alt=\"20230720 Tuits del Fondo Monetario Internacional.\"\/><\/figure>\n\n\n\n<p>El mi\u00e9rcoles hubo una conversaci\u00f3n entre<strong> Massa y Kristalina Georgieva<\/strong>, la directora gerente del FMI.&nbsp;En un informe global, el organismo multilateral indic\u00f3 que para el pa\u00eds en 2022 el tipo de cambio real ideal deber\u00eda haber sido entre un <strong>15% y un 20% mayor<\/strong>, y los inst\u00f3 a avanzar hacia un \u00abr\u00e9gimen cambiario simplificado\u00bb.<\/p>\n\n\n\n<p>Adem\u00e1s, propuso la eliminaci\u00f3n gradual y con condiciones del cepo. Justamente, en los \u00faltimos meses, en el Palacio de Hacienda advirtieron que no aceptar\u00edan una devaluaci\u00f3n del d\u00f3lar oficial por el riesgo que implica en el actual proceso inflacionario. Por otra parte, surgieron versiones de que<strong> Massa propone un impuesto nuevo para algunos bienes importados<\/strong>, lo que lo ayudar\u00eda a \u00abcuidar\u00bb los d\u00f3lares del Fondo y tambi\u00e9n a mejorar las cuentas p\u00fablicas.<\/p>\n\n\n\n<p>Econom\u00eda pretend\u00eda que se adelantaran todos los giros entre junio y diciembre, unos US$ 10.600 millones en dos tramos. En alg\u00fan momento, incluso, se hab\u00eda especulado con un adelanto de US$ 1.800 millones m\u00e1s de 2024.<strong> El 31 de julio hay vencimientos por US$ 2.700 millones con el FMI.<\/strong><\/p>\n","protected":false},"excerpt":{"rendered":"<p>Al cierre de un jueves en el que\u00a0desde Econom\u00eda se impulsaron versiones de la cercan\u00eda de un acuerdo,\u00a0el Fondo Monetario Internacional (FMI) us\u00f3 una vez su protocolar lenguaje diplom\u00e1tico para se\u00f1alar que\u00a0\u00abse contin\u00faa trabajando constructivamente con la Argentina, para acordar sobre la quinta revisi\u00f3n del programa vigente\u00bb.\u00a0Al margen de esa comunicaci\u00f3n formal, la jornada no<a class=\"read-more\" href=\"https:\/\/elfederalmendoza.com.ar\/index.php\/2023\/07\/21\/el-tuit-del-fondo-monetario-internacional-que-frena-a-massa-a-un-posible-acuerdo-el-31-de-julio-argentina-debe-pagar-2-700-millones-de-dolares\/\"> [&hellip;]<\/a><\/p>\n","protected":false},"author":2,"featured_media":25408,"comment_status":"open","ping_status":"open","sticky":false,"template":"","format":"standard","meta":{"footnotes":""},"categories":[5618],"tags":[],"class_list":["post-25406","post","type-post","status-publish","format-standard","has-post-thumbnail","hentry","category-arg"],"rttpg_featured_image_url":{"full":["https:\/\/elfederalmendoza.com.ar\/wp-content\/uploads\/2023\/07\/massa-preocupado1.jpg",1109,641,false],"landscape":["https:\/\/elfederalmendoza.com.ar\/wp-content\/uploads\/2023\/07\/massa-preocupado1.jpg",1109,641,false],"portraits":["https:\/\/elfederalmendoza.com.ar\/wp-content\/uploads\/2023\/07\/massa-preocupado1.jpg",1109,641,false],"thumbnail":["https:\/\/elfederalmendoza.com.ar\/wp-content\/uploads\/2023\/07\/massa-preocupado1-150x150.jpg",150,150,true],"medium":["https:\/\/elfederalmendoza.com.ar\/wp-content\/uploads\/2023\/07\/massa-preocupado1-300x173.jpg",300,173,true],"large":["https:\/\/elfederalmendoza.com.ar\/wp-content\/uploads\/2023\/07\/massa-preocupado1-1024x592.jpg",640,370,true],"1536x1536":["https:\/\/elfederalmendoza.com.ar\/wp-content\/uploads\/2023\/07\/massa-preocupado1.jpg",1109,641,false],"2048x2048":["https:\/\/elfederalmendoza.com.ar\/wp-content\/uploads\/2023\/07\/massa-preocupado1.jpg",1109,641,false],"ultp_layout_landscape_large":["https:\/\/elfederalmendoza.com.ar\/wp-content\/uploads\/2023\/07\/massa-preocupado1.jpg",1109,641,false],"ultp_layout_landscape":["https:\/\/elfederalmendoza.com.ar\/wp-content\/uploads\/2023\/07\/massa-preocupado1-870x570.jpg",870,570,true],"ultp_layout_portrait":["https:\/\/elfederalmendoza.com.ar\/wp-content\/uploads\/2023\/07\/massa-preocupado1-600x641.jpg",600,641,true],"ultp_layout_square":["https:\/\/elfederalmendoza.com.ar\/wp-content\/uploads\/2023\/07\/massa-preocupado1-600x600.jpg",600,600,true],"rpwe-thumbnail":["https:\/\/elfederalmendoza.com.ar\/wp-content\/uploads\/2023\/07\/massa-preocupado1-45x45.jpg",45,45,true],"advps-thumb-one":["https:\/\/elfederalmendoza.com.ar\/wp-content\/uploads\/2023\/07\/massa-preocupado1-1109x420.jpg",1109,420,true]},"rttpg_author":{"display_name":"Redacci\u00f3n El Federal","author_link":"https:\/\/elfederalmendoza.com.ar\/index.php\/author\/angelflores\/"},"rttpg_comment":0,"rttpg_category":"<a href=\"https:\/\/elfederalmendoza.com.ar\/index.php\/category\/arg\/\" rel=\"category tag\">Argentina<\/a>","rttpg_excerpt":"Al cierre de un jueves en el que\u00a0desde Econom\u00eda se impulsaron versiones de la cercan\u00eda de un acuerdo,\u00a0el Fondo Monetario Internacional (FMI) us\u00f3 una vez su protocolar lenguaje diplom\u00e1tico para se\u00f1alar que\u00a0\u00abse contin\u00faa trabajando constructivamente con la Argentina, para acordar sobre la quinta revisi\u00f3n del programa vigente\u00bb.\u00a0Al margen de esa comunicaci\u00f3n formal, la jornada no&hellip;","_links":{"self":[{"href":"https:\/\/elfederalmendoza.com.ar\/index.php\/wp-json\/wp\/v2\/posts\/25406","targetHints":{"allow":["GET"]}}],"collection":[{"href":"https:\/\/elfederalmendoza.com.ar\/index.php\/wp-json\/wp\/v2\/posts"}],"about":[{"href":"https:\/\/elfederalmendoza.com.ar\/index.php\/wp-json\/wp\/v2\/types\/post"}],"author":[{"embeddable":true,"href":"https:\/\/elfederalmendoza.com.ar\/index.php\/wp-json\/wp\/v2\/users\/2"}],"replies":[{"embeddable":true,"href":"https:\/\/elfederalmendoza.com.ar\/index.php\/wp-json\/wp\/v2\/comments?post=25406"}],"version-history":[{"count":2,"href":"https:\/\/elfederalmendoza.com.ar\/index.php\/wp-json\/wp\/v2\/posts\/25406\/revisions"}],"predecessor-version":[{"id":25412,"href":"https:\/\/elfederalmendoza.com.ar\/index.php\/wp-json\/wp\/v2\/posts\/25406\/revisions\/25412"}],"wp:featuredmedia":[{"embeddable":true,"href":"https:\/\/elfederalmendoza.com.ar\/index.php\/wp-json\/wp\/v2\/media\/25408"}],"wp:attachment":[{"href":"https:\/\/elfederalmendoza.com.ar\/index.php\/wp-json\/wp\/v2\/media?parent=25406"}],"wp:term":[{"taxonomy":"category","embeddable":true,"href":"https:\/\/elfederalmendoza.com.ar\/index.php\/wp-json\/wp\/v2\/categories?post=25406"},{"taxonomy":"post_tag","embeddable":true,"href":"https:\/\/elfederalmendoza.com.ar\/index.php\/wp-json\/wp\/v2\/tags?post=25406"}],"curies":[{"name":"wp","href":"https:\/\/api.w.org\/{rel}","templated":true}]}}