{"id":25419,"date":"2023-07-21T05:42:00","date_gmt":"2023-07-21T08:42:00","guid":{"rendered":"https:\/\/elfederalmendoza.com\/?p=25419"},"modified":"2023-07-21T09:53:33","modified_gmt":"2023-07-21T12:53:33","slug":"video-de-dia-es-candidato-a-intendente-de-milei-de-noche-es-batman","status":"publish","type":"post","link":"https:\/\/elfederalmendoza.com.ar\/index.php\/2023\/07\/21\/video-de-dia-es-candidato-a-intendente-de-milei-de-noche-es-batman\/","title":{"rendered":"-VIDEO- De d\u00eda es candidato a intendente de Milei, de noche es Batman"},"content":{"rendered":"\n<p>La disputa por el poder pol\u00edtica no conoce de l\u00edmites. Los candidatos est\u00e1n dispuestos a hacer lo que sea necesario por acceder a un cargo en el Estado, incluso, cambios de personalidad. Es el caso de un candidato a intendente de\u00a0<strong>La Libertad Avanza<\/strong>\u00a0que se presenta en campa\u00f1a como Batman.<\/p>\n\n\n\n<p><strong>Andr\u00e9s Laumann&nbsp;<\/strong>pelea por la intendencia de Paran\u00e1, Entre R\u00edos, en el espacio de Milei. En los medios locales, reconoci\u00f3 que no tiene plata pero que \u00abse est\u00e1 instalando en Paran\u00e1 en forma jocosa\u00bb<\/p>\n\n\n\n<p>\u00a0Es espacio libertario sum\u00f3 al palad\u00edn de la justicia -o a su alter ego, que no es Bruno D\u00edaz sino Laumann- y el hombre afirm\u00f3 esta semana que su campa\u00f1a tiene \u00abcero peso\u00bb pero que se \u00abest\u00e1 instalando en Paran\u00e1 jocosamente\u00bb.<\/p>\n\n\n\n<p>\u00abAlgunos dir\u00e1n que esto est\u00e1 cerca de lo que no corresponde, pero no herimos susceptibilidades\u00bb, dijo Laumann a medios de Entre R\u00edos citados por Diario Registrado.<\/p>\n\n\n\n<blockquote class=\"twitter-tweet\"><p lang=\"es\" dir=\"ltr\">[AHORA] El Baticandidato de Milei: Andr\u00e9s Laumann, aspirante a intendente de Paran\u00e1 de La Libertad Avanza, hace campa\u00f1a enmascarado.<br><br> <a href=\"https:\/\/t.co\/2Ol3iXUcZU\">pic.twitter.com\/2Ol3iXUcZU<\/a><\/p>&mdash; Diego Falc\u00f3n (@Diegofalcon) <a href=\"https:\/\/twitter.com\/Diegofalcon\/status\/1682171398163165186?ref_src=twsrc%5Etfw\">July 20, 2023<\/a><\/blockquote> <script async src=\"https:\/\/platform.twitter.com\/widgets.js\" charset=\"utf-8\"><\/script>\n\n\n\n<p>\u00abSaqu\u00e9monos la careta y habl\u00e9mosle a la sociedad realmente de lo que importa y lo que necesita\u00bb, asegur\u00f3 Laumann esta semana en el programa \u00abEsto no no es Televisi\u00f3n\u00bb, que se emite v\u00eda streaming.<\/p>\n\n\n\n<p>\u00abEsto dentro de lo simp\u00e1tico es novedoso y muy lindo, estamos con un grupo trabajando a contrarreloj porque obviamente no soy candidato hace dos a\u00f1os\u00bb, se\u00f1al\u00f3 el precandidato de La Libertad Avanza.<\/p>\n\n\n\n<figure class=\"wp-block-image size-full is-resized\"><img loading=\"lazy\" decoding=\"async\" src=\"https:\/\/elfederalmendoza.com\/wp-content\/uploads\/2023\/07\/batman1.jpg\" alt=\"\" class=\"wp-image-25422\" width=\"839\" height=\"471\" srcset=\"https:\/\/elfederalmendoza.com.ar\/wp-content\/uploads\/2023\/07\/batman1.jpg 474w, https:\/\/elfederalmendoza.com.ar\/wp-content\/uploads\/2023\/07\/batman1-300x168.jpg 300w\" sizes=\"auto, (max-width: 839px) 100vw, 839px\" \/><\/figure>\n\n\n\n<p>laci\u00f3n de la periferia de Paran\u00e1, ya que \u00ab250 barrios, de los cuales 55 seg\u00fan Renavap, son de exprema pobreza\u00bb y \u00abhay un 75% de la sociedad paranaense que no est\u00e1 equitativamente bien desarrollada\u00bb.<\/p>\n\n\n\n<p>El precandidato de Milei explic\u00f3 que Paran\u00e1 \u00abest\u00e1 muy linda en el centro, en su casco c\u00e9ntrico, est\u00e1 bien enfocada a donde quiere ir, pero le falta mucho para hacer lo que es perif\u00e9rico\u00bb.<\/p>\n","protected":false},"excerpt":{"rendered":"<p>La disputa por el poder pol\u00edtica no conoce de l\u00edmites. Los candidatos est\u00e1n dispuestos a hacer lo que sea necesario por acceder a un cargo en el Estado, incluso, cambios de personalidad. Es el caso de un candidato a intendente de\u00a0La Libertad Avanza\u00a0que se presenta en campa\u00f1a como Batman. Andr\u00e9s Laumann&nbsp;pelea por la intendencia de<a class=\"read-more\" href=\"https:\/\/elfederalmendoza.com.ar\/index.php\/2023\/07\/21\/video-de-dia-es-candidato-a-intendente-de-milei-de-noche-es-batman\/\"> [&hellip;]<\/a><\/p>\n","protected":false},"author":2,"featured_media":25421,"comment_status":"open","ping_status":"open","sticky":false,"template":"","format":"standard","meta":{"footnotes":""},"categories":[5618],"tags":[],"class_list":["post-25419","post","type-post","status-publish","format-standard","has-post-thumbnail","hentry","category-arg"],"rttpg_featured_image_url":{"full":["https:\/\/elfederalmendoza.com.ar\/wp-content\/uploads\/2023\/07\/batman.jpg",1068,631,false],"landscape":["https:\/\/elfederalmendoza.com.ar\/wp-content\/uploads\/2023\/07\/batman.jpg",1068,631,false],"portraits":["https:\/\/elfederalmendoza.com.ar\/wp-content\/uploads\/2023\/07\/batman.jpg",1068,631,false],"thumbnail":["https:\/\/elfederalmendoza.com.ar\/wp-content\/uploads\/2023\/07\/batman-150x150.jpg",150,150,true],"medium":["https:\/\/elfederalmendoza.com.ar\/wp-content\/uploads\/2023\/07\/batman-300x177.jpg",300,177,true],"large":["https:\/\/elfederalmendoza.com.ar\/wp-content\/uploads\/2023\/07\/batman-1024x605.jpg",640,378,true],"1536x1536":["https:\/\/elfederalmendoza.com.ar\/wp-content\/uploads\/2023\/07\/batman.jpg",1068,631,false],"2048x2048":["https:\/\/elfederalmendoza.com.ar\/wp-content\/uploads\/2023\/07\/batman.jpg",1068,631,false],"ultp_layout_landscape_large":["https:\/\/elfederalmendoza.com.ar\/wp-content\/uploads\/2023\/07\/batman.jpg",1068,631,false],"ultp_layout_landscape":["https:\/\/elfederalmendoza.com.ar\/wp-content\/uploads\/2023\/07\/batman-870x570.jpg",870,570,true],"ultp_layout_portrait":["https:\/\/elfederalmendoza.com.ar\/wp-content\/uploads\/2023\/07\/batman-600x631.jpg",600,631,true],"ultp_layout_square":["https:\/\/elfederalmendoza.com.ar\/wp-content\/uploads\/2023\/07\/batman-600x600.jpg",600,600,true],"rpwe-thumbnail":["https:\/\/elfederalmendoza.com.ar\/wp-content\/uploads\/2023\/07\/batman-45x45.jpg",45,45,true],"advps-thumb-one":["https:\/\/elfederalmendoza.com.ar\/wp-content\/uploads\/2023\/07\/batman-1068x420.jpg",1068,420,true]},"rttpg_author":{"display_name":"Redacci\u00f3n El Federal","author_link":"https:\/\/elfederalmendoza.com.ar\/index.php\/author\/angelflores\/"},"rttpg_comment":0,"rttpg_category":"<a href=\"https:\/\/elfederalmendoza.com.ar\/index.php\/category\/arg\/\" rel=\"category tag\">Argentina<\/a>","rttpg_excerpt":"La disputa por el poder pol\u00edtica no conoce de l\u00edmites. Los candidatos est\u00e1n dispuestos a hacer lo que sea necesario por acceder a un cargo en el Estado, incluso, cambios de personalidad. Es el caso de un candidato a intendente de\u00a0La Libertad Avanza\u00a0que se presenta en campa\u00f1a como Batman. Andr\u00e9s Laumann&nbsp;pelea por la intendencia de&hellip;","_links":{"self":[{"href":"https:\/\/elfederalmendoza.com.ar\/index.php\/wp-json\/wp\/v2\/posts\/25419","targetHints":{"allow":["GET"]}}],"collection":[{"href":"https:\/\/elfederalmendoza.com.ar\/index.php\/wp-json\/wp\/v2\/posts"}],"about":[{"href":"https:\/\/elfederalmendoza.com.ar\/index.php\/wp-json\/wp\/v2\/types\/post"}],"author":[{"embeddable":true,"href":"https:\/\/elfederalmendoza.com.ar\/index.php\/wp-json\/wp\/v2\/users\/2"}],"replies":[{"embeddable":true,"href":"https:\/\/elfederalmendoza.com.ar\/index.php\/wp-json\/wp\/v2\/comments?post=25419"}],"version-history":[{"count":1,"href":"https:\/\/elfederalmendoza.com.ar\/index.php\/wp-json\/wp\/v2\/posts\/25419\/revisions"}],"predecessor-version":[{"id":25423,"href":"https:\/\/elfederalmendoza.com.ar\/index.php\/wp-json\/wp\/v2\/posts\/25419\/revisions\/25423"}],"wp:featuredmedia":[{"embeddable":true,"href":"https:\/\/elfederalmendoza.com.ar\/index.php\/wp-json\/wp\/v2\/media\/25421"}],"wp:attachment":[{"href":"https:\/\/elfederalmendoza.com.ar\/index.php\/wp-json\/wp\/v2\/media?parent=25419"}],"wp:term":[{"taxonomy":"category","embeddable":true,"href":"https:\/\/elfederalmendoza.com.ar\/index.php\/wp-json\/wp\/v2\/categories?post=25419"},{"taxonomy":"post_tag","embeddable":true,"href":"https:\/\/elfederalmendoza.com.ar\/index.php\/wp-json\/wp\/v2\/tags?post=25419"}],"curies":[{"name":"wp","href":"https:\/\/api.w.org\/{rel}","templated":true}]}}