{"id":25512,"date":"2023-07-24T01:12:00","date_gmt":"2023-07-24T04:12:00","guid":{"rendered":"https:\/\/elfederalmendoza.com\/?p=25512"},"modified":"2023-07-24T12:15:20","modified_gmt":"2023-07-24T15:15:20","slug":"schiaretti-el-peronismo-de-cordoba-no-tiene-nada-que-ver-con-los-k","status":"publish","type":"post","link":"https:\/\/elfederalmendoza.com.ar\/index.php\/2023\/07\/24\/schiaretti-el-peronismo-de-cordoba-no-tiene-nada-que-ver-con-los-k\/","title":{"rendered":"Schiaretti: \u201cEl peronismo de C\u00f3rdoba no tiene nada que ver con los K\u00bb"},"content":{"rendered":"\n<p>El gobernador de C\u00f3rdoba y precandidato presidencial Juan Schiaretti sali\u00f3 a dejar bien en claro sus diferencias con el kirchnerismo luego de la victoria del peronismo en la elecci\u00f3n del intendente de C\u00f3rdoba.<\/p>\n\n\n\n<p><strong>\u201cSiempre estuvimos enfrentados con los K. El kirchnerismo sali\u00f3 s\u00e9ptimo, no sacaron el 0,5%. El peronismo de C\u00f6rdoba no tiene nada que ver con los K. Los K est\u00e1n enfrentados a la ciudadan\u00eda de C\u00f3rdoba\u201d, recalc\u00f3 Schiaretti en declaraciones a Radio Mitre.<\/strong><\/p>\n\n\n\n<p>\u201cQueremos que este a\u00f1o el peronismo deje de estar colonizado por el kirchnerismo y por eso competimos por la presidencia, quer\u00eda dejarlo en claro.&nbsp;<strong>El kirchnerismo solo trajo fracaso y decadencia\u201d, expres\u00f3 el gobernador cordob\u00e9s.<\/strong><\/p>\n\n\n\n<p>\u201cPor otro lado, nosotros entendemos que para gestionar mejor necesitamos un gobierno de coalici\u00f3n, como hicimos en C\u00f3rdoba. Nuestra vicegobernadora electa es radical. El viceintendente viene del PRO. Eso no significa que se dejen de lado las identidades de cada uno, pero tenemos la capacidad de sacarnos la camiseta partidaria y ponernos la de C\u00f3rdoba. Podemos pensar distinto pero vamos a gestionar juntos para que la sociedad cordobesa siga adelante\u201d, se\u00f1al\u00f3 el precandidato presidencial.<\/p>\n\n\n\n<p>Daniel Passerini se convirti\u00f3 ayer en el intendente electo de la ciudad de C\u00f3rdoba; Hacemos Unidos por C\u00f3rdoba, la versi\u00f3n local del peronismo retuvo la capital provincial. Quince minutos despu\u00e9s de las 21, si datos oficiales cargados en la p\u00e1gina de la Junta Electoral Municipal, Rodrigo de Loredo, candidato de Juntos por el Cambio, reconoci\u00f3 la derrota. Lo hizo rodeado de todos los referentes nacionales de la alianza que desembarcaron en la capital provincial para acompa\u00f1arlo. Horacio Rodr\u00edguez Larreta, Patricia Bullrich, Gerardo Morales, Alfredo Cornejo y Mart\u00edn Losteau subieron al escenario.<\/p>\n\n\n\n<p>Media hora despu\u00e9s, Passerini subi\u00f3 a festejar rodeado del gobernador Juan Schiaretti y del electo a sucederlo, Mart\u00edn Llaryora. En ese b\u00fanker no hubo figuras nacionales, seg\u00fan publica La Naci\u00f3n. La f\u00f3rmula ganadora est\u00e1 integrada por un peronista y por Javier Pretto, expresidente del PRO; la misma receta se us\u00f3 a nivel provincial, cuando se incorpor\u00f3 a la radical Myrian Prunotto, vicegobernadora electa.<\/p>\n\n\n\n<p>Con la marcha peronista cantada por los militantes, Passerini empez\u00f3 a hablar: \u201cEstamos gobernando, somos responsables y para nosotros la pol\u00edtica no es todo lo mismo. Agradezco en primer lugar a los que no nos votaron; a nuestros adversarios de JxC que reconocieron que ganamos la elecci\u00f3n\u201d. Calific\u00f3 de \u201cenorme dirigente pol\u00edtico\u201d a Llaryora; le reconoci\u00f3 ser \u201cel que m\u00e1s trabaj\u00f3\u201d para su victoria; record\u00f3 a Jos\u00e9 Manuel de la Sota y elogi\u00f3 \u201cal Gringo\u201d Schiaretti. \u201cC\u00f3rdoba eligi\u00f3 seguir para adelante; los tiempos por venir ser\u00e1n todav\u00eda mejores\u201d, cerr\u00f3.<\/p>\n\n\n\n<p>Llaryora pidi\u00f3 un \u201cfuerte aplauso\u201d para De Loredo por \u201creconocer dignamente la derrota\u201d; gesto al que se sum\u00f3 tambi\u00e9n Schiaretti. \u201cFallaron todas las encuestas, fallaron todos los n\u00fameros, por eso vinieron de afuera -a\u00f1adi\u00f3-. Los que no fallaron fueron los cordobeses que saben que nadie de afuera tiene que venir a explicar nada\u201d. Tambi\u00e9n ratific\u00f3 que hay \u201cuna nueva expresi\u00f3n pol\u00edtica, el cordobesismo, que tumb\u00f3 todas las encuestas, todos los pron\u00f3sticos\u201d.<\/p>\n\n\n\n<p>Hizo un discurso con eje en el \u201ccordobesismo\u201d: \u201cBasta de que nos maltraten de afuera, de que nos venga a explicar qu\u00e9 hacer y c\u00f3mo hacer los pituquitos de Recoleta. Las elecciones se ganan hablando con la gente y no pase\u00e1ndose por los medios de la Capital Federal\u201d, subray\u00f3 y asegur\u00f3 que \u201ccualquiera gobierna en el distrito m\u00e1s rico de la Argentina y m\u00e1s subsidiado\u201d.<\/p>\n\n\n\n<p>\u201cNo tenemos que esperar m\u00e1s liderazgos de la Capital Federal; hay que construir liderazgos propios; pongamos a Schiaretti de presidente -exhort\u00f3-. Hoy vienen muchos y recorren C\u00f3rdoba; les agradezco a los que vinieron esta noche, la deben haber visto linda (\u2026). Qu\u00e9 pa\u00eds ser\u00eda la Argentina si tuviera un presidente como es nuestro gobernador Schiaretti. El interior tiene sus l\u00edderes, que le den una oportunidad para hacer el pa\u00eds federal\u201d.<\/p>\n\n\n\n<p>Cerr\u00f3 la fiesta Schiaretti, quien enfatiz\u00f3 que la victoria es el \u201capoyo a un modelo de gestionar\u201d. \u201cSomos los que creemos en la divisi\u00f3n de poderes en serio, los que no atacamos nunca a la Justicia; los que respetamos la libertad de prensa; sostenemos que debe haber pluralidad de pensamiento; los que somos capaces de trabajar junto a todos los sectores productivos. Queremos trabajo y no subsidios\u201d, reiter\u00f3.<\/p>\n\n\n\n<p>Se refiri\u00f3 a los \u201cdesastres\u201d que \u201csufre\u201d la Argentina e insisti\u00f3 en \u201cqueremos que se termine la maldita grieta\u201d. En su alocuci\u00f3n, Schiaretti hizo eje en las ideas que plantea en su campa\u00f1a nacional; en esa l\u00ednea dijo que eso es \u201clo que ofrecemos a nivel nacional\u201d.<\/p>\n","protected":false},"excerpt":{"rendered":"<p>El gobernador de C\u00f3rdoba y precandidato presidencial Juan Schiaretti sali\u00f3 a dejar bien en claro sus diferencias con el kirchnerismo luego de la victoria del peronismo en la elecci\u00f3n del intendente de C\u00f3rdoba. \u201cSiempre estuvimos enfrentados con los K. El kirchnerismo sali\u00f3 s\u00e9ptimo, no sacaron el 0,5%. El peronismo de C\u00f6rdoba no tiene nada que<a class=\"read-more\" href=\"https:\/\/elfederalmendoza.com.ar\/index.php\/2023\/07\/24\/schiaretti-el-peronismo-de-cordoba-no-tiene-nada-que-ver-con-los-k\/\"> [&hellip;]<\/a><\/p>\n","protected":false},"author":2,"featured_media":25514,"comment_status":"open","ping_status":"open","sticky":false,"template":"","format":"standard","meta":{"footnotes":""},"categories":[5618],"tags":[],"class_list":["post-25512","post","type-post","status-publish","format-standard","has-post-thumbnail","hentry","category-arg"],"rttpg_featured_image_url":{"full":["https:\/\/elfederalmendoza.com.ar\/wp-content\/uploads\/2023\/07\/Pc4Qocqm7_720x0__1.webp",720,480,false],"landscape":["https:\/\/elfederalmendoza.com.ar\/wp-content\/uploads\/2023\/07\/Pc4Qocqm7_720x0__1.webp",720,480,false],"portraits":["https:\/\/elfederalmendoza.com.ar\/wp-content\/uploads\/2023\/07\/Pc4Qocqm7_720x0__1.webp",720,480,false],"thumbnail":["https:\/\/elfederalmendoza.com.ar\/wp-content\/uploads\/2023\/07\/Pc4Qocqm7_720x0__1-150x150.webp",150,150,true],"medium":["https:\/\/elfederalmendoza.com.ar\/wp-content\/uploads\/2023\/07\/Pc4Qocqm7_720x0__1-300x200.webp",300,200,true],"large":["https:\/\/elfederalmendoza.com.ar\/wp-content\/uploads\/2023\/07\/Pc4Qocqm7_720x0__1.webp",640,427,false],"1536x1536":["https:\/\/elfederalmendoza.com.ar\/wp-content\/uploads\/2023\/07\/Pc4Qocqm7_720x0__1.webp",720,480,false],"2048x2048":["https:\/\/elfederalmendoza.com.ar\/wp-content\/uploads\/2023\/07\/Pc4Qocqm7_720x0__1.webp",720,480,false],"ultp_layout_landscape_large":["https:\/\/elfederalmendoza.com.ar\/wp-content\/uploads\/2023\/07\/Pc4Qocqm7_720x0__1.webp",720,480,false],"ultp_layout_landscape":["https:\/\/elfederalmendoza.com.ar\/wp-content\/uploads\/2023\/07\/Pc4Qocqm7_720x0__1.webp",720,480,false],"ultp_layout_portrait":["https:\/\/elfederalmendoza.com.ar\/wp-content\/uploads\/2023\/07\/Pc4Qocqm7_720x0__1-600x480.webp",600,480,true],"ultp_layout_square":["https:\/\/elfederalmendoza.com.ar\/wp-content\/uploads\/2023\/07\/Pc4Qocqm7_720x0__1-600x480.webp",600,480,true],"rpwe-thumbnail":["https:\/\/elfederalmendoza.com.ar\/wp-content\/uploads\/2023\/07\/Pc4Qocqm7_720x0__1-45x45.webp",45,45,true],"advps-thumb-one":["https:\/\/elfederalmendoza.com.ar\/wp-content\/uploads\/2023\/07\/Pc4Qocqm7_720x0__1-720x420.webp",720,420,true]},"rttpg_author":{"display_name":"Redacci\u00f3n El Federal","author_link":"https:\/\/elfederalmendoza.com.ar\/index.php\/author\/angelflores\/"},"rttpg_comment":0,"rttpg_category":"<a href=\"https:\/\/elfederalmendoza.com.ar\/index.php\/category\/arg\/\" rel=\"category tag\">Argentina<\/a>","rttpg_excerpt":"El gobernador de C\u00f3rdoba y precandidato presidencial Juan Schiaretti sali\u00f3 a dejar bien en claro sus diferencias con el kirchnerismo luego de la victoria del peronismo en la elecci\u00f3n del intendente de C\u00f3rdoba. \u201cSiempre estuvimos enfrentados con los K. El kirchnerismo sali\u00f3 s\u00e9ptimo, no sacaron el 0,5%. El peronismo de C\u00f6rdoba no tiene nada que&hellip;","_links":{"self":[{"href":"https:\/\/elfederalmendoza.com.ar\/index.php\/wp-json\/wp\/v2\/posts\/25512","targetHints":{"allow":["GET"]}}],"collection":[{"href":"https:\/\/elfederalmendoza.com.ar\/index.php\/wp-json\/wp\/v2\/posts"}],"about":[{"href":"https:\/\/elfederalmendoza.com.ar\/index.php\/wp-json\/wp\/v2\/types\/post"}],"author":[{"embeddable":true,"href":"https:\/\/elfederalmendoza.com.ar\/index.php\/wp-json\/wp\/v2\/users\/2"}],"replies":[{"embeddable":true,"href":"https:\/\/elfederalmendoza.com.ar\/index.php\/wp-json\/wp\/v2\/comments?post=25512"}],"version-history":[{"count":1,"href":"https:\/\/elfederalmendoza.com.ar\/index.php\/wp-json\/wp\/v2\/posts\/25512\/revisions"}],"predecessor-version":[{"id":25515,"href":"https:\/\/elfederalmendoza.com.ar\/index.php\/wp-json\/wp\/v2\/posts\/25512\/revisions\/25515"}],"wp:featuredmedia":[{"embeddable":true,"href":"https:\/\/elfederalmendoza.com.ar\/index.php\/wp-json\/wp\/v2\/media\/25514"}],"wp:attachment":[{"href":"https:\/\/elfederalmendoza.com.ar\/index.php\/wp-json\/wp\/v2\/media?parent=25512"}],"wp:term":[{"taxonomy":"category","embeddable":true,"href":"https:\/\/elfederalmendoza.com.ar\/index.php\/wp-json\/wp\/v2\/categories?post=25512"},{"taxonomy":"post_tag","embeddable":true,"href":"https:\/\/elfederalmendoza.com.ar\/index.php\/wp-json\/wp\/v2\/tags?post=25512"}],"curies":[{"name":"wp","href":"https:\/\/api.w.org\/{rel}","templated":true}]}}