{"id":25519,"date":"2023-07-25T08:16:59","date_gmt":"2023-07-25T11:16:59","guid":{"rendered":"https:\/\/elfederalmendoza.com\/?p=25519"},"modified":"2023-07-25T08:17:00","modified_gmt":"2023-07-25T11:17:00","slug":"dolar-a-550-devaluacion-y-aumento-de-precios-por-la-inflacion-en-un-panorama-al-borde-del-abismo","status":"publish","type":"post","link":"https:\/\/elfederalmendoza.com.ar\/index.php\/2023\/07\/25\/dolar-a-550-devaluacion-y-aumento-de-precios-por-la-inflacion-en-un-panorama-al-borde-del-abismo\/","title":{"rendered":"D\u00f3lar a $550, devaluaci\u00f3n y aumento de precios por la inflaci\u00f3n en un panorama al borde del abismo"},"content":{"rendered":"\n<p>Las medidas que oficializ\u00f3 el Gobierno en medio\u00a0<strong>del toma y daca de la negociaci\u00f3n con\u00a0el Fondo Monetario Internacional<\/strong>\u00a0(FMI) no ser\u00e1n gratuitas en t\u00e9rminos de efectos sobre la econom\u00eda. A pesar de que en despachos oficiales presentaron el aumento sobre el d\u00f3lar solidario como una \u201csimplificaci\u00f3n cambiaria\u201d, los especialistas advierten que se trata de una\u00a0<strong>devaluaci\u00f3n segmentada<\/strong>\u00a0y que el costo a pagar por las nuevas decisiones se ver\u00e1 en los \u00edndices de inflaci\u00f3n de los pr\u00f3ximos meses.<\/p>\n\n\n\n<p>Este domingo, el Fondo inform\u00f3 que se alcanz\u00f3 un&nbsp;<strong>\u201cprincipio de acuerdo\u201d&nbsp;<\/strong>sobre los t\u00e9rminos t\u00e9cnicos del entendimiento, aunque esta es una se\u00f1al que luego deber\u00e1 convalidarse para dar por cerrada formalmente la quinta revisi\u00f3n. Despu\u00e9s del mensaje del organismo, el equipo econ\u00f3mico avanz\u00f3 con las medidas, que incluyen una suba en el precio del d\u00f3lar solidario o ahorro, -que quedar\u00e1 unificado con el d\u00f3lar tarjeta y llevar\u00e1 un 75% de recargo por percepciones-, una extensi\u00f3n del Impuesto PA\u00cdS sobre las importaciones de bienes (7,5%) y servicios (<strong>25%)<\/strong>, y la implementaci\u00f3n de un nuevo tipo de cambio a $340 el agro para incentivar las exportaciones.<\/p>\n\n\n\n<p>Estas disposiciones apuntan a desincentivar las importaciones y estimular las exportaciones para frenar el drenaje de reservas del Banco Central (BCRA) y aumentar la recaudaci\u00f3n para compensar el d\u00e9ficit fiscal. De esta manera, de acuerdo con los especialistas, el Gobierno&nbsp;<strong>habilit\u00f3 una \u201cdevaluaci\u00f3n en cuotas\u201d<\/strong>&nbsp;que generar\u00e1&nbsp;<strong>traslado a precios<\/strong>&nbsp;y que pueden incluso no ser suficientes para alcanzar los objetivos planteados en t\u00e9rminos de acumulaci\u00f3n de reservas y mejoras fiscales.<\/p>\n\n\n\n<p>\u201cLa idea de estas medidas es&nbsp;<strong>devaluar en cuotas<\/strong>, aplicando devaluaciones fiscales que acent\u00faan el esquema de segmentaci\u00f3n del mercado cambiario y la practica de&nbsp;<strong>tipos de cambio m\u00faltiples<\/strong>&nbsp;porque el objetivo principal del Gobierno sigue siendo evitar un escenario disruptivo asociado a un salto discreto y desordenado del tipo de cambio oficial que genere&nbsp;<strong>una espiralizaci\u00f3n inflacionaria<\/strong>, un deterioro mayor en los ingresos reales y una contracci\u00f3n aguda de la actividad econ\u00f3mica que impacte en el empleo, en el marco de una compleja situaci\u00f3n social\u201d, analiz\u00f3 Santiago Manoukian, economista de&nbsp;<em>Ecolatina.<\/em><\/p>\n\n\n\n<figure class=\"wp-block-image is-resized\"><img loading=\"lazy\" decoding=\"async\" src=\"https:\/\/tn.com.ar\/resizer\/9wm7WU6mtQ00vSFLPIMec6gCJHU=\/767x0\/smart\/filters:format(webp)\/cloudfront-us-east-1.images.arcpublishing.com\/artear\/MPJZ6CW44VEYREZGBHE5D2K5GI.jpg\" alt=\"El ministro de Econom\u00eda, Sergio Massa, y su equipo se reunieron en Washington con la subjefa del FMI, Gita Gopinath, para avanzar en cambios en el acuerdo por la deuda. (Foto: Twitter\/@GitaGopinath)\" width=\"839\" height=\"471\"\/><figcaption class=\"wp-element-caption\">El ministro de Econom\u00eda, Sergio Massa, y su equipo se reunieron en Washington con la subjefa del FMI, Gita Gopinath, para avanzar en cambios en el acuerdo por la deuda. (Foto: Twitter\/@GitaGopinath)<\/figcaption><\/figure>\n\n\n\n<p>Los especialistas coincidieron en que las medidas implementadas por el Palacio de Hacienda generar\u00e1n un inevitable traslado a precios, que&nbsp;<strong>probablemente comience a quedar plasmado en los \u00edndices de agosto<\/strong>. \u201cSi bien el impacto es menos generalizado que el de convalidar un salto discreto del tipo de cambio oficial,&nbsp;<strong>la incidencia sobre los precios dom\u00e9sticos no va a ser inocua<\/strong>. Extender el d\u00f3lar agro a cereales como el ma\u00edz implica encarecer un insumo relevante engordador de pollo y cerdo, mientras que aplicar un impuesto a las importaciones significa encarecer bienes e insumos utilizados en procesos productivos o consumos finales de la econom\u00eda\u201d, resumi\u00f3 Manoukian.<\/p>\n\n\n\n<p>\u201cNo es m\u00e1s que una devaluaci\u00f3n segmentada, pero agrega ruido a la econom\u00eda. En vez de delinear una pol\u00edtica cambiaria sostenible, el Gobierno sigue proponiendo parches. Esto es la consecuencia de la inacci\u00f3n durante m\u00e1s de dos a\u00f1os\u201d, cuestion\u00f3 Mat\u00edas de Luca, de&nbsp;<em>LCG<\/em>. \u201cClaramente va a tener efectos en la inflaci\u00f3n, tanto por productos importados como exportables m\u00e1s caros en pesos, pero es menor que si se devaluara uniformemente.&nbsp;<strong>Es una devaluaci\u00f3n a cuentagotas<\/strong>\u201d, grafic\u00f3.<\/p>\n\n\n\n<h2 class=\"wp-block-heading\">\u00bfSe alcanzar\u00e1n los objetivos del Gobierno?<\/h2>\n\n\n\n<p>Cuando definieron poner en marcha las nuevas medidas, los funcionarios de Econom\u00eda tambi\u00e9n hicieron c\u00e1lculos sobre los&nbsp;<strong>ingresos proyectados para los pr\u00f3ximos meses<\/strong>. A partir del nuevo tipo de cambio diferencial a $340 para econom\u00edas regionales y otros cultivos, estimaron que se liquiden&nbsp;<strong>US$2000 millones<\/strong>&nbsp;y una suba en la recaudaci\u00f3n de $1,3 billones o&nbsp;<strong>0,8 puntos del PBI<\/strong>.<\/p>\n\n\n\n<p>Sin embargo, para los economistas esos objetivos resultan dif\u00edciles de alcanzar. \u201cLas econom\u00edas regionales solo representaron el 9% de las ventas al exterior del primer semestre del a\u00f1o. Ahora bien, con cupo de exportaci\u00f3n, hoy se podr\u00edan vender 4 (o quiz\u00e1s 6) millones de toneladas adicionales de ma\u00edz, que podr\u00edan explicar un incremento de US$840 millones en el mes de agosto. En suma,&nbsp;<strong>estos productos podr\u00edan significar una liquidaci\u00f3n adicional de US$1600 millones<\/strong>, por debajo del objetivo de Econom\u00eda\u201d, explic\u00f3 Milagros Suardi, economista de Eco Go, en di\u00e1logo con&nbsp;<strong>TN<\/strong>.<\/p>\n\n\n\n<p>\u201cEn lo que hace al impacto fiscal, el mismo rondar\u00eda la mitad de lo estimado por Econom\u00eda (0,4% del producto, en lugar del 0,8% previsto). Esto incluye tanto las medidas oficializadas como el impuesto a las Ganancias para empresas con una rentabilidad mayor a $600 millones.&nbsp;<strong>Estimamos que los ingresos impositivos aumenten en lo que queda del a\u00f1o en $700.000 millones producto de estas medidas<\/strong>\u201d, detall\u00f3.<\/p>\n\n\n\n<p>Adem\u00e1s, los analistas destacaron que las medidas no resolver\u00e1n los problemas del esquema cambiario. \u201cGeneran mas costos para importar y&nbsp;<strong>ya no queda casi nada al d\u00f3lar oficial&nbsp;<\/strong>porque casi todo tienen impuesto, salvo las importaciones para la agroindustria o la industria automotriz y algunas excepciones\u201d, sostuvo Lorenzo Sigaut, economista de&nbsp;<em>Equilibra.<\/em><\/p>\n\n\n\n<figure class=\"wp-block-image is-resized\"><img loading=\"lazy\" decoding=\"async\" src=\"https:\/\/tn.com.ar\/resizer\/LhLhNscRJ9tGiNA1RJP7izxkkQY=\/767x0\/smart\/filters:format(webp)\/cloudfront-us-east-1.images.arcpublishing.com\/artear\/WDQ7ATCU3RFUHPWEA7FU3GORMM.jpg\" alt=\"Sergio Massa anuncia una suba del 41,5% en las escalas de facturaci\u00f3n del Monotributo que regir\u00e1 desde julio de 2023. (Foto: Ministerio de Econom\u00eda)\" width=\"837\" height=\"470\"\/><figcaption class=\"wp-element-caption\">Sergio Massa anuncia una suba del 41,5% en las escalas de facturaci\u00f3n del Monotributo que regir\u00e1 desde julio de 2023. (Foto: Ministerio de Econom\u00eda)<\/figcaption><\/figure>\n\n\n\n<p>La decisi\u00f3n de tomar estas medidas se explica b\u00e1sicamente en el tire y afloje para sellar las nuevas condiciones del acuerdo con el FMI, que ped\u00eda avanzar en una devaluaci\u00f3n brusca y el Gobierno lo rechaza. Pero pese a las modificaciones de las \u00faltimas horas, a\u00fan resta definir los detalles t\u00e9cnicos para destrabar la negociaci\u00f3n y que el organismo gatille los desembolsos para el resto del a\u00f1o.<\/p>\n\n\n\n<p>\u201cLas medidas son partes de una devaluaci\u00f3n fiscal que no alcanza para restaurar el equilibrio cambiario, pero permiten avanzar un paso m\u00e1s en la negociaci\u00f3n con el Fondo porque esto ya se ha dilatado mucho. En junio tendr\u00edan que haber llegado los desembolsos y no queda claro que incluso con un&nbsp;<em>staff level<\/em>&nbsp;(acuerdo t\u00e9cnico) los desembolsos lleguen dos semanas despu\u00e9s.&nbsp;<strong>Marca el complejo momento que estamos atravesando<\/strong>\u201d, concluy\u00f3 Sigaut.<\/p>\n","protected":false},"excerpt":{"rendered":"<p>Las medidas que oficializ\u00f3 el Gobierno en medio\u00a0del toma y daca de la negociaci\u00f3n con\u00a0el Fondo Monetario Internacional\u00a0(FMI) no ser\u00e1n gratuitas en t\u00e9rminos de efectos sobre la econom\u00eda. A pesar de que en despachos oficiales presentaron el aumento sobre el d\u00f3lar solidario como una \u201csimplificaci\u00f3n cambiaria\u201d, los especialistas advierten que se trata de una\u00a0devaluaci\u00f3n segmentada\u00a0y<a class=\"read-more\" href=\"https:\/\/elfederalmendoza.com.ar\/index.php\/2023\/07\/25\/dolar-a-550-devaluacion-y-aumento-de-precios-por-la-inflacion-en-un-panorama-al-borde-del-abismo\/\"> [&hellip;]<\/a><\/p>\n","protected":false},"author":2,"featured_media":25408,"comment_status":"open","ping_status":"open","sticky":false,"template":"","format":"standard","meta":{"footnotes":""},"categories":[5618],"tags":[],"class_list":["post-25519","post","type-post","status-publish","format-standard","has-post-thumbnail","hentry","category-arg"],"rttpg_featured_image_url":{"full":["https:\/\/elfederalmendoza.com.ar\/wp-content\/uploads\/2023\/07\/massa-preocupado1.jpg",1109,641,false],"landscape":["https:\/\/elfederalmendoza.com.ar\/wp-content\/uploads\/2023\/07\/massa-preocupado1.jpg",1109,641,false],"portraits":["https:\/\/elfederalmendoza.com.ar\/wp-content\/uploads\/2023\/07\/massa-preocupado1.jpg",1109,641,false],"thumbnail":["https:\/\/elfederalmendoza.com.ar\/wp-content\/uploads\/2023\/07\/massa-preocupado1-150x150.jpg",150,150,true],"medium":["https:\/\/elfederalmendoza.com.ar\/wp-content\/uploads\/2023\/07\/massa-preocupado1-300x173.jpg",300,173,true],"large":["https:\/\/elfederalmendoza.com.ar\/wp-content\/uploads\/2023\/07\/massa-preocupado1-1024x592.jpg",640,370,true],"1536x1536":["https:\/\/elfederalmendoza.com.ar\/wp-content\/uploads\/2023\/07\/massa-preocupado1.jpg",1109,641,false],"2048x2048":["https:\/\/elfederalmendoza.com.ar\/wp-content\/uploads\/2023\/07\/massa-preocupado1.jpg",1109,641,false],"ultp_layout_landscape_large":["https:\/\/elfederalmendoza.com.ar\/wp-content\/uploads\/2023\/07\/massa-preocupado1.jpg",1109,641,false],"ultp_layout_landscape":["https:\/\/elfederalmendoza.com.ar\/wp-content\/uploads\/2023\/07\/massa-preocupado1-870x570.jpg",870,570,true],"ultp_layout_portrait":["https:\/\/elfederalmendoza.com.ar\/wp-content\/uploads\/2023\/07\/massa-preocupado1-600x641.jpg",600,641,true],"ultp_layout_square":["https:\/\/elfederalmendoza.com.ar\/wp-content\/uploads\/2023\/07\/massa-preocupado1-600x600.jpg",600,600,true],"rpwe-thumbnail":["https:\/\/elfederalmendoza.com.ar\/wp-content\/uploads\/2023\/07\/massa-preocupado1-45x45.jpg",45,45,true],"advps-thumb-one":["https:\/\/elfederalmendoza.com.ar\/wp-content\/uploads\/2023\/07\/massa-preocupado1-1109x420.jpg",1109,420,true]},"rttpg_author":{"display_name":"Redacci\u00f3n El Federal","author_link":"https:\/\/elfederalmendoza.com.ar\/index.php\/author\/angelflores\/"},"rttpg_comment":0,"rttpg_category":"<a href=\"https:\/\/elfederalmendoza.com.ar\/index.php\/category\/arg\/\" rel=\"category tag\">Argentina<\/a>","rttpg_excerpt":"Las medidas que oficializ\u00f3 el Gobierno en medio\u00a0del toma y daca de la negociaci\u00f3n con\u00a0el Fondo Monetario Internacional\u00a0(FMI) no ser\u00e1n gratuitas en t\u00e9rminos de efectos sobre la econom\u00eda. A pesar de que en despachos oficiales presentaron el aumento sobre el d\u00f3lar solidario como una \u201csimplificaci\u00f3n cambiaria\u201d, los especialistas advierten que se trata de una\u00a0devaluaci\u00f3n segmentada\u00a0y&hellip;","_links":{"self":[{"href":"https:\/\/elfederalmendoza.com.ar\/index.php\/wp-json\/wp\/v2\/posts\/25519","targetHints":{"allow":["GET"]}}],"collection":[{"href":"https:\/\/elfederalmendoza.com.ar\/index.php\/wp-json\/wp\/v2\/posts"}],"about":[{"href":"https:\/\/elfederalmendoza.com.ar\/index.php\/wp-json\/wp\/v2\/types\/post"}],"author":[{"embeddable":true,"href":"https:\/\/elfederalmendoza.com.ar\/index.php\/wp-json\/wp\/v2\/users\/2"}],"replies":[{"embeddable":true,"href":"https:\/\/elfederalmendoza.com.ar\/index.php\/wp-json\/wp\/v2\/comments?post=25519"}],"version-history":[{"count":1,"href":"https:\/\/elfederalmendoza.com.ar\/index.php\/wp-json\/wp\/v2\/posts\/25519\/revisions"}],"predecessor-version":[{"id":25526,"href":"https:\/\/elfederalmendoza.com.ar\/index.php\/wp-json\/wp\/v2\/posts\/25519\/revisions\/25526"}],"wp:featuredmedia":[{"embeddable":true,"href":"https:\/\/elfederalmendoza.com.ar\/index.php\/wp-json\/wp\/v2\/media\/25408"}],"wp:attachment":[{"href":"https:\/\/elfederalmendoza.com.ar\/index.php\/wp-json\/wp\/v2\/media?parent=25519"}],"wp:term":[{"taxonomy":"category","embeddable":true,"href":"https:\/\/elfederalmendoza.com.ar\/index.php\/wp-json\/wp\/v2\/categories?post=25519"},{"taxonomy":"post_tag","embeddable":true,"href":"https:\/\/elfederalmendoza.com.ar\/index.php\/wp-json\/wp\/v2\/tags?post=25519"}],"curies":[{"name":"wp","href":"https:\/\/api.w.org\/{rel}","templated":true}]}}