{"id":25530,"date":"2023-07-25T08:46:17","date_gmt":"2023-07-25T11:46:17","guid":{"rendered":"https:\/\/elfederalmendoza.com\/?p=25530"},"modified":"2023-07-25T09:06:38","modified_gmt":"2023-07-25T12:06:38","slug":"alberto-fernandez-anuncio-construir-100-escuelas-tecnicas-en-todo-el-pais-pago-millones-de-pesos-y-no-se-termino-ninguna","status":"publish","type":"post","link":"https:\/\/elfederalmendoza.com.ar\/index.php\/2023\/07\/25\/alberto-fernandez-anuncio-construir-100-escuelas-tecnicas-en-todo-el-pais-pago-millones-de-pesos-y-no-se-termino-ninguna\/","title":{"rendered":"Alberto Fern\u00e1ndez anunci\u00f3 construir 100 escuelas t\u00e9cnicas en todo el pa\u00eds, pag\u00f3 millones de pesos y no se termin\u00f3 ninguna"},"content":{"rendered":"\n<figure class=\"wp-block-embed is-type-video is-provider-youtube wp-block-embed-youtube wp-embed-aspect-16-9 wp-has-aspect-ratio\"><div class=\"wp-block-embed__wrapper\">\n<iframe loading=\"lazy\" title=\"PROMETIERON ESCUELAS, HAY BALD\u00cdOS\" width=\"640\" height=\"360\" src=\"https:\/\/www.youtube.com\/embed\/4PMvhiTvd-s?feature=oembed\" frameborder=\"0\" allow=\"accelerometer; autoplay; clipboard-write; encrypted-media; gyroscope; picture-in-picture; web-share\" referrerpolicy=\"strict-origin-when-cross-origin\" allowfullscreen><\/iframe>\n<\/div><\/figure>\n\n\n\n<p>\u201cTelenoche\u201d comprob\u00f3 que de los pocos edificios que figuran en \u201cejecuci\u00f3n\u201d, la mayor\u00eda est\u00e1 en un 0% de avance, hay 11 a medio hacer y uno es un terreno bald\u00edo. <strong>El anuncio lo hizo de Alberto Fern\u00e1ndez en febrero de 2022.<\/strong><\/p>\n\n\n\n<p>\u201cPor eso ahora, el principal objetivo despu\u00e9s de la pandemia es que la Argentina vuelva a educarse, que todos volvamos al colegio, que los maestros vuelvan a ense\u00f1ar, que los chicos vuelvan a estudiar, esa es nuestra principal preocupaci\u00f3n hoy, por eso quisimos hacer particular hincapi\u00e9 en este&nbsp;<strong>plan de educaci\u00f3n t\u00e9cnica<\/strong>\u201d.<\/p>\n\n\n\n<p>Las palabras pertenecen al presidente&nbsp;<strong>Alberto Fern\u00e1ndez<\/strong> y fueron pronunciadas el 16 de febrero de 2022 en Tecn\u00f3polis ante ministros, gobernadores, intendentes y cientos de estudiantes. Los dichos del mandatario fueron durante un anuncio relevante: ese d\u00eda el Gobierno&nbsp;<strong>prometi\u00f3 construir 100 escuelas t\u00e9cnicas&nbsp;en todo el pa\u00eds<\/strong>, pero hasta el momento eso no ocurri\u00f3.<\/p>\n\n\n\n<p>A trav\u00e9s de un pedido de acceso a la informaci\u00f3n p\u00fablica&nbsp;<em>Telenoche<\/em>&nbsp;comprob\u00f3 que un a\u00f1o y medio despu\u00e9s&nbsp;<strong>no se termin\u00f3 ninguna de estas escuelas<\/strong>&nbsp;y&nbsp;<strong>solo 11 se est\u00e1n construyendo<\/strong>.<\/p>\n\n\n\n<p>El programa para realizar las escuelas t\u00e9cnicas est\u00e1 a cargo del Ministerio de Obras P\u00fablicas y la cartera de Educaci\u00f3n e intervienen provincias y municipios, que hacen las veces de entes ejecutores. Los documentos a los que accedi\u00f3 este medio muestran&nbsp;<strong>los retrasos que tiene la iniciativa<\/strong>. Incluso una obra que figura en ejecuci\u00f3n est\u00e1 paralizada: se trata del edificio que deb\u00eda construirse en Z\u00e1rate, municipio al que le dieron&nbsp;<strong>$96 millones para una escuela que no existe. No hay nada<\/strong>.<\/p>\n\n\n\n<figure class=\"wp-block-image is-resized\"><img loading=\"lazy\" decoding=\"async\" src=\"https:\/\/tn.com.ar\/resizer\/OFP8s4JuMru-acaBH7PX6HD-mdQ=\/767x0\/smart\/filters:format(webp)\/cloudfront-us-east-1.images.arcpublishing.com\/artear\/REZ37Q7P6RCPBBV7VBTMMA3ALY.jpeg\" alt=\"La construcci\u00f3n de la escuela t\u00e9cnica en Z\u00e1rate comenz\u00f3 en noviembre de 2022 pero todav\u00eda est\u00e1 en un 0%. (Foto: Telenoche \/ TN - Agust\u00edn Beltrame)\" width=\"835\" height=\"469\"\/><figcaption class=\"wp-element-caption\">La construcci\u00f3n de la escuela t\u00e9cnica en Z\u00e1rate comenz\u00f3 en noviembre de 2022 pero todav\u00eda est\u00e1 en un 0%. (Foto: Telenoche \/ TN &#8211; Agust\u00edn Beltrame)<\/figcaption><\/figure>\n\n\n\n<h2 class=\"wp-block-heading\">Z\u00e1rate: un municipio que recibi\u00f3 $96 millones y no puso ni un ladrillo<\/h2>\n\n\n\n<p>El caso de la escuela t\u00e9cnica que deb\u00eda construirse en Z\u00e1rate est\u00e1 envuelta en irregularidades. El convenio entre el Ministerio que encabeza&nbsp;<strong>Gabriel Katopodis<\/strong>&nbsp;y el intendente&nbsp;<strong>Osvaldo C\u00e1ffaro<\/strong>&nbsp;se firm\u00f3 el 5 de septiembre de 2022 y el acta de inicio de obra se produjo el 29 de noviembre del a\u00f1o pasado.<\/p>\n\n\n\n<p>Ese d\u00eda el propio C\u00e1ffaro fue hasta el terreno en donde se iba a realizar la escuela y encabez\u00f3 el acto de inicio de obra, que solo qued\u00f3 en una foto. Para iniciar la construcci\u00f3n, Obras P\u00fablicas le transfiri\u00f3 al municipio&nbsp;<strong>96 millones de pesos<\/strong>&nbsp;pero siete meses despu\u00e9s el proyecto est\u00e1 en un 0%: el lugar no es m\u00e1s que un terreno bald\u00edo.&nbsp;<strong>La obra, seg\u00fan documentos oficiales, est\u00e1 paralizada.<\/strong><\/p>\n\n\n\n<p>Un dato llama particularmente la atenci\u00f3n. A diferencia de otros convenios, como el de la Escuela T\u00e9cnica de San Miguel, a Z\u00e1rate no se le impuso la condici\u00f3n de que deb\u00eda comenzar la obra 30 d\u00edas despu\u00e9s de haber recibido el anticipo financiero. De hecho la construcci\u00f3n jam\u00e1s comenz\u00f3.<\/p>\n\n\n\n<figure class=\"wp-block-image is-resized\"><img loading=\"lazy\" decoding=\"async\" src=\"https:\/\/tn.com.ar\/resizer\/zpl7lFtWWyI0xmntsNbtDtc_vAc=\/767x0\/smart\/filters:format(webp)\/cloudfront-us-east-1.images.arcpublishing.com\/artear\/ULRT2QGTBZARZFQ4ZDWMHOD2YE.jpeg\" alt=\"El intendente Osvaldo C\u00e1ffaro pone en marcha la escuela t\u00e9cnica de Z\u00e1rate pero siete meses despu\u00e9s el lugar es un terreno bald\u00edo. (Foto: Municipio de Z\u00e1rate)\" width=\"835\" height=\"626\"\/><figcaption class=\"wp-element-caption\">El intendente Osvaldo C\u00e1ffaro pone en marcha la escuela t\u00e9cnica de Z\u00e1rate pero siete meses despu\u00e9s el lugar es un terreno bald\u00edo. (Foto: Municipio de Z\u00e1rate)<\/figcaption><\/figure>\n\n\n\n<p>Este medio consult\u00f3 al Ministerio de Obras P\u00fablicas para saber qu\u00e9 ocurri\u00f3 con los $96 millones que le entreg\u00f3 al municipio de Z\u00e1rate para la construcci\u00f3n de la escuela t\u00e9cnica. Desde la cartera afirmaron que<strong>&nbsp;hubo inconvenientes con la empresa constructora<\/strong>.&nbsp;<strong>TN&nbsp;<\/strong>tambi\u00e9n consult\u00f3 al intendente pero no obtuvo respuesta.<\/p>\n\n\n\n<h2 class=\"wp-block-heading\">Monte Hermoso: un convenio que se firm\u00f3 hace casi un a\u00f1o y una escuela que todav\u00eda est\u00e1 en un 0%<\/h2>\n\n\n\n<p>Otro caso que expone los grandes retrasos que tiene el programa es el de la Escuela T\u00e9cnica de&nbsp;<strong>Monte Hermoso<\/strong>. El convenio entre Obras P\u00fablicas y el municipio se firm\u00f3 el 30 de agosto de 2022, casi un a\u00f1o atr\u00e1s pero el inicio formal de la obra lleg\u00f3 reci\u00e9n el 15 de mayo de este a\u00f1o.<\/p>\n\n\n\n<p><em>Telenoche&nbsp;<\/em>viaj\u00f3 hasta Monte Hermoso donde se encontr\u00f3 con una obra que todav\u00eda est\u00e1 en un cero por ciento. Pasaron m\u00e1s de dos meses del inicio del proyecto y hasta ahora solo parece haberse hecho un trabajo de replanteo y estudio del suelo. La construcci\u00f3n, por ahora, es solo el cartel.<\/p>\n\n\n\n<figure class=\"wp-block-image is-resized\"><img loading=\"lazy\" decoding=\"async\" src=\"https:\/\/tn.com.ar\/resizer\/3Fr7nFRyda4gmMebWBsM-svQKwU=\/767x0\/smart\/filters:format(webp)\/cloudfront-us-east-1.images.arcpublishing.com\/artear\/FNP4WVOA5BDPBMWJPVG6DEQXDE.jpeg\" alt=\"La obra en Monte Hermoso practicamente no empez\u00f3, aunque el convenio se firm\u00f3 en agosto de 2022. Foto: Telenoche\/TN. Agust\u00edn Beltrame. \" width=\"836\" height=\"470\"\/><figcaption class=\"wp-element-caption\">La obra en Monte Hermoso practicamente no empez\u00f3, aunque el convenio se firm\u00f3 en agosto de 2022. Foto: Telenoche\/TN. Agust\u00edn Beltrame.<\/figcaption><\/figure>\n\n\n\n<p>En su sitio&nbsp;<em>MapaInversiones<\/em>, el propio Ministerio de Obras P\u00fablicas reconoce que la construcci\u00f3n est\u00e1 en un 0%. \u201cAvanza lentamente\u201d, aseguraron desde la cartera de Katopodis. Este medio llam\u00f3 en varias oportunidades al jefe comunal de Monte Hermoso Marcos Fern\u00e1ndez pero no obtuvo respuesta.<\/p>\n\n\n\n<h2 class=\"wp-block-heading\">San Miguel: la \u00fanica de las escuelas t\u00e9cnicas que avanz\u00f3 pero que ya debi\u00f3 haberse inaugurado<\/h2>\n\n\n\n<p>De las 100 escuelas t\u00e9cnicas que prometi\u00f3 el Gobierno, solo hay una que est\u00e1 pronto a inaugurarse. Se trata de la obra que est\u00e1 realizando el municipio de&nbsp;<strong>San Miguel<\/strong>, que en rigor ya debi\u00f3 haberse terminado.<\/p>\n\n\n\n<p>Seg\u00fan documentos oficiales a los que accedi\u00f3&nbsp;<em>Telenoche<\/em>, el convenio entre Obras P\u00fablicas y San Miguel se firm\u00f3 en junio del a\u00f1o pasado y la obra se inici\u00f3 el 26 de agosto de 2022, con la promesa de estar lista el 22 de junio de 2023, lo que en rigor no ocurri\u00f3.&nbsp;<strong>La construcci\u00f3n est\u00e1 en un 74%<\/strong>&nbsp;y el municipio pidi\u00f3 una ampliaci\u00f3n de los plazos ante la imposibilidad de cumplir con lo previsto.<\/p>\n\n\n\n<p>Si bien San Miguel no inaugurar\u00e1 la escuela a tiempo, es un ejemplo que deja en evidencia a los restantes municipios que pidieron el financiamiento,&nbsp;<strong>firmaron los convenios y tardaron meses en iniciar los proyectos o recibieron la plata y ni siquiera lo empezaron<\/strong>.<\/p>\n\n\n\n<figure class=\"wp-block-image is-resized\"><img loading=\"lazy\" decoding=\"async\" src=\"https:\/\/tn.com.ar\/resizer\/wx0fhe9_URAdosEJFnvaElV3K-k=\/767x0\/smart\/filters:format(webp)\/cloudfront-us-east-1.images.arcpublishing.com\/artear\/CACRAI3UING4DL7SPZAUG5VCHA.jpeg\" alt=\"La obra de San Miguel est\u00e1 en un 74% de avance, aunque debi\u00f3 haberse terminado en junio. (Foto: Telenoche \/ TN - Agust\u00edn Beltrame) \" width=\"836\" height=\"470\"\/><figcaption class=\"wp-element-caption\">La obra de San Miguel est\u00e1 en un 74% de avance, aunque debi\u00f3 haberse terminado en junio. (Foto: Telenoche \/ TN &#8211; Agust\u00edn Beltrame)<\/figcaption><\/figure>\n\n\n\n<p>El proyecto de construcci\u00f3n de escuelas t\u00e9cnicas establece que se deben realizar edificios de 2200M2 y la obra debe contemplar aulas te\u00f3ricas, un taller com\u00fan de gran escala, dos talleres divisibles, laboratorios, patios cubiertos y descubiertos, sala de m\u00e1quinas, bicicletero, parque y estacionamiento, entre otros espacios.<\/p>\n\n\n\n<p>Seg\u00fan reconci\u00f3 Obras P\u00fablicas, de las 100 escuelas que se prometieron un a\u00f1o y medio atr\u00e1s solo se est\u00e1n construyendo 11. Pero de estas, la gran mayor\u00eda est\u00e1 en un 0% y solo se realizaron trabajos como estudios del suelo. Entre otras, este medio pudo saber que<strong>&nbsp;la escuela de Pilar est\u00e1 en un 20%; la de Berazategui en un 21%<\/strong>&nbsp;y hay proyectos en&nbsp;<strong>Florencio Varela<\/strong>,&nbsp;<strong>La Rioja<\/strong>&nbsp;y<strong>&nbsp;San Luis<\/strong>&nbsp;en los que todav\u00eda&nbsp;<strong>no se puso ni un solo ladrillo<\/strong>.<\/p>\n\n\n\n<p>Una de las posibles explicaciones a la falta de avances de obras en este programa es la poca ejecuci\u00f3n del presupuesto. Seg\u00fan datos oficiales a los que accedi\u00f3&nbsp;<em>Telenoche<\/em>, en el Ejercicio presupuestario de Obras P\u00fablicas de 2022 hab\u00eda <strong>$1.835.000.000 destinados a la construcci\u00f3n de las escuelas t\u00e9cnicas, de los que solo se devengaron $321.981.144.<\/strong><\/p>\n\n\n\n<p>En el cr\u00e9dito vigente de 2023 figuran $14.784.000.000 para la construcci\u00f3n de escuelas, y devengados unos $386.314.645. No todo es responsabilidad de Obras P\u00fablicas, sino que muchas veces los municipios y provincias piden el financiamiento y luego tardan largos meses en licitar o iniciar la obra.<\/p>\n\n\n\n<p>Otro de los motivos por los que el programa no avanza a gran velocidad es que durante el anuncio de la iniciativa en febrero de 2022, Katopodis resalt\u00f3 la decisi\u00f3n del presidente Alberto Fern\u00e1ndez de firmar el decreto a trav\u00e9s del que se pon\u00eda en marcha la realizaci\u00f3n de las escuelas, pero el \u201cPrograma Federal de Obra Arquitectura &#8211; 100 Escuelas T\u00e9cnicas\u201d fue creado a trav\u00e9s de la resoluci\u00f3n 424\/2022, publicado reci\u00e9n el 13 de diciembre de 2022, nueve meses despu\u00e9s del anuncio.<\/p>\n\n\n\n<p>Telenoche<\/p>\n","protected":false},"excerpt":{"rendered":"<p>\u201cTelenoche\u201d comprob\u00f3 que de los pocos edificios que figuran en \u201cejecuci\u00f3n\u201d, la mayor\u00eda est\u00e1 en un 0% de avance, hay 11 a medio hacer y uno es un terreno bald\u00edo. El anuncio lo hizo de Alberto Fern\u00e1ndez en febrero de 2022. \u201cPor eso ahora, el principal objetivo despu\u00e9s de la pandemia es que la Argentina<a class=\"read-more\" href=\"https:\/\/elfederalmendoza.com.ar\/index.php\/2023\/07\/25\/alberto-fernandez-anuncio-construir-100-escuelas-tecnicas-en-todo-el-pais-pago-millones-de-pesos-y-no-se-termino-ninguna\/\"> [&hellip;]<\/a><\/p>\n","protected":false},"author":2,"featured_media":25532,"comment_status":"open","ping_status":"open","sticky":false,"template":"","format":"standard","meta":{"footnotes":""},"categories":[5618],"tags":[],"class_list":["post-25530","post","type-post","status-publish","format-standard","has-post-thumbnail","hentry","category-arg"],"rttpg_featured_image_url":{"full":["https:\/\/elfederalmendoza.com.ar\/wp-content\/uploads\/2023\/07\/alberto-fernandez7.jpg",1006,563,false],"landscape":["https:\/\/elfederalmendoza.com.ar\/wp-content\/uploads\/2023\/07\/alberto-fernandez7.jpg",1006,563,false],"portraits":["https:\/\/elfederalmendoza.com.ar\/wp-content\/uploads\/2023\/07\/alberto-fernandez7.jpg",1006,563,false],"thumbnail":["https:\/\/elfederalmendoza.com.ar\/wp-content\/uploads\/2023\/07\/alberto-fernandez7-150x150.jpg",150,150,true],"medium":["https:\/\/elfederalmendoza.com.ar\/wp-content\/uploads\/2023\/07\/alberto-fernandez7-300x168.jpg",300,168,true],"large":["https:\/\/elfederalmendoza.com.ar\/wp-content\/uploads\/2023\/07\/alberto-fernandez7.jpg",640,358,false],"1536x1536":["https:\/\/elfederalmendoza.com.ar\/wp-content\/uploads\/2023\/07\/alberto-fernandez7.jpg",1006,563,false],"2048x2048":["https:\/\/elfederalmendoza.com.ar\/wp-content\/uploads\/2023\/07\/alberto-fernandez7.jpg",1006,563,false],"ultp_layout_landscape_large":["https:\/\/elfederalmendoza.com.ar\/wp-content\/uploads\/2023\/07\/alberto-fernandez7.jpg",1006,563,false],"ultp_layout_landscape":["https:\/\/elfederalmendoza.com.ar\/wp-content\/uploads\/2023\/07\/alberto-fernandez7-870x563.jpg",870,563,true],"ultp_layout_portrait":["https:\/\/elfederalmendoza.com.ar\/wp-content\/uploads\/2023\/07\/alberto-fernandez7-600x563.jpg",600,563,true],"ultp_layout_square":["https:\/\/elfederalmendoza.com.ar\/wp-content\/uploads\/2023\/07\/alberto-fernandez7-600x563.jpg",600,563,true],"rpwe-thumbnail":["https:\/\/elfederalmendoza.com.ar\/wp-content\/uploads\/2023\/07\/alberto-fernandez7-45x45.jpg",45,45,true],"advps-thumb-one":["https:\/\/elfederalmendoza.com.ar\/wp-content\/uploads\/2023\/07\/alberto-fernandez7-1006x420.jpg",1006,420,true]},"rttpg_author":{"display_name":"Redacci\u00f3n El Federal","author_link":"https:\/\/elfederalmendoza.com.ar\/index.php\/author\/angelflores\/"},"rttpg_comment":0,"rttpg_category":"<a href=\"https:\/\/elfederalmendoza.com.ar\/index.php\/category\/arg\/\" rel=\"category tag\">Argentina<\/a>","rttpg_excerpt":"\u201cTelenoche\u201d comprob\u00f3 que de los pocos edificios que figuran en \u201cejecuci\u00f3n\u201d, la mayor\u00eda est\u00e1 en un 0% de avance, hay 11 a medio hacer y uno es un terreno bald\u00edo. El anuncio lo hizo de Alberto Fern\u00e1ndez en febrero de 2022. \u201cPor eso ahora, el principal objetivo despu\u00e9s de la pandemia es que la Argentina&hellip;","_links":{"self":[{"href":"https:\/\/elfederalmendoza.com.ar\/index.php\/wp-json\/wp\/v2\/posts\/25530","targetHints":{"allow":["GET"]}}],"collection":[{"href":"https:\/\/elfederalmendoza.com.ar\/index.php\/wp-json\/wp\/v2\/posts"}],"about":[{"href":"https:\/\/elfederalmendoza.com.ar\/index.php\/wp-json\/wp\/v2\/types\/post"}],"author":[{"embeddable":true,"href":"https:\/\/elfederalmendoza.com.ar\/index.php\/wp-json\/wp\/v2\/users\/2"}],"replies":[{"embeddable":true,"href":"https:\/\/elfederalmendoza.com.ar\/index.php\/wp-json\/wp\/v2\/comments?post=25530"}],"version-history":[{"count":2,"href":"https:\/\/elfederalmendoza.com.ar\/index.php\/wp-json\/wp\/v2\/posts\/25530\/revisions"}],"predecessor-version":[{"id":25542,"href":"https:\/\/elfederalmendoza.com.ar\/index.php\/wp-json\/wp\/v2\/posts\/25530\/revisions\/25542"}],"wp:featuredmedia":[{"embeddable":true,"href":"https:\/\/elfederalmendoza.com.ar\/index.php\/wp-json\/wp\/v2\/media\/25532"}],"wp:attachment":[{"href":"https:\/\/elfederalmendoza.com.ar\/index.php\/wp-json\/wp\/v2\/media?parent=25530"}],"wp:term":[{"taxonomy":"category","embeddable":true,"href":"https:\/\/elfederalmendoza.com.ar\/index.php\/wp-json\/wp\/v2\/categories?post=25530"},{"taxonomy":"post_tag","embeddable":true,"href":"https:\/\/elfederalmendoza.com.ar\/index.php\/wp-json\/wp\/v2\/tags?post=25530"}],"curies":[{"name":"wp","href":"https:\/\/api.w.org\/{rel}","templated":true}]}}