{"id":25628,"date":"2023-07-28T07:51:52","date_gmt":"2023-07-28T10:51:52","guid":{"rendered":"https:\/\/elfederalmendoza.com\/?p=25628"},"modified":"2023-07-28T07:51:53","modified_gmt":"2023-07-28T10:51:53","slug":"escandalo-en-puerta-confirmaron-que-carla-vizzotti-permitio-visitas-discrecionales-a-internados-por-covid-19-durante-los-periodos-de-aislamiento","status":"publish","type":"post","link":"https:\/\/elfederalmendoza.com.ar\/index.php\/2023\/07\/28\/escandalo-en-puerta-confirmaron-que-carla-vizzotti-permitio-visitas-discrecionales-a-internados-por-covid-19-durante-los-periodos-de-aislamiento\/","title":{"rendered":"Esc\u00e1ndalo en puerta: Confirmaron que Carla Vizzotti permiti\u00f3 visitas discrecionales a internados por COVID-19 durante los per\u00edodos de aislamiento"},"content":{"rendered":"\n<p>Durante un encuentro en el CCK con la ministra de Salud, la titular de la Liga Argentina de Protecci\u00f3n al Diab\u00e9tico revel\u00f3 que la funcionaria la ayud\u00f3 para ver a su marido antes de que muriera, cuando a\u00fan reg\u00eda la prohibici\u00f3n.<\/p>\n\n\n\n<p>La ministra de Salud de la Naci\u00f3n,<strong>\u00a0Carla Vizzotti<\/strong>, llev\u00f3 a cabo ayer una revisi\u00f3n de su mandato en el\u00a0<strong>Centro Cultural Kirchner<\/strong>\u00a0en la que participaron m\u00e9dicos, cient\u00edficos y miembros de la sociedad civil.<\/p>\n\n\n\n<p>Luego de una introducci\u00f3n por parte de la funcionaria, intervinieron miembros del Foro de Sociedades Cient\u00edficas Argentinas, de Organizaciones de la Sociedad Civil y de Universidades.\u00a0<strong>Sylvia Brunoldi<\/strong>, presidenta de la Liga Argentina de Protecci\u00f3n al Diab\u00e9tico (LAPDI), cont\u00f3 que perdi\u00f3 a su esposo por COVID-19 el\u00a0<strong>24 de agosto de 2020<\/strong>, despu\u00e9s de que estuviera hospitalizado durante 30 d\u00edas.<\/p>\n\n\n\n<p>Sin embargo, lo que sorprendi\u00f3 del relato de Brunoldi fue que ella pudo visitar a su marido antes de su fallecimiento, a pesar de que en ese momento estaba prohibido. Esto llev\u00f3 a que saliera a la luz que&nbsp;<strong>el Gobierno habilitaba visitas discrecionales durante los periodos de aislamiento.<\/strong><\/p>\n\n\n\n<p>D\u00edas despu\u00e9s, el 7 de septiembre,&nbsp;<strong>una vez firmado el decreto que revoc\u00f3 tal restricci\u00f3n<\/strong>, la propia Brunoldi particip\u00f3 en el informe diario sobre la situaci\u00f3n del COVID-19 que realizaba el Ministerio de Salud, donde comparti\u00f3 su experiencia y pidi\u00f3 solidaridad para continuar con el Aislamiento Social Preventivo y Obligatorio (ASPO).&nbsp;<strong>Tambi\u00e9n solicit\u00f3 a las autoridades y al personal de salud que permitieran las visitas a pacientes contagiados en sus \u00faltimos d\u00edas.<\/strong><\/p>\n\n\n\n<p>Durante su participaci\u00f3n, record\u00f3 un caso que hab\u00eda ocurrido<strong>&nbsp;poco antes.&nbsp;<\/strong>Se trataba de la historia de un padre que se le hab\u00eda prohibido viajar de Neuqu\u00e9n a C\u00f3rdoba para visitar a su hija, la cual&nbsp;<strong>estaba enferma terminal de c\u00e1ncer y que muri\u00f3 el 21 de agosto de 2020.<\/strong><\/p>\n\n\n\n<p>La situaci\u00f3n cambi\u00f3&nbsp;<strong>el viernes 29 de agosto<\/strong>, cuando el presidente&nbsp;<strong>Alberto Fern\u00e1ndez&nbsp;<\/strong>anunci\u00f3 durante una conferencia de prensa el&nbsp;<strong>decreto para permitir las visitas de acompa\u00f1amiento durante las \u00faltimas horas de vida de un familiar.<\/strong><\/p>\n\n\n\n<p>Sin embargo, a pesar del decreto,&nbsp;<strong>algunos familiares de pacientes lograron visitar a sus seres queridos antes de su publicaci\u00f3n.<\/strong>&nbsp;Durante la reuni\u00f3n p\u00fablica con Vizzotti, Brunoldi&nbsp;<strong>agradeci\u00f3 a la ministra<\/strong>, quien era entonces Secretaria de Acceso a la Salud, por permitirle despedirse de su esposo.<\/p>\n\n\n\n<p>Cuando Brunoldi perdi\u00f3 a su esposo,&nbsp;<strong>a\u00fan faltaba una semana<\/strong>&nbsp;para la publicaci\u00f3n del decreto que relajaba la prohibici\u00f3n de las visitas. Seg\u00fan ella,&nbsp;<strong>Vizzotti intervino personalmente para que pudiera visitar a su esposo.<\/strong><\/p>\n\n\n\n<p>Las fechas tampoco cierran en la Ciudad de Buenos Aires. La Legislatura\u00a0aprob\u00f3 el 27 de agosto por unanimidad un protocolo\u00a0para que\u00a0<strong>los familiares puedan estar junto a aquellas personas internadas en estado cr\u00edtico por COVID-19 y darles el \u00faltimo adi\u00f3s.<\/strong>\u00a0Bajo el nombre de \u201cplan de acompa\u00f1amiento a pacientes en situaci\u00f3n de final de vida durante la emergencia sanitaria\u201d por coronavirus, se permit\u00eda a una persona del entorno afectivo despedirse de manera presencial y, a trav\u00e9s de dispositivos, garantizar la comunicaci\u00f3n con otros allegados.<\/p>\n\n\n\n<h2 class=\"wp-block-heading\">El fantasma del Vacunatorio VIP<\/h2>\n\n\n\n<p><img loading=\"lazy\" decoding=\"async\" alt=\"Jorge Taiana y Eduardo Vald\u00e9s, dos de los vacunados VIP\n\" height=\"1080\" width=\"1920\" src=\"https:\/\/www.infobae.com\/new-resizer\/MXkQij1H47FaFwsASJRNVt1Jfik=\/arc-anglerfish-arc2-prod-infobae\/public\/A4XTGCGNA5CSNMEJCQ2QMVCGRM.jpg\" srcset=\"https:\/\/www.infobae.com\/new-resizer\/puW5r2UtWFnlFXmYodrLBBcm7XA=\/420x236\/filters:format(webp):quality(85)\/cloudfront-us-east-1.images.arcpublishing.com\/infobae\/A4XTGCGNA5CSNMEJCQ2QMVCGRM.jpg 420w,https:\/\/www.infobae.com\/new-resizer\/F9VAmikJ9RlGCon-2YDS3z5bE7Y=\/768x432\/filters:format(webp):quality(85)\/cloudfront-us-east-1.images.arcpublishing.com\/infobae\/A4XTGCGNA5CSNMEJCQ2QMVCGRM.jpg 768w,https:\/\/www.infobae.com\/new-resizer\/MgGk1xU1pBY0xTi_1bQnhaBusm8=\/992x558\/filters:format(webp):quality(85)\/cloudfront-us-east-1.images.arcpublishing.com\/infobae\/A4XTGCGNA5CSNMEJCQ2QMVCGRM.jpg 992w,https:\/\/www.infobae.com\/new-resizer\/YGxFoBRFqfjYLElCVqkvKfTdxe0=\/1200x675\/filters:format(webp):quality(85)\/cloudfront-us-east-1.images.arcpublishing.com\/infobae\/A4XTGCGNA5CSNMEJCQ2QMVCGRM.jpg 1200w,https:\/\/www.infobae.com\/new-resizer\/JTvsPXZiUT3959rNYwHWkAUZRJ8=\/1440x810\/filters:format(webp):quality(85)\/cloudfront-us-east-1.images.arcpublishing.com\/infobae\/A4XTGCGNA5CSNMEJCQ2QMVCGRM.jpg 1440w\">Jorge Taiana y Eduardo Vald\u00e9s, dos de los vacunados VIP<\/p>\n\n\n\n<p>Esta intervenci\u00f3n ha generado controversia, recordando otros episodios de la pandemia como\u00a0el \u201cvacunatorio VIP\u201d.\u00a0El asunto pol\u00e9mico se desat\u00f3, cuando el periodista Horacio Verbitsky relat\u00f3 en una emisi\u00f3n radial que se hab\u00eda vacunado contra el coronavirus en el Ministerio de Salud el 18 de febrero de 2021, tras contactar al ex ministro\u00a0<strong>Gin\u00e9s Gonz\u00e1lez Garc\u00eda<\/strong>.<\/p>\n\n\n\n<p>Sus afirmaciones dieron pie a un procedimiento judicial para investigar si \u201cindividuos que no cumpl\u00edan con los criterios de prioridad epidemiol\u00f3gicos y el plan de etapas previamente establecido\u201d hab\u00edan sido inoculados en el Hospital Posadas, dependiente de la Naci\u00f3n, en el Ministerio de Salud o incluso en sus propias residencias.<\/p>\n\n\n\n<p>El registro de vacunados VIP incluy\u00f3, adem\u00e1s de Verbitsky, al presidente Alberto Fern\u00e1ndez y su c\u00edrculo m\u00e1s cercano, hasta el Procurador del Tesoro Carlos Zannini y su c\u00f3nyuge, el expresidente Eduardo Duhalde, su esposa Hilda \u201cChiche\u201d Gonz\u00e1lez y sus hijas, el ministro de Econom\u00eda Mart\u00edn Guzm\u00e1n, el por aquel entonces canciller Felipe Sol\u00e1, el embajador en Brasil Daniel Scioli, el ministro de Defensa Jorge Taiana (cuando era senador) y el diputado Eduardo Vald\u00e9s. Asimismo, el exministro de Salud Gin\u00e9s Gonz\u00e1lez Garc\u00eda y varios empresarios de su c\u00edrculo tambi\u00e9n aparecieron en la lista. Gran parte de los vacunados VIP, incluido el presidente, fueron catalogados como personal de salud en los registros del Posadas.<\/p>\n\n\n\n<h2 class=\"wp-block-heading\">Reporte clown<\/h2>\n\n\n\n<p>A los hechos irregulares como el vacunatorio VIP, se le sumaron otros episodios. Uno de ellos fue cuando el 16 de agosto de 2020, con motivo del d\u00eda del ni\u00f1o,\u00a0una clown particip\u00f3 del reporte diario del Ministerio de Salud.<\/p>\n\n\n\n<p>0 seconds of 1 minute, 28 secondsVolume 90%Durante el aislamiento obliigatorio, una clown particip\u00f3 del reporte diario del Ministerio de Salud con motivo del D\u00eda del Ni\u00f1o<\/p>\n\n\n\n<p>Se trat\u00f3 del reporte 309 de la cartera de Salud sobre el COVID-19, donde&nbsp;<strong>Carla Vizzoti y Alejandro Costa<\/strong>&nbsp;estuvieron acompa\u00f1ados por una integrante del grupo de m\u00fasica infantil&nbsp;<strong>Vuelta Canela<\/strong>.<\/p>\n\n\n\n<p>La cantante, vestida de payasa, cant\u00f3 una canci\u00f3n y los funcionarios de la cartera de Salud acompa\u00f1aron con m\u00edmica.<\/p>\n\n\n\n<p>La idea no fue bien recibida por el contraste tem\u00e1tico y porque iba destinada a un p\u00fablico infantil que dif\u00edcilmente asista a los reportes de Salud.<strong>&nbsp;En poco rato, el hashtag #GobiernoDePayasos se volvi\u00f3 tendencia.<\/strong><\/p>\n\n\n\n<p>\u201cLo que queremos transmitir es que&nbsp;<strong>desde las casas podemos jugar con lo que tengamos a mano,&nbsp;<\/strong>leer, bailar, divertirnos.&nbsp;<strong>Hay que atravesar estos momentos dif\u00edciles desde la alegr\u00eda y el arte<\/strong>\u201d, propuso Filomena. A su vez, la cantante y clown justific\u00f3 su participaci\u00f3n en el panel de profesionales de la salud: \u201c<strong>La alegr\u00eda, la m\u00fasica, la risa y el juego tambi\u00e9n es salud<\/strong>. Por eso nos pareci\u00f3 importante aportar en este d\u00eda particular un granito de arena\u201d.<\/p>\n\n\n\n<p><img loading=\"lazy\" decoding=\"async\" alt=\"Fotograf\u00eda fechada el 28 de mayo de 2020 del personal m\u00e9dico que realiza controles a un paciente con COVID-19 en la Unidad de Terapia Intensiva del Hospital Posadas (EFE)\n\" height=\"1079\" width=\"1920\" src=\"https:\/\/www.infobae.com\/new-resizer\/K9QYC2hi8davM29LDLQx9KnPbtU=\/arc-anglerfish-arc2-prod-infobae\/public\/QKBYJ5NLNFATPAB44P22VNM7YQ.JPG\" srcset=\"https:\/\/www.infobae.com\/new-resizer\/euZzt6M9m5unR7SjUkbs19faHcY=\/420x236\/filters:format(webp):quality(85)\/cloudfront-us-east-1.images.arcpublishing.com\/infobae\/QKBYJ5NLNFATPAB44P22VNM7YQ.JPG 420w,https:\/\/www.infobae.com\/new-resizer\/N7apkOEA9hLx8nqvN-MwlGt9VDU=\/768x432\/filters:format(webp):quality(85)\/cloudfront-us-east-1.images.arcpublishing.com\/infobae\/QKBYJ5NLNFATPAB44P22VNM7YQ.JPG 768w,https:\/\/www.infobae.com\/new-resizer\/lhFHWs19D0xMZlyqdgjqv3yRAYY=\/992x558\/filters:format(webp):quality(85)\/cloudfront-us-east-1.images.arcpublishing.com\/infobae\/QKBYJ5NLNFATPAB44P22VNM7YQ.JPG 992w,https:\/\/www.infobae.com\/new-resizer\/I46HHxe9BDyewY6NAzmf6hrogAY=\/1200x675\/filters:format(webp):quality(85)\/cloudfront-us-east-1.images.arcpublishing.com\/infobae\/QKBYJ5NLNFATPAB44P22VNM7YQ.JPG 1200w,https:\/\/www.infobae.com\/new-resizer\/7Bq_-Laaueqk9k0aOtjcxv2B3TM=\/1440x810\/filters:format(webp):quality(85)\/cloudfront-us-east-1.images.arcpublishing.com\/infobae\/QKBYJ5NLNFATPAB44P22VNM7YQ.JPG 1440w\">Fotograf\u00eda fechada el 28 de mayo de 2020 del personal m\u00e9dico que realiza controles a un paciente con COVID-19 en la Unidad de Terapia Intensiva del Hospital Posadas (EFE)<\/p>\n\n\n\n<p>Luego de su discurso, propuso una actividad. \u201cPara cerrar pensaba que pod\u00edamos hacer un juego, una canci\u00f3n muy simple -anticip\u00f3-. Simplemente el soltarnos, el querer jugar ya es algo que nos predispone a sentirnos mejor\u201d. Y present\u00f3 un tema de su grupo de m\u00fasica infantil: Una nube. La canci\u00f3n tiene una coreograf\u00eda con las manos y una letra breve. Dice: \u201cUna nube. Mucha lluvia. Crece el pasto y el \u00e1rbol. Caen las hojas sobre el agua. Hay un pulpo y un caracol\u201d. En cada estrofa hay una m\u00edmica que hace referencia a la letra. Filomena cantaba y bailaba con las manos. Costa y Vizzotti la acompa\u00f1aron con los gestos.<\/p>\n\n\n\n<p>Consultados por&nbsp;<strong>Infobae<\/strong>, desde la cartera de Salud brindaron su explicaci\u00f3n sobre la pol\u00e9mica revelada el mi\u00e9rcoles en el CCK: \u201cEn realidad el Ministerio no hizo ni hace autorizaciones de visitas. El 30 de agosto de 2020, en consenso federal, luego de escuchar y atender los pedidos de muchos familiares, se oficializ\u00f3 para todo el territorio nacional, mediante el Decreto 714\/2020, algo que ya se estaba dando de hecho en muchas instituciones y jurisdicciones: el acompa\u00f1amiento familiar durante la internaci\u00f3n de pacientes durante sus \u00faltimos d\u00edas de vida, con diagn\u00f3stico COVID-19 o de cualquier otra enfermedad o padecimiento\u201d.<\/p>\n\n\n\n<p>\u201cCada instituci\u00f3n, a trav\u00e9s de sus autoridades, analizando cada caso particular, otorgaba autorizaci\u00f3n y generaba el protocolo. El motivo de la restricci\u00f3n de visitas en su momento hab\u00eda sido la escasez, a nivel mundial, de equipo de protecci\u00f3n personal, el cual se priorizaba para el personal de salud. Para mediados de 2020, esa situaci\u00f3n ya se hab\u00eda resuelto por gesti\u00f3n del Ministerio de Salud, y, por eso, las instituciones ya generaban autorizaciones para visitas con protocolos\u201d, agregaron.<\/p>\n\n\n\n<p>Infobae<\/p>\n","protected":false},"excerpt":{"rendered":"<p>Durante un encuentro en el CCK con la ministra de Salud, la titular de la Liga Argentina de Protecci\u00f3n al Diab\u00e9tico revel\u00f3 que la funcionaria la ayud\u00f3 para ver a su marido antes de que muriera, cuando a\u00fan reg\u00eda la prohibici\u00f3n. La ministra de Salud de la Naci\u00f3n,\u00a0Carla Vizzotti, llev\u00f3 a cabo ayer una revisi\u00f3n<a class=\"read-more\" href=\"https:\/\/elfederalmendoza.com.ar\/index.php\/2023\/07\/28\/escandalo-en-puerta-confirmaron-que-carla-vizzotti-permitio-visitas-discrecionales-a-internados-por-covid-19-durante-los-periodos-de-aislamiento\/\"> [&hellip;]<\/a><\/p>\n","protected":false},"author":2,"featured_media":25631,"comment_status":"open","ping_status":"open","sticky":false,"template":"","format":"standard","meta":{"footnotes":""},"categories":[5618],"tags":[],"class_list":["post-25628","post","type-post","status-publish","format-standard","has-post-thumbnail","hentry","category-arg"],"rttpg_featured_image_url":{"full":["https:\/\/elfederalmendoza.com.ar\/wp-content\/uploads\/2023\/07\/VIZZOTTI2.jpg",1095,644,false],"landscape":["https:\/\/elfederalmendoza.com.ar\/wp-content\/uploads\/2023\/07\/VIZZOTTI2.jpg",1095,644,false],"portraits":["https:\/\/elfederalmendoza.com.ar\/wp-content\/uploads\/2023\/07\/VIZZOTTI2.jpg",1095,644,false],"thumbnail":["https:\/\/elfederalmendoza.com.ar\/wp-content\/uploads\/2023\/07\/VIZZOTTI2-150x150.jpg",150,150,true],"medium":["https:\/\/elfederalmendoza.com.ar\/wp-content\/uploads\/2023\/07\/VIZZOTTI2-300x176.jpg",300,176,true],"large":["https:\/\/elfederalmendoza.com.ar\/wp-content\/uploads\/2023\/07\/VIZZOTTI2-1024x602.jpg",640,376,true],"1536x1536":["https:\/\/elfederalmendoza.com.ar\/wp-content\/uploads\/2023\/07\/VIZZOTTI2.jpg",1095,644,false],"2048x2048":["https:\/\/elfederalmendoza.com.ar\/wp-content\/uploads\/2023\/07\/VIZZOTTI2.jpg",1095,644,false],"ultp_layout_landscape_large":["https:\/\/elfederalmendoza.com.ar\/wp-content\/uploads\/2023\/07\/VIZZOTTI2.jpg",1095,644,false],"ultp_layout_landscape":["https:\/\/elfederalmendoza.com.ar\/wp-content\/uploads\/2023\/07\/VIZZOTTI2-870x570.jpg",870,570,true],"ultp_layout_portrait":["https:\/\/elfederalmendoza.com.ar\/wp-content\/uploads\/2023\/07\/VIZZOTTI2-600x644.jpg",600,644,true],"ultp_layout_square":["https:\/\/elfederalmendoza.com.ar\/wp-content\/uploads\/2023\/07\/VIZZOTTI2-600x600.jpg",600,600,true],"rpwe-thumbnail":["https:\/\/elfederalmendoza.com.ar\/wp-content\/uploads\/2023\/07\/VIZZOTTI2-45x45.jpg",45,45,true],"advps-thumb-one":["https:\/\/elfederalmendoza.com.ar\/wp-content\/uploads\/2023\/07\/VIZZOTTI2-1095x420.jpg",1095,420,true]},"rttpg_author":{"display_name":"Redacci\u00f3n El Federal","author_link":"https:\/\/elfederalmendoza.com.ar\/index.php\/author\/angelflores\/"},"rttpg_comment":0,"rttpg_category":"<a href=\"https:\/\/elfederalmendoza.com.ar\/index.php\/category\/arg\/\" rel=\"category tag\">Argentina<\/a>","rttpg_excerpt":"Durante un encuentro en el CCK con la ministra de Salud, la titular de la Liga Argentina de Protecci\u00f3n al Diab\u00e9tico revel\u00f3 que la funcionaria la ayud\u00f3 para ver a su marido antes de que muriera, cuando a\u00fan reg\u00eda la prohibici\u00f3n. La ministra de Salud de la Naci\u00f3n,\u00a0Carla Vizzotti, llev\u00f3 a cabo ayer una revisi\u00f3n&hellip;","_links":{"self":[{"href":"https:\/\/elfederalmendoza.com.ar\/index.php\/wp-json\/wp\/v2\/posts\/25628","targetHints":{"allow":["GET"]}}],"collection":[{"href":"https:\/\/elfederalmendoza.com.ar\/index.php\/wp-json\/wp\/v2\/posts"}],"about":[{"href":"https:\/\/elfederalmendoza.com.ar\/index.php\/wp-json\/wp\/v2\/types\/post"}],"author":[{"embeddable":true,"href":"https:\/\/elfederalmendoza.com.ar\/index.php\/wp-json\/wp\/v2\/users\/2"}],"replies":[{"embeddable":true,"href":"https:\/\/elfederalmendoza.com.ar\/index.php\/wp-json\/wp\/v2\/comments?post=25628"}],"version-history":[{"count":2,"href":"https:\/\/elfederalmendoza.com.ar\/index.php\/wp-json\/wp\/v2\/posts\/25628\/revisions"}],"predecessor-version":[{"id":25632,"href":"https:\/\/elfederalmendoza.com.ar\/index.php\/wp-json\/wp\/v2\/posts\/25628\/revisions\/25632"}],"wp:featuredmedia":[{"embeddable":true,"href":"https:\/\/elfederalmendoza.com.ar\/index.php\/wp-json\/wp\/v2\/media\/25631"}],"wp:attachment":[{"href":"https:\/\/elfederalmendoza.com.ar\/index.php\/wp-json\/wp\/v2\/media?parent=25628"}],"wp:term":[{"taxonomy":"category","embeddable":true,"href":"https:\/\/elfederalmendoza.com.ar\/index.php\/wp-json\/wp\/v2\/categories?post=25628"},{"taxonomy":"post_tag","embeddable":true,"href":"https:\/\/elfederalmendoza.com.ar\/index.php\/wp-json\/wp\/v2\/tags?post=25628"}],"curies":[{"name":"wp","href":"https:\/\/api.w.org\/{rel}","templated":true}]}}