{"id":25668,"date":"2023-07-28T05:22:00","date_gmt":"2023-07-28T08:22:00","guid":{"rendered":"https:\/\/elfederalmendoza.com\/?p=25668"},"modified":"2023-07-28T17:23:55","modified_gmt":"2023-07-28T20:23:55","slug":"feroz-amenaza-del-lider-del-clan-sena-a-sus-militantes-tienen-que-pintar-libertad-para-emerenciano","status":"publish","type":"post","link":"https:\/\/elfederalmendoza.com.ar\/index.php\/2023\/07\/28\/feroz-amenaza-del-lider-del-clan-sena-a-sus-militantes-tienen-que-pintar-libertad-para-emerenciano\/","title":{"rendered":"Feroz amenaza del l\u00edder del clan Sena a sus militantes: \u201cTienen que pintar \u2018libertad para Emerenciano\u2019\u201d"},"content":{"rendered":"\n<p><strong>Este viernes, a casi dos meses de la desaparici\u00f3n de Cecilia Strzyzowski, se conoci\u00f3 un estremecedor audio que envi\u00f3 Emerenciano Sena<\/strong>&nbsp;desde la c\u00e1rcel a sus militantes pol\u00edticos. En el mensaje, los amenaza para que pinten carteles en muestra de apoyo y pidan por su libertad. Adem\u00e1s, asegur\u00f3 que a los que no sigan sus ordenanzas \u201cno van a atener autoridad\u201d frente a sus casas.<\/p>\n\n\n\n<p><strong>\u201cTienen que pintar \u2018libertad Emerenciano\u2019\u201d,<\/strong>&nbsp;indic\u00f3 antes de amedrentar a la gente. Agreg\u00f3 que quienes no cumplan con su pedido no van a poder ingresar a sus domicilios y sus autos aparecer\u00e1n rotos<strong>&nbsp;\u201ca palazos\u201d.<\/strong><\/p>\n\n\n\n<p>El l\u00edder l\u00edder del clan Sena afirm\u00f3:&nbsp;<strong>\u201cVa a venir cualquier gente del gobierno y va a partir por la mitad, va a repartir las casa como se les cante y ustedes no van a atener autoridad. \u00bfPor qu\u00e9 no van a atener autoridad? Porque ni siquiera se animan a escribir \u2018libertad Emerenciano\u2019\u201d.<\/strong><\/p>\n\n\n\n<p>\u201cTomen autoridad, no tiene que pelearse entre ustedes. Pel\u00e9ense con los de afuera. No dejen de creer en Dios. Como yo cree ese barrio, la culpa la tienen ustedes que me acompa\u00f1aron. Ahora estoy preso por eso. Ay\u00fadenme a salir y a seguir construyendo m\u00e1s barrios, m\u00e1s lugares, m\u00e1s cosas lindas. Nos falta mucho por hacer, pero nos hace falta m\u00e1s unidad entre ustedes\u201d, presion\u00f3 el piquetero chaque\u00f1o, para obtener el apoyo su p\u00fablico.<br><strong><br>Sergio Berni puso en duda la relaci\u00f3n entre Emerenciano Sena y Jorge Capitanich<\/strong><\/p>\n\n\n\n<p>El ministro de Seguridad bonaerense Sergio Berni puso en duda el v\u00ednculo entre el gobernador de Chaco, Jorge Capitanich, y Emerenciano Sena, el l\u00edder piquetero detenido en Chaco en el marco de la investigaci\u00f3n del presunto femicidio de Cecilia Strzyzowski.<\/p>\n\n\n\n<p>\u201cLo que pas\u00f3 en el Chaco es que nadie puede especular, hubo un femicidio. Habr\u00eda que ver si Emerenciano Sena ten\u00eda relaci\u00f3n con Capitanich\u201d, sostuvo en di\u00e1logo con Radio Mitre. \u201cCompartir una lista con Emerenciano Sena no convierte al gobernador del Chaco en un homicida\u201d, agreg\u00f3.<\/p>\n\n\n\n<p>En ese sentido, el candidato a senador indic\u00f3 que cuando hace 20 a\u00f1os asumi\u00f3 al mando del Ministerio de Desarrollo Social, bajo la presidencia de N\u00e9stor Kirchner, tuvo v\u00ednculo con Sena por sus funciones.&nbsp;<strong>\u201cYo lo conozco a Emerenciano y lo combat\u00ed, cuando estaba en Desarrollo Social cortaba todos los d\u00edas el puente de Chaco\u201d.<\/strong>&nbsp;No hay que acusarlo a Capitanich de homicida\u201d, insisti\u00f3 Berni.&nbsp;<\/p>\n","protected":false},"excerpt":{"rendered":"<p>Este viernes, a casi dos meses de la desaparici\u00f3n de Cecilia Strzyzowski, se conoci\u00f3 un estremecedor audio que envi\u00f3 Emerenciano Sena&nbsp;desde la c\u00e1rcel a sus militantes pol\u00edticos. En el mensaje, los amenaza para que pinten carteles en muestra de apoyo y pidan por su libertad. Adem\u00e1s, asegur\u00f3 que a los que no sigan sus ordenanzas<a class=\"read-more\" href=\"https:\/\/elfederalmendoza.com.ar\/index.php\/2023\/07\/28\/feroz-amenaza-del-lider-del-clan-sena-a-sus-militantes-tienen-que-pintar-libertad-para-emerenciano\/\"> [&hellip;]<\/a><\/p>\n","protected":false},"author":2,"featured_media":25669,"comment_status":"open","ping_status":"open","sticky":false,"template":"","format":"standard","meta":{"footnotes":""},"categories":[5618],"tags":[],"class_list":["post-25668","post","type-post","status-publish","format-standard","has-post-thumbnail","hentry","category-arg"],"rttpg_featured_image_url":{"full":["https:\/\/elfederalmendoza.com.ar\/wp-content\/uploads\/2023\/07\/WhatsApp-Image-2023-07-28-at-17.23.40.jpeg",767,430,false],"landscape":["https:\/\/elfederalmendoza.com.ar\/wp-content\/uploads\/2023\/07\/WhatsApp-Image-2023-07-28-at-17.23.40.jpeg",767,430,false],"portraits":["https:\/\/elfederalmendoza.com.ar\/wp-content\/uploads\/2023\/07\/WhatsApp-Image-2023-07-28-at-17.23.40.jpeg",767,430,false],"thumbnail":["https:\/\/elfederalmendoza.com.ar\/wp-content\/uploads\/2023\/07\/WhatsApp-Image-2023-07-28-at-17.23.40-150x150.jpeg",150,150,true],"medium":["https:\/\/elfederalmendoza.com.ar\/wp-content\/uploads\/2023\/07\/WhatsApp-Image-2023-07-28-at-17.23.40-300x168.jpeg",300,168,true],"large":["https:\/\/elfederalmendoza.com.ar\/wp-content\/uploads\/2023\/07\/WhatsApp-Image-2023-07-28-at-17.23.40.jpeg",640,359,false],"1536x1536":["https:\/\/elfederalmendoza.com.ar\/wp-content\/uploads\/2023\/07\/WhatsApp-Image-2023-07-28-at-17.23.40.jpeg",767,430,false],"2048x2048":["https:\/\/elfederalmendoza.com.ar\/wp-content\/uploads\/2023\/07\/WhatsApp-Image-2023-07-28-at-17.23.40.jpeg",767,430,false],"ultp_layout_landscape_large":["https:\/\/elfederalmendoza.com.ar\/wp-content\/uploads\/2023\/07\/WhatsApp-Image-2023-07-28-at-17.23.40.jpeg",767,430,false],"ultp_layout_landscape":["https:\/\/elfederalmendoza.com.ar\/wp-content\/uploads\/2023\/07\/WhatsApp-Image-2023-07-28-at-17.23.40.jpeg",767,430,false],"ultp_layout_portrait":["https:\/\/elfederalmendoza.com.ar\/wp-content\/uploads\/2023\/07\/WhatsApp-Image-2023-07-28-at-17.23.40-600x430.jpeg",600,430,true],"ultp_layout_square":["https:\/\/elfederalmendoza.com.ar\/wp-content\/uploads\/2023\/07\/WhatsApp-Image-2023-07-28-at-17.23.40-600x430.jpeg",600,430,true],"rpwe-thumbnail":["https:\/\/elfederalmendoza.com.ar\/wp-content\/uploads\/2023\/07\/WhatsApp-Image-2023-07-28-at-17.23.40-45x45.jpeg",45,45,true],"advps-thumb-one":["https:\/\/elfederalmendoza.com.ar\/wp-content\/uploads\/2023\/07\/WhatsApp-Image-2023-07-28-at-17.23.40-767x420.jpeg",767,420,true]},"rttpg_author":{"display_name":"Redacci\u00f3n El Federal","author_link":"https:\/\/elfederalmendoza.com.ar\/index.php\/author\/angelflores\/"},"rttpg_comment":0,"rttpg_category":"<a href=\"https:\/\/elfederalmendoza.com.ar\/index.php\/category\/arg\/\" rel=\"category tag\">Argentina<\/a>","rttpg_excerpt":"Este viernes, a casi dos meses de la desaparici\u00f3n de Cecilia Strzyzowski, se conoci\u00f3 un estremecedor audio que envi\u00f3 Emerenciano Sena&nbsp;desde la c\u00e1rcel a sus militantes pol\u00edticos. En el mensaje, los amenaza para que pinten carteles en muestra de apoyo y pidan por su libertad. Adem\u00e1s, asegur\u00f3 que a los que no sigan sus ordenanzas&hellip;","_links":{"self":[{"href":"https:\/\/elfederalmendoza.com.ar\/index.php\/wp-json\/wp\/v2\/posts\/25668","targetHints":{"allow":["GET"]}}],"collection":[{"href":"https:\/\/elfederalmendoza.com.ar\/index.php\/wp-json\/wp\/v2\/posts"}],"about":[{"href":"https:\/\/elfederalmendoza.com.ar\/index.php\/wp-json\/wp\/v2\/types\/post"}],"author":[{"embeddable":true,"href":"https:\/\/elfederalmendoza.com.ar\/index.php\/wp-json\/wp\/v2\/users\/2"}],"replies":[{"embeddable":true,"href":"https:\/\/elfederalmendoza.com.ar\/index.php\/wp-json\/wp\/v2\/comments?post=25668"}],"version-history":[{"count":1,"href":"https:\/\/elfederalmendoza.com.ar\/index.php\/wp-json\/wp\/v2\/posts\/25668\/revisions"}],"predecessor-version":[{"id":25671,"href":"https:\/\/elfederalmendoza.com.ar\/index.php\/wp-json\/wp\/v2\/posts\/25668\/revisions\/25671"}],"wp:featuredmedia":[{"embeddable":true,"href":"https:\/\/elfederalmendoza.com.ar\/index.php\/wp-json\/wp\/v2\/media\/25669"}],"wp:attachment":[{"href":"https:\/\/elfederalmendoza.com.ar\/index.php\/wp-json\/wp\/v2\/media?parent=25668"}],"wp:term":[{"taxonomy":"category","embeddable":true,"href":"https:\/\/elfederalmendoza.com.ar\/index.php\/wp-json\/wp\/v2\/categories?post=25668"},{"taxonomy":"post_tag","embeddable":true,"href":"https:\/\/elfederalmendoza.com.ar\/index.php\/wp-json\/wp\/v2\/tags?post=25668"}],"curies":[{"name":"wp","href":"https:\/\/api.w.org\/{rel}","templated":true}]}}