{"id":25706,"date":"2023-07-29T13:37:21","date_gmt":"2023-07-29T16:37:21","guid":{"rendered":"https:\/\/elfederalmendoza.com\/?p=25706"},"modified":"2023-07-29T13:37:22","modified_gmt":"2023-07-29T16:37:22","slug":"en-medio-de-una-feroz-interna-sergio-massa-cancelo-una-caravana-en-la-matanza-los-van-a-insultar-como-le-sucede-a-espinoza-cuando-sale-a-la-calle","status":"publish","type":"post","link":"https:\/\/elfederalmendoza.com.ar\/index.php\/2023\/07\/29\/en-medio-de-una-feroz-interna-sergio-massa-cancelo-una-caravana-en-la-matanza-los-van-a-insultar-como-le-sucede-a-espinoza-cuando-sale-a-la-calle\/","title":{"rendered":"En medio de una feroz interna, Sergio Massa cancel\u00f3 una caravana en La Matanza: \u00abLos van a insultar, como le sucede a Espinoza cuando sale a la calle\u00bb"},"content":{"rendered":"\n<p>Dicen que la decisi\u00f3n fue producto de la atribulada agenda del candidato presidencial <strong>Sergio Massa<\/strong>, <strong>que extender\u00e1 su estad\u00eda en Tucum\u00e1n<\/strong>. Sin embargo, el oficialismo decidi\u00f3 postergar hasta nuevo aviso la caravana militante prevista para este s\u00e1bado en <strong>La Matanza<\/strong>, el mayor distrito electoral de la Provincia, qued\u00f3 envuelta en la preocupaci\u00f3n que genera la interna en el municipio m\u00e1s poblado del pa\u00eds, <strong>donde el Movimiento Evita busca desbancar al actual intendente.<\/strong><\/p>\n\n\n\n<p>El ministro de Econom\u00eda ten\u00eda previsto recorrer el municipio gobernado por<strong> Fernando Espinoza<\/strong> junto al gobernador Axel Kicillof y una docena de intendentes de la primera y la tercera secci\u00f3n electoral, en lo que ser\u00eda una reedici\u00f3n de la caravana militante que protagonizaron Cristina Kirchner en 2017 y Alberto Fern\u00e1ndez en 2019.<br><strong><br>\u00abNo hay condiciones para que vaya a una caravana en el medio de una interna \u00bfA qui\u00e9n se le ocurre?\u00bb,<\/strong>\u00a0grafic\u00f3 un dirigente pol\u00edtico que estuvo cerca de Massa en las \u00faltimas horas a prop\u00f3sito de la guerra abierta entre Espinoza y el Evita. \u00a0<\/p>\n\n\n\n<p><strong>En Uni\u00f3n por la Patria adujeron oficialmente \u00abproblemas de agenda del candidato\u00bb, que avis\u00f3 que permanecer\u00eda m\u00e1s tiempo en Tucum\u00e1n,&nbsp;<\/strong>el \u00faltimo destino de su mini-gira federal que tambi\u00e9n lo llev\u00f3 a San Juan y La Rioja. \u00abSumamos actividades y por eso no llegamos\u00bb , explicaron cerca del candidato presidencial.<\/p>\n\n\n\n<p>En el comando de campa\u00f1a nacional de UxP aseguran que la caravana se har\u00e1 de todos modos, pero admiten que es posible el candidato no llegue. En el peronismo bonaerense sostienen que no tendr\u00eda ning\u00fan sentido movilizarse sin Massa. <strong>\u00abSobre todo porque el m\u00e1s animado era \u00e9l\u00bb<\/strong>, se\u00f1alan dirigentes que estuvieron involucrados en la organizaci\u00f3n del acto, que se extender\u00edan durante cinco horas por Gonz\u00e1lez Cat\u00e1n.<\/p>\n\n\n\n<p><strong>La idea de la caravana gener\u00f3 malestar en el Movimiento Evita <\/strong>que postula en La Matanza a la diputada provincia <strong>Patricia Cubr\u00eda<\/strong>, esposa de <strong>Emilio P\u00e9rsico<\/strong>, jefe de la organizaci\u00f3n social. \u00abEs una l\u00e1stima que vayan a tener que volver cuando ganemos nosotros. Me da pena que acompa\u00f1en a un dirigente que est\u00e1 mal visto y va a perder. Tenemos paciencia para que se acomoden los melones\u00bb, hab\u00eda dicho Cubr\u00eda a Clar\u00edn 24 horas antes de que se conociera la decisi\u00f3n de suspender el acto.<\/p>\n\n\n\n<p>En el Evita, que est\u00e1n encolumnados detr\u00e1s de la candidatura de Massa, hab\u00edan advertido que s\u00ed movilizar\u00edan a sus militantes para respaldar a sus candidatos para la presidencia y la gobernaci\u00f3n. Sin embargo, quienes prefieren estar lejos de Espinoza se\u00f1alaban que las figuras del oficialismo que visitar\u00edan La Matanza -entre los que tambi\u00e9n se contar\u00edan Agust\u00edn Rossi y Wado de Pedro- se expon\u00edan a agravios como los que sufrieron los opositores Horacio Rodr\u00edguez Larreta y Diego Santilli en sus recorridos.<strong> \u00abLos van a insultar, como le sucede a Espinoza cuando sale a la calle. Es una l\u00e1stima que les transfiera esa bronca a los candidatos nacionales\u00bb<\/strong>, se\u00f1alaban.<\/p>\n\n\n\n<p>Tras la cancelaci\u00f3n del acto, dirigentes cercanos al referente del Evita y funcionario con despacho en la Rosada, Fernando \u00abChino\u00bb Navarro, que adem\u00e1s es jefe de campa\u00f1a de Cubr\u00eda, argumentaban que la cancelaci\u00f3n del acto en realidad tuvo que ver con las encuestas que dan a Cubr\u00eda muy cerca de Espinoza. \u00abSergio no se quer\u00eda mostrar con un candidato que tal vez no gane\u00bb, insist\u00edan. En La Matanza rechazan esas versiones y recuerdan que el ministro de Econom\u00eda estuvo 2 veces en las \u00faltimas 2 semanas con el intendente en el distrito.<\/p>\n\n\n\n<p>Desde la gobernaci\u00f3n bonaerense no hubo confirmaciones oficiales sobre la realizaci\u00f3n de la caravana y la asistencia del gobernador, pero desde la ma\u00f1ana hab\u00eda \u00abreuniones\u00bb para definir los pasos a seguir.<\/p>\n\n\n\n<p>Entre los organizadores del acto -que el mi\u00e9rcoles por la noche se dieron cita en La Plata- negaron que la suspensi\u00f3n de la caravana militante se deba a la interna peronista en La Matanza, que el a\u00f1o pasado qued\u00f3 enmarcada en denuncias policiales por amenazas. \u00abSe va a hacer, solo es una postergaci\u00f3n\u00bb, dec\u00edan.<\/p>\n\n\n\n<p>Entre las bases del Evita hay malestar por el destrato de la campa\u00f1a de UxP. Esta semana Leonardo Grosso denunci\u00f3 que le bajaron carteles en San Mart\u00edn, donde se postula el delf\u00edn de Gabriel Katopodis, Fernando Moreira, que ya recibi\u00f3 el apoyo de Massa. El jueves tambi\u00e9n se dio de baja la boleta de la dirigente evitista Natalia Peluso en Ituzaingo, municipio donde ese mismo d\u00eda estuvo Massa con el intendente local Alberto Descalzo y su hijo Pablo, que aspira a sucederlo. \/Clar\u00edn<\/p>\n","protected":false},"excerpt":{"rendered":"<p>Dicen que la decisi\u00f3n fue producto de la atribulada agenda del candidato presidencial Sergio Massa, que extender\u00e1 su estad\u00eda en Tucum\u00e1n. Sin embargo, el oficialismo decidi\u00f3 postergar hasta nuevo aviso la caravana militante prevista para este s\u00e1bado en La Matanza, el mayor distrito electoral de la Provincia, qued\u00f3 envuelta en la preocupaci\u00f3n que genera la<a class=\"read-more\" href=\"https:\/\/elfederalmendoza.com.ar\/index.php\/2023\/07\/29\/en-medio-de-una-feroz-interna-sergio-massa-cancelo-una-caravana-en-la-matanza-los-van-a-insultar-como-le-sucede-a-espinoza-cuando-sale-a-la-calle\/\"> [&hellip;]<\/a><\/p>\n","protected":false},"author":2,"featured_media":25708,"comment_status":"open","ping_status":"open","sticky":false,"template":"","format":"standard","meta":{"footnotes":""},"categories":[5618],"tags":[],"class_list":["post-25706","post","type-post","status-publish","format-standard","has-post-thumbnail","hentry","category-arg"],"rttpg_featured_image_url":{"full":["https:\/\/elfederalmendoza.com.ar\/wp-content\/uploads\/2023\/07\/massa-espinosa1.jpg",917,605,false],"landscape":["https:\/\/elfederalmendoza.com.ar\/wp-content\/uploads\/2023\/07\/massa-espinosa1.jpg",917,605,false],"portraits":["https:\/\/elfederalmendoza.com.ar\/wp-content\/uploads\/2023\/07\/massa-espinosa1.jpg",917,605,false],"thumbnail":["https:\/\/elfederalmendoza.com.ar\/wp-content\/uploads\/2023\/07\/massa-espinosa1-150x150.jpg",150,150,true],"medium":["https:\/\/elfederalmendoza.com.ar\/wp-content\/uploads\/2023\/07\/massa-espinosa1-300x198.jpg",300,198,true],"large":["https:\/\/elfederalmendoza.com.ar\/wp-content\/uploads\/2023\/07\/massa-espinosa1.jpg",640,422,false],"1536x1536":["https:\/\/elfederalmendoza.com.ar\/wp-content\/uploads\/2023\/07\/massa-espinosa1.jpg",917,605,false],"2048x2048":["https:\/\/elfederalmendoza.com.ar\/wp-content\/uploads\/2023\/07\/massa-espinosa1.jpg",917,605,false],"ultp_layout_landscape_large":["https:\/\/elfederalmendoza.com.ar\/wp-content\/uploads\/2023\/07\/massa-espinosa1.jpg",917,605,false],"ultp_layout_landscape":["https:\/\/elfederalmendoza.com.ar\/wp-content\/uploads\/2023\/07\/massa-espinosa1-870x570.jpg",870,570,true],"ultp_layout_portrait":["https:\/\/elfederalmendoza.com.ar\/wp-content\/uploads\/2023\/07\/massa-espinosa1-600x605.jpg",600,605,true],"ultp_layout_square":["https:\/\/elfederalmendoza.com.ar\/wp-content\/uploads\/2023\/07\/massa-espinosa1-600x600.jpg",600,600,true],"rpwe-thumbnail":["https:\/\/elfederalmendoza.com.ar\/wp-content\/uploads\/2023\/07\/massa-espinosa1-45x45.jpg",45,45,true],"advps-thumb-one":["https:\/\/elfederalmendoza.com.ar\/wp-content\/uploads\/2023\/07\/massa-espinosa1-917x420.jpg",917,420,true]},"rttpg_author":{"display_name":"Redacci\u00f3n El Federal","author_link":"https:\/\/elfederalmendoza.com.ar\/index.php\/author\/angelflores\/"},"rttpg_comment":0,"rttpg_category":"<a href=\"https:\/\/elfederalmendoza.com.ar\/index.php\/category\/arg\/\" rel=\"category tag\">Argentina<\/a>","rttpg_excerpt":"Dicen que la decisi\u00f3n fue producto de la atribulada agenda del candidato presidencial Sergio Massa, que extender\u00e1 su estad\u00eda en Tucum\u00e1n. Sin embargo, el oficialismo decidi\u00f3 postergar hasta nuevo aviso la caravana militante prevista para este s\u00e1bado en La Matanza, el mayor distrito electoral de la Provincia, qued\u00f3 envuelta en la preocupaci\u00f3n que genera la&hellip;","_links":{"self":[{"href":"https:\/\/elfederalmendoza.com.ar\/index.php\/wp-json\/wp\/v2\/posts\/25706","targetHints":{"allow":["GET"]}}],"collection":[{"href":"https:\/\/elfederalmendoza.com.ar\/index.php\/wp-json\/wp\/v2\/posts"}],"about":[{"href":"https:\/\/elfederalmendoza.com.ar\/index.php\/wp-json\/wp\/v2\/types\/post"}],"author":[{"embeddable":true,"href":"https:\/\/elfederalmendoza.com.ar\/index.php\/wp-json\/wp\/v2\/users\/2"}],"replies":[{"embeddable":true,"href":"https:\/\/elfederalmendoza.com.ar\/index.php\/wp-json\/wp\/v2\/comments?post=25706"}],"version-history":[{"count":1,"href":"https:\/\/elfederalmendoza.com.ar\/index.php\/wp-json\/wp\/v2\/posts\/25706\/revisions"}],"predecessor-version":[{"id":25709,"href":"https:\/\/elfederalmendoza.com.ar\/index.php\/wp-json\/wp\/v2\/posts\/25706\/revisions\/25709"}],"wp:featuredmedia":[{"embeddable":true,"href":"https:\/\/elfederalmendoza.com.ar\/index.php\/wp-json\/wp\/v2\/media\/25708"}],"wp:attachment":[{"href":"https:\/\/elfederalmendoza.com.ar\/index.php\/wp-json\/wp\/v2\/media?parent=25706"}],"wp:term":[{"taxonomy":"category","embeddable":true,"href":"https:\/\/elfederalmendoza.com.ar\/index.php\/wp-json\/wp\/v2\/categories?post=25706"},{"taxonomy":"post_tag","embeddable":true,"href":"https:\/\/elfederalmendoza.com.ar\/index.php\/wp-json\/wp\/v2\/tags?post=25706"}],"curies":[{"name":"wp","href":"https:\/\/api.w.org\/{rel}","templated":true}]}}