{"id":25721,"date":"2023-07-31T07:21:33","date_gmt":"2023-07-31T10:21:33","guid":{"rendered":"https:\/\/elfederalmendoza.com\/?p=25721"},"modified":"2023-07-31T07:21:36","modified_gmt":"2023-07-31T10:21:36","slug":"ganadores-y-perdedores-de-las-18-elecciones-previas-a-las-paso-mapa-nombres-resultados-y-escenarios","status":"publish","type":"post","link":"https:\/\/elfederalmendoza.com.ar\/index.php\/2023\/07\/31\/ganadores-y-perdedores-de-las-18-elecciones-previas-a-las-paso-mapa-nombres-resultados-y-escenarios\/","title":{"rendered":"Ganadores y perdedores de las 18 elecciones previas a las PASO: mapa, nombres, resultados y escenarios"},"content":{"rendered":"\n<p><strong>Chubut fue el octavo triunfo de Juntos por el Cambio y la cuarta provincia donde cae la hegemon\u00eda del PJ<\/strong>. <\/p>\n\n\n\n<p>El oficialismo gan\u00f3 en 5 y en dos aliadas. Los casos de C\u00f3rdoba y Neuqu\u00e9n. JxC cosech\u00f3 cerca de un mill\u00f3n de sufragios m\u00e1s. Milei no incidi\u00f3. <strong>Y hubo casi un mill\u00f3n de votos en blanco y anulados y mucho m\u00e1s ausentismo.<\/strong><\/p>\n\n\n\n<p><img loading=\"lazy\" decoding=\"async\" alt=\"Una por una. Las 18 provincias donde hubo elecciones a gobernador. En Santa Fe, Mendoza y Chaco hubo PASO. En Corrientes, legislativas locales (infograf\u00eda Marcelo Regalado)\" height=\"1920\" width=\"1920\" src=\"https:\/\/www.infobae.com\/new-resizer\/JAqsZsk8m5Z4TDuJLAVqpv3nhCM=\/arc-anglerfish-arc2-prod-infobae\/public\/NFXEPKBCANGCPEPARRWEZRVJBA.jpg\" srcset=\"https:\/\/www.infobae.com\/new-resizer\/oGSYEUZ8s664fvVhz_FU2JAgZFU=\/420x420\/filters:format(webp):quality(85)\/cloudfront-us-east-1.images.arcpublishing.com\/infobae\/NFXEPKBCANGCPEPARRWEZRVJBA.jpg 420w,https:\/\/www.infobae.com\/new-resizer\/wgD9NaWE6cckXzTLRHcZvoCzq4c=\/768x768\/filters:format(webp):quality(85)\/cloudfront-us-east-1.images.arcpublishing.com\/infobae\/NFXEPKBCANGCPEPARRWEZRVJBA.jpg 768w,https:\/\/www.infobae.com\/new-resizer\/1LYD8T5k2nG41oxzMFmZFHAfacg=\/992x992\/filters:format(webp):quality(85)\/cloudfront-us-east-1.images.arcpublishing.com\/infobae\/NFXEPKBCANGCPEPARRWEZRVJBA.jpg 992w,https:\/\/www.infobae.com\/new-resizer\/AXbdpF19aKDI5iEEuhCpMXDy5cU=\/1200x1200\/filters:format(webp):quality(85)\/cloudfront-us-east-1.images.arcpublishing.com\/infobae\/NFXEPKBCANGCPEPARRWEZRVJBA.jpg 1200w,https:\/\/www.infobae.com\/new-resizer\/29c2ar-lFbBVS41oIhQCwCPxwtQ=\/1440x1440\/filters:format(webp):quality(85)\/cloudfront-us-east-1.images.arcpublishing.com\/infobae\/NFXEPKBCANGCPEPARRWEZRVJBA.jpg 1440w\">Una por una. Las 18 provincias donde hubo elecciones a gobernador. En Santa Fe, Mendoza y Chaco hubo PASO. En Corrientes, legislativas locales (infograf\u00eda Marcelo Regalado)<\/p>\n\n\n\n<p>Chubut fue el final de una larga y agotadora seguidilla de 18 elecciones que oficiaron de antesala del primer plato fuerte electoral que tiene este 2023: las Primarias Abiertas, Simult\u00e1neas y Obligatorias del 13 de agosto. A dos semanas de ese evento decisivo, es oportuno hacer un recorrido y un balance de lo que ocurri\u00f3 en las provincias que decidieron separar sus comicios de la suerte nacional. La mayor\u00eda de los gobernadores -tanto del peronismo, como de Juntos por el Cambio y los \u201cindependientes\u201d o neutrales- decidieron despegarse de la disputa nacional.<\/p>\n\n\n\n<p>Esos comicios dejaron fotos que si bien no necesariamente se repetir\u00e1n en las PASO, pueden ser tomadas en cuenta como parte de una misma pel\u00edcula. \u00bfSe pueden sacar conclusiones? Analistas pol\u00edticos, encuestadores y expertos consultados por&nbsp;<strong>Infobae<\/strong>&nbsp;respondieron con un rotundo no, pero admitieron que son indicios que pueden estar anticipando escenarios.<\/p>\n\n\n\n<p>La victoria de anoche del senador&nbsp;<strong>Ignacio \u201cNacho\u201d Torres&nbsp;<\/strong>(PRO) frente al peronista<strong>&nbsp;Juan Pablo Luque&nbsp;<\/strong>en Chubut repiti\u00f3 una escena que se vio otras tres veces este a\u00f1o: el PJ perdiendo la hegemon\u00eda en una provincia. En esa l\u00ednea se pueden inscribirse a San Luis de los Rodr\u00edguez Sa\u00e1, San Juan de los U\u00f1ac-Gioja; y Chaco de Jorge Capitanich. Y tambi\u00e9n la ca\u00edda ruidosa del caudillismo de&nbsp;<strong>Jorge Sapag&nbsp;<\/strong>en Neuqu\u00e9n.<\/p>\n\n\n\n<p><img loading=\"lazy\" decoding=\"async\" alt=\"Patricia Bullrich y Horacio Rodr\u00edguez Larreta acompa\u00f1aron a Ignacio Torres en los festejos por la victoria ante el peronismo de Chubut\" height=\"1200\" width=\"1600\" src=\"https:\/\/www.infobae.com\/new-resizer\/wLkUZWi6Sma3NvE42RY4ua1tJjk=\/arc-anglerfish-arc2-prod-infobae\/public\/QANCWFH6TZGLXPVYYGELVVPKWU.jpeg\" srcset=\"https:\/\/www.infobae.com\/new-resizer\/iZB5fpchf86R1ylwW6hSSIyFHXU=\/420x315\/filters:format(webp):quality(85)\/cloudfront-us-east-1.images.arcpublishing.com\/infobae\/QANCWFH6TZGLXPVYYGELVVPKWU.jpeg 420w,https:\/\/www.infobae.com\/new-resizer\/StjEW9RhT8fbt3pdJjnLW41sVpY=\/768x576\/filters:format(webp):quality(85)\/cloudfront-us-east-1.images.arcpublishing.com\/infobae\/QANCWFH6TZGLXPVYYGELVVPKWU.jpeg 768w,https:\/\/www.infobae.com\/new-resizer\/Pid5rsEM6_fcfQElGq60ZJxytxA=\/992x744\/filters:format(webp):quality(85)\/cloudfront-us-east-1.images.arcpublishing.com\/infobae\/QANCWFH6TZGLXPVYYGELVVPKWU.jpeg 992w,https:\/\/www.infobae.com\/new-resizer\/tp89URIgTCnCAAmXpx9VFebFq_g=\/1200x900\/filters:format(webp):quality(85)\/cloudfront-us-east-1.images.arcpublishing.com\/infobae\/QANCWFH6TZGLXPVYYGELVVPKWU.jpeg 1200w,https:\/\/www.infobae.com\/new-resizer\/1GpxkLtYr5gL1rnLd88OaFPEHdE=\/1440x1080\/filters:format(webp):quality(85)\/cloudfront-us-east-1.images.arcpublishing.com\/infobae\/QANCWFH6TZGLXPVYYGELVVPKWU.jpeg 1440w\">Patricia Bullrich y Horacio Rodr\u00edguez Larreta acompa\u00f1aron a Ignacio Torres en los festejos por la victoria ante el peronismo de Chubut<\/p>\n\n\n\n<p>Es uno de los trazos gruesos que deja la elecci\u00f3n, pero no el \u00fanico. Hay otros iguales o a\u00fan m\u00e1s importantes: de acuerdo a los resultados y en base a una revisi\u00f3n que hizo&nbsp;<strong>Infobae&nbsp;<\/strong>de las planillas de los escrutinios definitivos de cada una de las elecciones (a excepci\u00f3n de Chubut, porque anoche terminaban el recuento provisorio) se pueden sacar conclusiones significativas.<\/p>\n\n\n\n<p>Los candidatos del PJ obtuvieron cerca de 3.700.00 votos, entre candidatos propios y aliados; mientras que los de Juntos por el Cambio lograron en torno a los 4.700.000. Esa diferencia a favor de la oposici\u00f3n coincide con dos datos simult\u00e1neos que alteran el escenario general. Hubo cerca de un mill\u00f3n de votos blancos y anulados y un aumento sustancial del ausentismo: en concreto, muchos argentinos dejaron de ir a votar.<\/p>\n\n\n\n<p>En la cuenta general de las coaliciones, los votos de los que ganaron en Misiones, Salta y R\u00edo Negro -tres aliados del oficialismo- se sumaron a Uni\u00f3n por la Patria, mientras que a JxC se le adicionaron los de De Marchi de Mendoza. Quedan \u201csueltos\u201d los 870.000 que votaron por&nbsp;<strong>Mart\u00edn Llaryora<\/strong>, en C\u00f3rdoba, que se descuentan que elegir\u00e1n mayoritariamente a&nbsp;<strong>Juan Schiaretti<\/strong>, el actual mandatario y que se postula a presidente. Tampoco fueron asignados a ninguna de las dos coaliciones nacionales los 285 mil votos de los dos candidatos m\u00e1s votados de Neuqu\u00e9n.<\/p>\n\n\n\n<p>En las 18 elecciones estuvieron habilitados para votar cerca de 17 millones de argentinos, que representan poco menos de la mitad del total del padr\u00f3n total. En la mayor\u00eda se eligieron gobernador, pero en Santa Fe, Mendoza y Chaco hubo PASO y en Corrientes una elecci\u00f3n a cargos legislativos locales. Quedaron afuera tres distritos que no fueron a las urnas y que tienen peso decisivo: la provincia de Buenos Aires, la Capital Federal y Entre R\u00edos. Con menos caudal de votantes, pero tambi\u00e9n clave, los que viven en Santa Cruz y en Catamarca tambi\u00e9n votar\u00e1n por primera vez este a\u00f1o.<\/p>\n\n\n\n<h2 class=\"wp-block-heading\">Un resumen de las 18 elecciones<\/h2>\n\n\n\n<h2 class=\"wp-block-heading\">1- Chubut, 30 de julio &#8211; Juntos por el Cambio<\/h2>\n\n\n\n<p><img loading=\"lazy\" decoding=\"async\" alt=\"El senador Ignacio &quot;Nacho&quot; Torres se impuso contra el intendente Juan Pablo Luque.\" height=\"1080\" width=\"1920\" src=\"https:\/\/www.infobae.com\/new-resizer\/9Je6vGVve4iL5mLH_ma5BjCma_4=\/arc-anglerfish-arc2-prod-infobae\/public\/6LB5N6QB25E7BBEJX747IQXXZI.jpg\" srcset=\"https:\/\/www.infobae.com\/new-resizer\/RCLZUhykr_RiSZeKjW1hwxemW6g=\/420x236\/filters:format(webp):quality(85)\/cloudfront-us-east-1.images.arcpublishing.com\/infobae\/6LB5N6QB25E7BBEJX747IQXXZI.jpg 420w,https:\/\/www.infobae.com\/new-resizer\/Vb1CALmq-wW4gRdP-X-_oukyL5Q=\/768x432\/filters:format(webp):quality(85)\/cloudfront-us-east-1.images.arcpublishing.com\/infobae\/6LB5N6QB25E7BBEJX747IQXXZI.jpg 768w,https:\/\/www.infobae.com\/new-resizer\/smapRDC0WAsWMo0hop0w2mUusJE=\/992x558\/filters:format(webp):quality(85)\/cloudfront-us-east-1.images.arcpublishing.com\/infobae\/6LB5N6QB25E7BBEJX747IQXXZI.jpg 992w,https:\/\/www.infobae.com\/new-resizer\/Q5zKKQNamewmNs_H-Opi652TKuo=\/1200x675\/filters:format(webp):quality(85)\/cloudfront-us-east-1.images.arcpublishing.com\/infobae\/6LB5N6QB25E7BBEJX747IQXXZI.jpg 1200w,https:\/\/www.infobae.com\/new-resizer\/MheW8bdOT5e4fQ3kTFGBfw9aRXM=\/1440x810\/filters:format(webp):quality(85)\/cloudfront-us-east-1.images.arcpublishing.com\/infobae\/6LB5N6QB25E7BBEJX747IQXXZI.jpg 1440w\">El senador Ignacio \u00abNacho\u00bb Torres se impuso contra el intendente Juan Pablo Luque.<\/p>\n\n\n\n<p><strong>Padr\u00f3n electoral nacional: 474.242 ciudadanos habilitados para votar (1,34%).<\/strong><\/p>\n\n\n\n<p>a- Gan\u00f3 Ignacio \u201cNacho Torres. Obten\u00eda cerca de 116.000 votos (35,76%).<\/p>\n\n\n\n<p>b- Perdi\u00f3 Juan Pablo Luque (PJ). Lograba unos 111.000 votos (34,11%).<\/p>\n\n\n\n<p>c- Blancos y nulos: cerca de 34.000.<\/p>\n\n\n\n<p>d- Tercera fuerza se consolidaba el libertario C\u00e9sar Treffinger, con 41.013 votos (13,18%).<\/p>\n\n\n\n<p>e- Participaci\u00f3n: 66%.<\/p>\n\n\n\n<h2 class=\"wp-block-heading\">2- Santa Fe, 16 de julio &#8211; PASO &#8211; Juntos por el Cambio<\/h2>\n\n\n\n<p><img loading=\"lazy\" decoding=\"async\" alt=\"De izquierda a derecha. Pullaro le gan\u00f3 a Losada y competir\u00e1 con Lewandowski\" height=\"1080\" width=\"1920\" src=\"https:\/\/www.infobae.com\/new-resizer\/D36SvrXYQP73EuazXsaCVxmv6Nk=\/arc-anglerfish-arc2-prod-infobae\/public\/ZGR7SF2ZQFDKPPETORZ4DVENMM.jpg\" srcset=\"https:\/\/www.infobae.com\/new-resizer\/vNQwFkACYshBu5Cr9Rb_G8kOl78=\/420x236\/filters:format(webp):quality(85)\/cloudfront-us-east-1.images.arcpublishing.com\/infobae\/ZGR7SF2ZQFDKPPETORZ4DVENMM.jpg 420w,https:\/\/www.infobae.com\/new-resizer\/97TxGDvc2T10_5wmA7Tuzf4-nJ8=\/768x432\/filters:format(webp):quality(85)\/cloudfront-us-east-1.images.arcpublishing.com\/infobae\/ZGR7SF2ZQFDKPPETORZ4DVENMM.jpg 768w,https:\/\/www.infobae.com\/new-resizer\/FlzYQhQcrhH9Rk59ex4KV57wjY8=\/992x558\/filters:format(webp):quality(85)\/cloudfront-us-east-1.images.arcpublishing.com\/infobae\/ZGR7SF2ZQFDKPPETORZ4DVENMM.jpg 992w,https:\/\/www.infobae.com\/new-resizer\/s7eINtqRV2xMYe51sS7hzj8C5cE=\/1200x675\/filters:format(webp):quality(85)\/cloudfront-us-east-1.images.arcpublishing.com\/infobae\/ZGR7SF2ZQFDKPPETORZ4DVENMM.jpg 1200w,https:\/\/www.infobae.com\/new-resizer\/GvKC_x_MIfPQ7CE3rQbhUB2fYdw=\/1440x810\/filters:format(webp):quality(85)\/cloudfront-us-east-1.images.arcpublishing.com\/infobae\/ZGR7SF2ZQFDKPPETORZ4DVENMM.jpg 1440w\">De izquierda a derecha. Pullaro le gan\u00f3 a Losada y competir\u00e1 con Lewandowski<\/p>\n\n\n\n<p><strong>Padr\u00f3n electoral nacional: 2.818.280 ciudadanos habilitados para votar (7,96%).<\/strong><\/p>\n\n\n\n<p>a- Gan\u00f3 Maximiliano Pullaro (506.277 votos) frente a Carolina Losada (334.517 votos) y M\u00f3nica Fein (139.773 votos). Unidos para Cambiar Santa Fe tuvo 980.567 votos (35,95%).<\/p>\n\n\n\n<p>b- Perdi\u00f3 el peronista Marcelo Lewandowski (279.164 votos), pero se impuso en la interna a Marcos Cleri (63.855 votos), Eduardo Toniolli (48.413 votos), y Leandro Busatto (42.920 votos). El frente justicialista Juntos Avancemos qued\u00f3 segundo con 434.352 votos.<\/p>\n\n\n\n<p>c- Blancos y nulos: 211.332 votos.<\/p>\n\n\n\n<p>d- Tercero qued\u00f3 la izquierda, que cosech\u00f3 42.043 votos.<\/p>\n\n\n\n<p>e- Participaci\u00f3n: 60,6%.<\/p>\n\n\n\n<h2 class=\"wp-block-heading\">3- Formosa, 25 de junio &#8211; Uni\u00f3n por la Patria<\/h2>\n\n\n\n<p><img loading=\"lazy\" decoding=\"async\" alt=\"Gildo Insfr\u00e1n gan\u00f3 por cerca del 70% de los votos y es el gobernador de mayor permanencia en el cargo\" height=\"1366\" width=\"2048\" src=\"https:\/\/www.infobae.com\/new-resizer\/0Ql8y88yaqyg8y1WAtlh01D521k=\/arc-anglerfish-arc2-prod-infobae\/public\/IEUJZF4OK5HXRLBUGOG4D7KX2A.jfif\" srcset=\"https:\/\/www.infobae.com\/new-resizer\/drk_bMin__OmAJPehpemqoUU1qk=\/420x280\/filters:format(webp):quality(85)\/cloudfront-us-east-1.images.arcpublishing.com\/infobae\/IEUJZF4OK5HXRLBUGOG4D7KX2A.jfif 420w,https:\/\/www.infobae.com\/new-resizer\/cssyOy0D-p4JOZiAOIkeDRLFr8g=\/768x512\/filters:format(webp):quality(85)\/cloudfront-us-east-1.images.arcpublishing.com\/infobae\/IEUJZF4OK5HXRLBUGOG4D7KX2A.jfif 768w,https:\/\/www.infobae.com\/new-resizer\/8n7_4BGb5Q47Y9GHYlt5TSCGrM0=\/992x661\/filters:format(webp):quality(85)\/cloudfront-us-east-1.images.arcpublishing.com\/infobae\/IEUJZF4OK5HXRLBUGOG4D7KX2A.jfif 992w,https:\/\/www.infobae.com\/new-resizer\/sU6IclDBHNoNNSoFpnHLLHa3jBw=\/1200x800\/filters:format(webp):quality(85)\/cloudfront-us-east-1.images.arcpublishing.com\/infobae\/IEUJZF4OK5HXRLBUGOG4D7KX2A.jfif 1200w,https:\/\/www.infobae.com\/new-resizer\/D0dqAq3kHG67SNjgc9sx-K3mxqM=\/1440x960\/filters:format(webp):quality(85)\/cloudfront-us-east-1.images.arcpublishing.com\/infobae\/IEUJZF4OK5HXRLBUGOG4D7KX2A.jfif 1440w\">Gildo Insfr\u00e1n gan\u00f3 por cerca del 70% de los votos y es el gobernador de mayor permanencia en el cargo<\/p>\n\n\n\n<p><strong>Padr\u00f3n electoral nacional: 482.602 ciudadanos habilitados para votar (1,36%).<\/strong><\/p>\n\n\n\n<p>a- Gan\u00f3 Gildo Insfr\u00e1n. Tuvo 239.023 votos (69,92%).<\/p>\n\n\n\n<p>b- Perdi\u00f3 Fernando Carbajal (JxC). Tuvo 68.997 votos (20,20%).<\/p>\n\n\n\n<p>c- Blancos y nulos: 21.612 votos.<\/p>\n\n\n\n<p>d- Tercero fue Libertad, Trabajo y Progreso, que tuvo 32.398 votos (9,50%).<\/p>\n\n\n\n<p>e- Participaci\u00f3n: 74,9%.<\/p>\n\n\n\n<p>* En las elecciones nacionales se votar\u00e1 3 senadores nacionales<\/p>\n\n\n\n<h2 class=\"wp-block-heading\">4- C\u00f3rdoba, 25 de junio &#8211; Peronismo &#8211; Independiente<\/h2>\n\n\n\n<p><img loading=\"lazy\" decoding=\"async\" alt=\"Desde la izquierda. Passerini, Schiaretti y Llaryora. El peronismo en C\u00f3rdoba gan\u00f3 todo. (Foto: T\u00e9lam)\" height=\"2283\" width=\"3425\" src=\"https:\/\/www.infobae.com\/new-resizer\/IyYvCfvxAhJPSpb5FTq8B64SDqk=\/arc-anglerfish-arc2-prod-infobae\/public\/KRP3LFW3G5EMHJ6XJ7EUEDVLA4.jpg\" srcset=\"https:\/\/www.infobae.com\/new-resizer\/QeNl-oi7ZMgjwBpR6QzeHXxP354=\/420x280\/filters:format(webp):quality(85)\/cloudfront-us-east-1.images.arcpublishing.com\/infobae\/KRP3LFW3G5EMHJ6XJ7EUEDVLA4.jpg 420w,https:\/\/www.infobae.com\/new-resizer\/cyQxv-SN2nxxzZCD1ZlJQ7PI_D8=\/768x512\/filters:format(webp):quality(85)\/cloudfront-us-east-1.images.arcpublishing.com\/infobae\/KRP3LFW3G5EMHJ6XJ7EUEDVLA4.jpg 768w,https:\/\/www.infobae.com\/new-resizer\/5FqI72YG9oIpAMesqCOfKVK_BtA=\/992x661\/filters:format(webp):quality(85)\/cloudfront-us-east-1.images.arcpublishing.com\/infobae\/KRP3LFW3G5EMHJ6XJ7EUEDVLA4.jpg 992w,https:\/\/www.infobae.com\/new-resizer\/3VnO47Q-N2wHR0CZMkuHhRJsPB0=\/1200x800\/filters:format(webp):quality(85)\/cloudfront-us-east-1.images.arcpublishing.com\/infobae\/KRP3LFW3G5EMHJ6XJ7EUEDVLA4.jpg 1200w,https:\/\/www.infobae.com\/new-resizer\/wfRjh8nD0w2K_lGFMkTeYIpZuDY=\/1440x960\/filters:format(webp):quality(85)\/cloudfront-us-east-1.images.arcpublishing.com\/infobae\/KRP3LFW3G5EMHJ6XJ7EUEDVLA4.jpg 1440w\">Desde la izquierda. Passerini, Schiaretti y Llaryora. El peronismo en C\u00f3rdoba gan\u00f3 todo. (Foto: T\u00e9lam)<\/p>\n\n\n\n<p><strong>Padr\u00f3n electoral nacional: 3.065.088 ciudadanos habilitados para votar (8,66%).<\/strong><\/p>\n\n\n\n<p>a- Gan\u00f3 Mart\u00edn Llaryora (Peronismo de C\u00f3rdoba). Tuvo 870.935 votos (45%).<\/p>\n\n\n\n<p>b- Perdi\u00f3 Luis Juez (JxC). Tuvo 806.541 votos (41,85%).<\/p>\n\n\n\n<p>c- Blancos y nulos: 154.339 votos.<\/p>\n\n\n\n<p>d- La tercera fuerza fue Encuentro Vecinal, que tuvo 60.818 votos.<\/p>\n\n\n\n<p>e- Participaci\u00f3n: 68,2%.<\/p>\n\n\n\n<p><strong>Tambi\u00e9n se eligi\u00f3 intendente en C\u00f3rdoba Capital (23 de julio) &#8211; Peronismo &#8211; Independiente<\/strong><\/p>\n\n\n\n<p><img loading=\"lazy\" decoding=\"async\" alt=\"Rodrigo De Loredo reconoci\u00f3 la derrota ante Passerini. Estuvo con Larreta y Bullrich\" height=\"1080\" width=\"1920\" src=\"https:\/\/www.infobae.com\/new-resizer\/3L-Pe3EqelVWcfag6JEytzFVbdw=\/arc-anglerfish-arc2-prod-infobae\/public\/5CYN6O34NRHUXMBEQTEWR7JGDQ.jpg\" srcset=\"https:\/\/www.infobae.com\/new-resizer\/7k_HtVyy-G0ubHsEE_QCfCBxW_g=\/420x236\/filters:format(webp):quality(85)\/cloudfront-us-east-1.images.arcpublishing.com\/infobae\/5CYN6O34NRHUXMBEQTEWR7JGDQ.jpg 420w,https:\/\/www.infobae.com\/new-resizer\/yfqyVgRl4i-mpvyLqpN9e4CGAIk=\/768x432\/filters:format(webp):quality(85)\/cloudfront-us-east-1.images.arcpublishing.com\/infobae\/5CYN6O34NRHUXMBEQTEWR7JGDQ.jpg 768w,https:\/\/www.infobae.com\/new-resizer\/Zn5O1Tbdgs7IMaFiU2MHfUhhIM8=\/992x558\/filters:format(webp):quality(85)\/cloudfront-us-east-1.images.arcpublishing.com\/infobae\/5CYN6O34NRHUXMBEQTEWR7JGDQ.jpg 992w,https:\/\/www.infobae.com\/new-resizer\/lhGzX3N0tZcwfuqsARMWlpfHT_Y=\/1200x675\/filters:format(webp):quality(85)\/cloudfront-us-east-1.images.arcpublishing.com\/infobae\/5CYN6O34NRHUXMBEQTEWR7JGDQ.jpg 1200w,https:\/\/www.infobae.com\/new-resizer\/NQWpLw3Fha90TVdastYUx_hjSYk=\/1440x810\/filters:format(webp):quality(85)\/cloudfront-us-east-1.images.arcpublishing.com\/infobae\/5CYN6O34NRHUXMBEQTEWR7JGDQ.jpg 1440w\">Rodrigo De Loredo reconoci\u00f3 la derrota ante Passerini. Estuvo con Larreta y Bullrich<\/p>\n\n\n\n<p><strong>Padr\u00f3n electoral provincial: 1.133.31 ciudadanos habilitados (59,30% participaci\u00f3n).<\/strong><\/p>\n\n\n\n<p>a- Gan\u00f3 Daniel Passerini. Tuvo 314.836 en total (48,6%)<\/p>\n\n\n\n<p>b- Perdi\u00f3 Rodrigo De Loredo (JxC). Tuvo 263.504 votos (40,7%)<\/p>\n\n\n\n<p>c- Blancos y nulos: 24.692 votos.<\/p>\n\n\n\n<p>d- Tercero fue la izquierda, que tuvo 18.744 votos.<\/p>\n\n\n\n<p>e- Participaci\u00f3n: 59,29%.<\/p>\n\n\n\n<h2 class=\"wp-block-heading\">5- Chaco, 18 de junio &#8211; PASO &#8211; Juntos por el Cambio<\/h2>\n\n\n\n<p><img loading=\"lazy\" decoding=\"async\" alt=\"Leandro Zdero y Jorge Capitanich se enfrentar\u00e1n en las pr\u00f3ximas elecciones generales en Chaco\" height=\"1080\" width=\"1920\" src=\"https:\/\/www.infobae.com\/new-resizer\/nkVhmANnEkCtvPsbl-RW-WgJoGQ=\/arc-anglerfish-arc2-prod-infobae\/public\/GVYPV2XKD5FB5DW4JTIJLIV4VU.png\" srcset=\"https:\/\/www.infobae.com\/new-resizer\/5L-yKPSkP7gxOjBrkFo7Y0fyA2M=\/420x236\/filters:format(webp):quality(85)\/cloudfront-us-east-1.images.arcpublishing.com\/infobae\/GVYPV2XKD5FB5DW4JTIJLIV4VU.png 420w,https:\/\/www.infobae.com\/new-resizer\/lF3DRjcyoxQZyYLTil_K_3XCqac=\/768x432\/filters:format(webp):quality(85)\/cloudfront-us-east-1.images.arcpublishing.com\/infobae\/GVYPV2XKD5FB5DW4JTIJLIV4VU.png 768w,https:\/\/www.infobae.com\/new-resizer\/zTJtxhciEFx-N5px3zO8domUIUQ=\/992x558\/filters:format(webp):quality(85)\/cloudfront-us-east-1.images.arcpublishing.com\/infobae\/GVYPV2XKD5FB5DW4JTIJLIV4VU.png 992w,https:\/\/www.infobae.com\/new-resizer\/q11aHSDZuQ7X9VVHbICsLh7Pyig=\/1200x675\/filters:format(webp):quality(85)\/cloudfront-us-east-1.images.arcpublishing.com\/infobae\/GVYPV2XKD5FB5DW4JTIJLIV4VU.png 1200w,https:\/\/www.infobae.com\/new-resizer\/JGecagFz3ZZ0fJiaHqLS-CgfrBo=\/1440x810\/filters:format(webp):quality(85)\/cloudfront-us-east-1.images.arcpublishing.com\/infobae\/GVYPV2XKD5FB5DW4JTIJLIV4VU.png 1440w\">Leandro Zdero y Jorge Capitanich se enfrentar\u00e1n en las pr\u00f3ximas elecciones generales en Chaco<\/p>\n\n\n\n<p><strong>Padr\u00f3n electoral nacional: 1.001.813 ciudadanos habilitados para votar (2,83%).<\/strong><\/p>\n\n\n\n<p>a- Gan\u00f3 Leandro Zdero frente a Juan Carlos Polini. Tuvo 127.006 votos frente a 108.002 votos de su rival. El frente opositor gan\u00f3 con el 42,41% del total.<\/p>\n\n\n\n<p>b- Perdi\u00f3 Jorge Capitanich (Frente Chaque\u00f1o -PJ). Tuvo 206.672 votos, que representaron 37,3% del total.<\/p>\n\n\n\n<p>c- Blancos y nulos: 74.214 votos.<\/p>\n\n\n\n<p>d- Tercero qued\u00f3 Corriente de Expresi\u00f3n Renovada (CER) de Gustavo Mart\u00ednez, con 49.115 votos (8,86%.<\/p>\n\n\n\n<p>e- Participaci\u00f3n: 62,9%.<\/p>\n\n\n\n<h2 class=\"wp-block-heading\">6- Corrientes, 11 de junio &#8211; Locales &#8211; Juntos por el Cambio<\/h2>\n\n\n\n<p><img loading=\"lazy\" decoding=\"async\" alt=\"Gustavo Vald\u00e9s, gobernador de Corrientes, junto a Horacio Rodr\u00edguez Larreta\" height=\"682\" width=\"1024\" src=\"https:\/\/www.infobae.com\/new-resizer\/SyTfE-R9ladmbZ7FqknOq6OdDRk=\/arc-anglerfish-arc2-prod-infobae\/public\/TS54IZGIUFGEBNNS7BQUNWWLQE.jpeg\" srcset=\"https:\/\/www.infobae.com\/new-resizer\/iW69BETy-W0NKCTYPiKc8dDLOPs=\/420x280\/filters:format(webp):quality(85)\/cloudfront-us-east-1.images.arcpublishing.com\/infobae\/TS54IZGIUFGEBNNS7BQUNWWLQE.jpeg 420w,https:\/\/www.infobae.com\/new-resizer\/QHUaBGiHXF5F-rK3gDG79e7JpjY=\/768x512\/filters:format(webp):quality(85)\/cloudfront-us-east-1.images.arcpublishing.com\/infobae\/TS54IZGIUFGEBNNS7BQUNWWLQE.jpeg 768w,https:\/\/www.infobae.com\/new-resizer\/hIC2HL5Ft6wfh9TpqTNOuBYpIok=\/992x661\/filters:format(webp):quality(85)\/cloudfront-us-east-1.images.arcpublishing.com\/infobae\/TS54IZGIUFGEBNNS7BQUNWWLQE.jpeg 992w,https:\/\/www.infobae.com\/new-resizer\/XNW3Wna7XNk49Msp6rQjFhdEMFQ=\/1200x800\/filters:format(webp):quality(85)\/cloudfront-us-east-1.images.arcpublishing.com\/infobae\/TS54IZGIUFGEBNNS7BQUNWWLQE.jpeg 1200w,https:\/\/www.infobae.com\/new-resizer\/B3l0tJ5gj9iSe8OGMAS3w0RdXf4=\/1440x960\/filters:format(webp):quality(85)\/cloudfront-us-east-1.images.arcpublishing.com\/infobae\/TS54IZGIUFGEBNNS7BQUNWWLQE.jpeg 1440w\">Gustavo Vald\u00e9s, gobernador de Corrientes, junto a Horacio Rodr\u00edguez Larreta<\/p>\n\n\n\n<p><strong>Padr\u00f3n electoral nacional: 933.876 ciudadanos habilitados para votar (2,64%).<\/strong><\/p>\n\n\n\n<p>a- Gan\u00f3 el gobernador Gustavo Vald\u00e9s. Tuvo 382.893 votos (67,91%).<\/p>\n\n\n\n<p>b- Perdi\u00f3 el peronista Frente de Todos. Tuvo 162.253 votos (28,78%).<\/p>\n\n\n\n<p>c- Blancos y nulos: 48.749 votos.<\/p>\n\n\n\n<p>d- Tercero qued\u00f3 la agrupaci\u00f3n Ganemos Corrientes, con 11915 votos (2,11%).<\/p>\n\n\n\n<p>e- Participaci\u00f3n: 66,3%.<\/p>\n\n\n\n<h2 class=\"wp-block-heading\">7- Mendoza, 11 de junio &#8211; PASO &#8211; Juntos por el Cambio<\/h2>\n\n\n\n<p><img loading=\"lazy\" decoding=\"async\" alt=\"Patricia Bullrich acompa\u00f1\u00f3 a Cornejo y eligi\u00f3 como su compa\u00f1ero de f\u00f3rmula a Luis Petri, que hizo una excelente elecci\u00f3n \" height=\"1079\" width=\"1920\" src=\"https:\/\/www.infobae.com\/new-resizer\/OiPtLhU4V32POXDuR6W71GiY3gk=\/arc-anglerfish-arc2-prod-infobae\/public\/DJEFNP2Q7BHNJBH4NGWEJRDHXQ.jpg\" srcset=\"https:\/\/www.infobae.com\/new-resizer\/EysqMvFZ62Ubt-4HWKcHt89QKV0=\/420x236\/filters:format(webp):quality(85)\/cloudfront-us-east-1.images.arcpublishing.com\/infobae\/DJEFNP2Q7BHNJBH4NGWEJRDHXQ.jpg 420w,https:\/\/www.infobae.com\/new-resizer\/4lfa2Kih9e31VuSRbphbw0-dMiQ=\/768x432\/filters:format(webp):quality(85)\/cloudfront-us-east-1.images.arcpublishing.com\/infobae\/DJEFNP2Q7BHNJBH4NGWEJRDHXQ.jpg 768w,https:\/\/www.infobae.com\/new-resizer\/k5DcOcOu52uHIEs3FXco1TNZrsQ=\/992x558\/filters:format(webp):quality(85)\/cloudfront-us-east-1.images.arcpublishing.com\/infobae\/DJEFNP2Q7BHNJBH4NGWEJRDHXQ.jpg 992w,https:\/\/www.infobae.com\/new-resizer\/a7TyPRJkR_ZYfu21Hp57PdA3qQ8=\/1200x675\/filters:format(webp):quality(85)\/cloudfront-us-east-1.images.arcpublishing.com\/infobae\/DJEFNP2Q7BHNJBH4NGWEJRDHXQ.jpg 1200w,https:\/\/www.infobae.com\/new-resizer\/539P1DGF7Vcj-wwUlMCsIStvODw=\/1440x810\/filters:format(webp):quality(85)\/cloudfront-us-east-1.images.arcpublishing.com\/infobae\/DJEFNP2Q7BHNJBH4NGWEJRDHXQ.jpg 1440w\">Patricia Bullrich acompa\u00f1\u00f3 a Cornejo y eligi\u00f3 como su compa\u00f1ero de f\u00f3rmula a Luis Petri, que hizo una excelente elecci\u00f3n<\/p>\n\n\n\n<p><strong>Padr\u00f3n electoral nacional: 1.492.379 ciudadanos habilitados para votar (4,22%).<\/strong><\/p>\n\n\n\n<p>a- Gan\u00f3 Alfredo Cornejo frente a Luis Petri. Tuvo 258.352 votos (25,9%) frente a su rival interno, que logr\u00f3 166.758 votos (16,7%)<\/p>\n\n\n\n<p>b- Perdi\u00f3 Omar De Marchi (La Uni\u00f3n Mendocina). Tuvo 202.121 votos (20,3%).<\/p>\n\n\n\n<p>c- Blancos y nulos: 128.749 votos.<\/p>\n\n\n\n<p>d- Tercera fuerza qued\u00f3 el peronismo en todas sus variantes. Tuvo 155.796 votos (15,65%)<\/p>\n\n\n\n<p>e- Participaci\u00f3n: 66,3%.<\/p>\n\n\n\n<h2 class=\"wp-block-heading\">8- San Luis, 11 de junio &#8211; Juntos por el Cambio<\/h2>\n\n\n\n<p><img loading=\"lazy\" decoding=\"async\" alt=\"(T\u00e9lam)\" height=\"910\" width=\"1620\" src=\"https:\/\/www.infobae.com\/new-resizer\/QvTm9cwR48Fw6urRbQjXGNMWfRI=\/arc-anglerfish-arc2-prod-infobae\/public\/Y6BOEUYFA5CLRLOJVPAVUNWEAY.jpg\" srcset=\"https:\/\/www.infobae.com\/new-resizer\/yEc06dT2rZhLYm_v83L8ilqEm7c=\/420x236\/filters:format(webp):quality(85)\/cloudfront-us-east-1.images.arcpublishing.com\/infobae\/Y6BOEUYFA5CLRLOJVPAVUNWEAY.jpg 420w,https:\/\/www.infobae.com\/new-resizer\/_OPp2c_xEqNOGYyBibQYoELTt58=\/768x432\/filters:format(webp):quality(85)\/cloudfront-us-east-1.images.arcpublishing.com\/infobae\/Y6BOEUYFA5CLRLOJVPAVUNWEAY.jpg 768w,https:\/\/www.infobae.com\/new-resizer\/XWSlYT8ijWsOqBnbRrkF_-oq3C4=\/992x558\/filters:format(webp):quality(85)\/cloudfront-us-east-1.images.arcpublishing.com\/infobae\/Y6BOEUYFA5CLRLOJVPAVUNWEAY.jpg 992w,https:\/\/www.infobae.com\/new-resizer\/0QFVe5UJvIN0Hdu0yMu7px1-f-U=\/1200x675\/filters:format(webp):quality(85)\/cloudfront-us-east-1.images.arcpublishing.com\/infobae\/Y6BOEUYFA5CLRLOJVPAVUNWEAY.jpg 1200w,https:\/\/www.infobae.com\/new-resizer\/zPOu7crqYh1-Isf0WfQoUlSFOGE=\/1440x810\/filters:format(webp):quality(85)\/cloudfront-us-east-1.images.arcpublishing.com\/infobae\/Y6BOEUYFA5CLRLOJVPAVUNWEAY.jpg 1440w\">(T\u00e9lam)<\/p>\n\n\n\n<p><strong>Padr\u00f3n electoral nacional: 421.370 ciudadanos habilitados para votar (1,19%).<\/strong><\/p>\n\n\n\n<p>a- Gan\u00f3 Claudio Poggi (Adolfo Rodr\u00edguez Sa\u00e1). Tuvo 162.588 votos (53,31%).<\/p>\n\n\n\n<p>b- Perdi\u00f3 Jorge Fern\u00e1ndez (de Alberto Rodr\u00edguez Sa\u00e1). Tuvo 139.475 votos (45,73%).<\/p>\n\n\n\n<p>c- Blancos y nulos: 14.214 votos.<\/p>\n\n\n\n<p>d- La izquierda tuvo 2.370 votos (0,78%).<\/p>\n\n\n\n<p>e- Participaci\u00f3n: 77,8%.<\/p>\n\n\n\n<p>* En las elecciones nacionales se votar\u00e1 3 senadores nacionales<\/p>\n\n\n\n<h2 class=\"wp-block-heading\">9- Tucum\u00e1n, 11 de junio &#8211; Uni\u00f3n por la Patria<\/h2>\n\n\n\n<p><img loading=\"lazy\" decoding=\"async\" alt=\"Manzur y Jaldo, los peronistas ganadores de Tucum\u00e1n, junto a Sergio Massa, el candidato a presidente de Uni\u00f3n por la Patria\" height=\"852\" width=\"1280\" src=\"https:\/\/www.infobae.com\/new-resizer\/1ytdKwnrKwfgQDyL5EfwaPvWjHc=\/arc-anglerfish-arc2-prod-infobae\/public\/UDF3AAH2F5DZXJFWHXUYO33F3E.jpeg\" srcset=\"https:\/\/www.infobae.com\/new-resizer\/6c6QXxEavZhEzNL1Z5FlebYPGVE=\/420x280\/filters:format(webp):quality(85)\/cloudfront-us-east-1.images.arcpublishing.com\/infobae\/UDF3AAH2F5DZXJFWHXUYO33F3E.jpeg 420w,https:\/\/www.infobae.com\/new-resizer\/vLyISFEms_O7Wr7tGprmOl_JnNU=\/768x512\/filters:format(webp):quality(85)\/cloudfront-us-east-1.images.arcpublishing.com\/infobae\/UDF3AAH2F5DZXJFWHXUYO33F3E.jpeg 768w,https:\/\/www.infobae.com\/new-resizer\/KbqucZ9DYh_82lbsGJPJNYEAAMM=\/992x661\/filters:format(webp):quality(85)\/cloudfront-us-east-1.images.arcpublishing.com\/infobae\/UDF3AAH2F5DZXJFWHXUYO33F3E.jpeg 992w,https:\/\/www.infobae.com\/new-resizer\/-fPUIlW2ey6Urb8r-ZqX988MMME=\/1200x800\/filters:format(webp):quality(85)\/cloudfront-us-east-1.images.arcpublishing.com\/infobae\/UDF3AAH2F5DZXJFWHXUYO33F3E.jpeg 1200w,https:\/\/www.infobae.com\/new-resizer\/lKyh7gUHxTHAXyhG4qoZjiDTvEc=\/1440x960\/filters:format(webp):quality(85)\/cloudfront-us-east-1.images.arcpublishing.com\/infobae\/UDF3AAH2F5DZXJFWHXUYO33F3E.jpeg 1440w\">Manzur y Jaldo, los peronistas ganadores de Tucum\u00e1n, junto a Sergio Massa, el candidato a presidente de Uni\u00f3n por la Patria<\/p>\n\n\n\n<p><strong>Padr\u00f3n electoral nacional: 1.320.478 ciudadanos habilitados para votar (3,73%).<\/strong><\/p>\n\n\n\n<p>a- Gan\u00f3 Osvaldo Jaldo. Tuvo 612.862 votos (54,97%)<\/p>\n\n\n\n<p>b- Perdi\u00f3 Roberto S\u00e1nchez (JxC). Tuvo 371.034 votos (33,28%).<\/p>\n\n\n\n<p>c- Blancos y nulos: 57.483 votos.<\/p>\n\n\n\n<p>d-Tercero qued\u00f3 Fuerza Republicana, que obtuvo 44.061 votos (3,95%).<\/p>\n\n\n\n<p>e- Participaci\u00f3n: 84,9%.<\/p>\n\n\n\n<h2 class=\"wp-block-heading\">10- San Juan, 14 de mayo &#8211; Juntos por el Cambio<\/h2>\n\n\n\n<p><img loading=\"lazy\" decoding=\"async\" alt=\"El sanjuanino Orrego fue electo por una mayor\u00eda abrumadora y festej\u00f3 junto a Larreta \" height=\"1279\" width=\"1920\" src=\"https:\/\/www.infobae.com\/new-resizer\/dDA8k9zDttkOZ2Y1vVTe7XotE-A=\/arc-anglerfish-arc2-prod-infobae\/public\/5O4QK7TOFVDRVOAQOZ6VXIUASQ.jpg\" srcset=\"https:\/\/www.infobae.com\/new-resizer\/DILsbL3RlrgrnzmKoQV-G33dR-A=\/420x280\/filters:format(webp):quality(85)\/cloudfront-us-east-1.images.arcpublishing.com\/infobae\/5O4QK7TOFVDRVOAQOZ6VXIUASQ.jpg 420w,https:\/\/www.infobae.com\/new-resizer\/MA3PlAnhSARBtyeD9PVe3ClxmHA=\/768x512\/filters:format(webp):quality(85)\/cloudfront-us-east-1.images.arcpublishing.com\/infobae\/5O4QK7TOFVDRVOAQOZ6VXIUASQ.jpg 768w,https:\/\/www.infobae.com\/new-resizer\/bQQI3NXelzsQS4kEWcfey7RTmvo=\/992x661\/filters:format(webp):quality(85)\/cloudfront-us-east-1.images.arcpublishing.com\/infobae\/5O4QK7TOFVDRVOAQOZ6VXIUASQ.jpg 992w,https:\/\/www.infobae.com\/new-resizer\/waP2f4DA88xmOI2WkVLtBPigRTM=\/1200x800\/filters:format(webp):quality(85)\/cloudfront-us-east-1.images.arcpublishing.com\/infobae\/5O4QK7TOFVDRVOAQOZ6VXIUASQ.jpg 1200w,https:\/\/www.infobae.com\/new-resizer\/SWeTWw0ophnYRBMtv4Fq0oFhdzc=\/1440x960\/filters:format(webp):quality(85)\/cloudfront-us-east-1.images.arcpublishing.com\/infobae\/5O4QK7TOFVDRVOAQOZ6VXIUASQ.jpg 1440w\">El sanjuanino Orrego fue electo por una mayor\u00eda abrumadora y festej\u00f3 junto a Larreta<\/p>\n\n\n\n<p><strong>Padr\u00f3n electoral nacional: 608.535 ciudadanos habilitados para votar (1,72%).<\/strong><\/p>\n\n\n\n<p>a- Gan\u00f3 Marcelo Orrego. Tuvo 215.901 votos de los 223.642 votos que tuvo su lema Unidos por San Juan (50,67%).<\/p>\n\n\n\n<p>b- Perdi\u00f3 Jos\u00e9 Luis Gioja, que tuvo 117.938 votos, pero dej\u00f3 atr\u00e1s en el lema San Juan por Todos a Rub\u00e9n U\u00f1ac, el hermano del gobernador Sergio U\u00f1ac. En total las dos f\u00f3rmulas tuvieron 190.450 votos (43,15%).<\/p>\n\n\n\n<p>c- Blancos y nulos: 7.829 votos.<\/p>\n\n\n\n<p>d- Tercero quedaron los lemas libertarios, con 15.892 votos.<\/p>\n\n\n\n<p>e- Participaci\u00f3n: 69,5%.<\/p>\n\n\n\n<p>* En las elecciones nacionales se votar\u00e1 3 senadores nacionales<\/p>\n\n\n\n<h2 class=\"wp-block-heading\">11- Tierra del Fuego, 14 de mayo &#8211; Uni\u00f3n por la Patria<\/h2>\n\n\n\n<p><img loading=\"lazy\" decoding=\"async\" alt=\"Melella gan\u00f3 una elecci\u00f3n en la que hubo un ausentismo sin precedentes en Tierra del Fuego \" height=\"1080\" width=\"1920\" src=\"https:\/\/www.infobae.com\/new-resizer\/vn5L1MsrmgixrhSL9VPtOkmhjAA=\/arc-anglerfish-arc2-prod-infobae\/public\/WSV74J6DYRBXTKHSR2HTFNRNZI.jpg\" srcset=\"https:\/\/www.infobae.com\/new-resizer\/EYzkoybMA3I2U7tZX7YXH0Z427s=\/420x236\/filters:format(webp):quality(85)\/cloudfront-us-east-1.images.arcpublishing.com\/infobae\/WSV74J6DYRBXTKHSR2HTFNRNZI.jpg 420w,https:\/\/www.infobae.com\/new-resizer\/3Jw6hw9cVqEmi-C6zbziRyYSvNE=\/768x432\/filters:format(webp):quality(85)\/cloudfront-us-east-1.images.arcpublishing.com\/infobae\/WSV74J6DYRBXTKHSR2HTFNRNZI.jpg 768w,https:\/\/www.infobae.com\/new-resizer\/Aq0dW-K2xD1_MOAJboew7VKtstA=\/992x558\/filters:format(webp):quality(85)\/cloudfront-us-east-1.images.arcpublishing.com\/infobae\/WSV74J6DYRBXTKHSR2HTFNRNZI.jpg 992w,https:\/\/www.infobae.com\/new-resizer\/2a9a5x-UyDEWOGHVIDur-8JVbbQ=\/1200x675\/filters:format(webp):quality(85)\/cloudfront-us-east-1.images.arcpublishing.com\/infobae\/WSV74J6DYRBXTKHSR2HTFNRNZI.jpg 1200w,https:\/\/www.infobae.com\/new-resizer\/f4MRN_dE_pVI8-m3wra4dJyfLjA=\/1440x810\/filters:format(webp):quality(85)\/cloudfront-us-east-1.images.arcpublishing.com\/infobae\/WSV74J6DYRBXTKHSR2HTFNRNZI.jpg 1440w\">Melella gan\u00f3 una elecci\u00f3n en la que hubo un ausentismo sin precedentes en Tierra del Fuego<\/p>\n\n\n\n<p><strong>Padr\u00f3n electoral nacional: 148.020 ciudadanos habilitados para votar (0,42%).<\/strong><\/p>\n\n\n\n<p>a- Gan\u00f3 Gustavo Melella. Tuvo 52.438 votos (65,37%).<\/p>\n\n\n\n<p>b- Perdi\u00f3 H\u00e9ctor Stefani (PRO). Tuvo 11.309 votos (14,10%).<\/p>\n\n\n\n<p>c- Blancos y nulos: 22.083 votos (21,59%).<\/p>\n\n\n\n<p>d- Los libertarios de Republicanos Unidos tuvieron 7.656 votos (9,54%).<\/p>\n\n\n\n<p>e- Participaci\u00f3n: 71,3%.<\/p>\n\n\n\n<h2 class=\"wp-block-heading\">12- Salta, 14 de mayo &#8211; Provincial &#8211; Uni\u00f3n por la Patria<\/h2>\n\n\n\n<p><img loading=\"lazy\" decoding=\"async\" alt=\"El gobernador S\u00e1enz tiene una relaci\u00f3n de afinidad y amistad pol\u00edtica con Sergio Massa\" height=\"1080\" width=\"1920\" src=\"https:\/\/www.infobae.com\/new-resizer\/deM6ebYSbfADtu_EICsZmokp3ew=\/arc-anglerfish-arc2-prod-infobae\/public\/2U3XETJ7DNCAJFSKDHRZFMTVUM.jpeg\" srcset=\"https:\/\/www.infobae.com\/new-resizer\/Zvnkgyq3VQSNHVkIKSzw1CNL-gU=\/420x236\/filters:format(webp):quality(85)\/cloudfront-us-east-1.images.arcpublishing.com\/infobae\/2U3XETJ7DNCAJFSKDHRZFMTVUM.jpeg 420w,https:\/\/www.infobae.com\/new-resizer\/q56uHBpDID7SPrRgrTrKhfSmjtA=\/768x432\/filters:format(webp):quality(85)\/cloudfront-us-east-1.images.arcpublishing.com\/infobae\/2U3XETJ7DNCAJFSKDHRZFMTVUM.jpeg 768w,https:\/\/www.infobae.com\/new-resizer\/ktfwfDcwAWx1Kzq3yj7B95wFa5w=\/992x558\/filters:format(webp):quality(85)\/cloudfront-us-east-1.images.arcpublishing.com\/infobae\/2U3XETJ7DNCAJFSKDHRZFMTVUM.jpeg 992w,https:\/\/www.infobae.com\/new-resizer\/1RNwTAsFCfjefDt5kDVrATTkmHg=\/1200x675\/filters:format(webp):quality(85)\/cloudfront-us-east-1.images.arcpublishing.com\/infobae\/2U3XETJ7DNCAJFSKDHRZFMTVUM.jpeg 1200w,https:\/\/www.infobae.com\/new-resizer\/5mJUNbhyv5lgZjhciPC4M8Bs91g=\/1440x810\/filters:format(webp):quality(85)\/cloudfront-us-east-1.images.arcpublishing.com\/infobae\/2U3XETJ7DNCAJFSKDHRZFMTVUM.jpeg 1440w\">El gobernador S\u00e1enz tiene una relaci\u00f3n de afinidad y amistad pol\u00edtica con Sergio Massa<\/p>\n\n\n\n<p><strong>Padr\u00f3n electoral nacional: 1.090.057 ciudadanos habilitados para votar (3,08%).<\/strong><\/p>\n\n\n\n<p>a- Gan\u00f3 Gustavo S\u00e1enz. Tuvo 337.621 votos (47,51%).<\/p>\n\n\n\n<p>b- Perdi\u00f3 Miguel Nanni (JxC). Tuvo 122.766 votos (17,27%).<\/p>\n\n\n\n<p>c- Blancos y nulos: 42.157 votos.<\/p>\n\n\n\n<p>d- Tercero fue Emiliano Estrada (K). Tuvo 114.867 votos (16,16%).<\/p>\n\n\n\n<p>e- Participaci\u00f3n: 69,5%.<\/p>\n\n\n\n<h2 class=\"wp-block-heading\">13- La Pampa, 14 de mayo &#8211; Uni\u00f3n por la Patria<\/h2>\n\n\n\n<p><img loading=\"lazy\" decoding=\"async\" alt=\"Ziliotto gan\u00f3 por una ajustada diferencia contra el radical Berhongaray, que integra el sector radical de Evoluci\u00f3n, que conduce Lousteau\" height=\"655\" width=\"1024\" src=\"https:\/\/www.infobae.com\/new-resizer\/wETfXDXuQIbhUkFJIU8rjXE_oeg=\/arc-anglerfish-arc2-prod-infobae\/public\/CTNZUDA3I5EGJEHX447ARXLE2M.jpg\" srcset=\"https:\/\/www.infobae.com\/new-resizer\/0JBwtYk2_0W4IUPAXPc4hC4Qe0o=\/992x606\/filters:format(webp):quality(85)\/cloudfront-us-east-1.images.arcpublishing.com\/infobae\/CTNZUDA3I5EGJEHX447ARXLE2M.jpg 992w\">Ziliotto gan\u00f3 por una ajustada diferencia contra el radical Berhongaray, que integra el sector radical de Evoluci\u00f3n, que conduce Lousteau<\/p>\n\n\n\n<p><strong>Padr\u00f3n electoral nacional: 300.160 ciudadanos habilitados para votar (0,85%).<\/strong><\/p>\n\n\n\n<p>a-Gan\u00f3 Sergio Ziliotto. Tuvo 97.198 votos (47,66).<\/p>\n\n\n\n<p>b-Perdi\u00f3 Mart\u00edn Berhongaray (JxC). Tuvo 85.855 votos (42,1%).<\/p>\n\n\n\n<p>c- Blancos y nulos (Tercera fuerza): 16.428 votos.<\/p>\n\n\n\n<p>d- Juan Carlos Tierno (Peronismo no K): tuvo 13.907 votos (6,82%).<\/p>\n\n\n\n<p>e- Participaci\u00f3n: 73%.<\/p>\n\n\n\n<h2 class=\"wp-block-heading\">14- Misiones, 7 de mayo &#8211; Provincial &#8211; Uni\u00f3n por la Patria<\/h2>\n\n\n\n<p><img loading=\"lazy\" decoding=\"async\" alt=\"Massa estuvo en Misiones junto a Passalacqua, el gobernador electo, y el actual mandatario, Oscar Herrera Ahuad\" height=\"872\" width=\"1310\" src=\"https:\/\/www.infobae.com\/new-resizer\/SoaJoE-QU5vOUa45AhBX9nQllmk=\/arc-anglerfish-arc2-prod-infobae\/public\/ZU2DY6AR2FHFBAWZDQFATPLN6U.jpg\" srcset=\"https:\/\/www.infobae.com\/new-resizer\/ERIFU4PBd9WCc5oQOnHB2jTWkQI=\/420x280\/filters:format(webp):quality(85)\/cloudfront-us-east-1.images.arcpublishing.com\/infobae\/ZU2DY6AR2FHFBAWZDQFATPLN6U.jpg 420w,https:\/\/www.infobae.com\/new-resizer\/nG-vjhWdSZP6qcfMGaGgAMlqhTs=\/768x512\/filters:format(webp):quality(85)\/cloudfront-us-east-1.images.arcpublishing.com\/infobae\/ZU2DY6AR2FHFBAWZDQFATPLN6U.jpg 768w,https:\/\/www.infobae.com\/new-resizer\/V8lnWn_CKD-_iGXFSXYjOTIA1eY=\/992x661\/filters:format(webp):quality(85)\/cloudfront-us-east-1.images.arcpublishing.com\/infobae\/ZU2DY6AR2FHFBAWZDQFATPLN6U.jpg 992w,https:\/\/www.infobae.com\/new-resizer\/OFhQTx0SzKTU_6_LU2epVdbYiwM=\/1200x800\/filters:format(webp):quality(85)\/cloudfront-us-east-1.images.arcpublishing.com\/infobae\/ZU2DY6AR2FHFBAWZDQFATPLN6U.jpg 1200w,https:\/\/www.infobae.com\/new-resizer\/TbHGkJglxJaeGi2NUJXjOsVL2hs=\/1440x960\/filters:format(webp):quality(85)\/cloudfront-us-east-1.images.arcpublishing.com\/infobae\/ZU2DY6AR2FHFBAWZDQFATPLN6U.jpg 1440w\">Massa estuvo en Misiones junto a Passalacqua, el gobernador electo, y el actual mandatario, Oscar Herrera Ahuad<\/p>\n\n\n\n<p><strong>Padr\u00f3n electoral nacional: 988.482 ciudadanos habilitados para votar (2,79%).<\/strong><\/p>\n\n\n\n<p>a- Gan\u00f3 Hugo Passalacqua. Tuvo 424.533 votos (64,18%).<\/p>\n\n\n\n<p>b- Perdi\u00f3 Mart\u00edn Arjol (JxC). Tuvo 175.759 votos (26,57%).<\/p>\n\n\n\n<p>c- Blancos y nulos: 34.499 votos.<\/p>\n\n\n\n<p>d- Tercero La Fuerza de Todos (K). Tuvo 31.952 votos (4,83%).<\/p>\n\n\n\n<p>e- Participaci\u00f3n: 71%.<\/p>\n\n\n\n<p>* En las elecciones nacionales se votar\u00e1 3 senadores nacionales<\/p>\n\n\n\n<h2 class=\"wp-block-heading\">15- La Rioja, 7 de mayo &#8211; Uni\u00f3n Por la Patria<\/h2>\n\n\n\n<p><img loading=\"lazy\" decoding=\"async\" alt=\"Quintela, el gobernador que quiere reformar la Constituci\u00f3n, junto a Alberto Fern\u00e1ndez \" height=\"1080\" width=\"1920\" src=\"https:\/\/www.infobae.com\/new-resizer\/RIjbtEADC9K4_wjNwLKs1U_kfmQ=\/arc-anglerfish-arc2-prod-infobae\/public\/YYD7TEHAOJH5XNCMKQATY5VYJI.jpg\" srcset=\"https:\/\/www.infobae.com\/new-resizer\/fJ7ATAXdUEZCrqH03EwY6o5kGRQ=\/420x236\/filters:format(webp):quality(85)\/cloudfront-us-east-1.images.arcpublishing.com\/infobae\/YYD7TEHAOJH5XNCMKQATY5VYJI.jpg 420w,https:\/\/www.infobae.com\/new-resizer\/KfXiudIEA1ws7IdVYuCwlZf0zbE=\/768x432\/filters:format(webp):quality(85)\/cloudfront-us-east-1.images.arcpublishing.com\/infobae\/YYD7TEHAOJH5XNCMKQATY5VYJI.jpg 768w,https:\/\/www.infobae.com\/new-resizer\/LwiX_4niPrxP2dzXDC0KfoBkEkw=\/992x558\/filters:format(webp):quality(85)\/cloudfront-us-east-1.images.arcpublishing.com\/infobae\/YYD7TEHAOJH5XNCMKQATY5VYJI.jpg 992w,https:\/\/www.infobae.com\/new-resizer\/6Dr7ZkB_vFYp6YeAM7jqgOIbCCY=\/1200x675\/filters:format(webp):quality(85)\/cloudfront-us-east-1.images.arcpublishing.com\/infobae\/YYD7TEHAOJH5XNCMKQATY5VYJI.jpg 1200w,https:\/\/www.infobae.com\/new-resizer\/M7TQ92O1HGU0m2rovvaAkRJ0QHo=\/1440x810\/filters:format(webp):quality(85)\/cloudfront-us-east-1.images.arcpublishing.com\/infobae\/YYD7TEHAOJH5XNCMKQATY5VYJI.jpg 1440w\">Quintela, el gobernador que quiere reformar la Constituci\u00f3n, junto a Alberto Fern\u00e1ndez<\/p>\n\n\n\n<p><strong>Padr\u00f3n electoral nacional: 304.456 ciudadanos habilitados para votar (0,86%).<\/strong><\/p>\n\n\n\n<p>a- Gan\u00f3 Ricardo Quintela. Tuvo 100.926 votos (50,63%).<\/p>\n\n\n\n<p>b- Perdi\u00f3 Felipe \u00c1lvarez (JxC). Tuvo 63.573 votos (31,89%).<\/p>\n\n\n\n<p>c- Blanco y nulos: 12.875 votos.<\/p>\n\n\n\n<p>d- Tercero fue el libertario Mart\u00edn Menem. Tuvo 31.023 votos (15,56%).<\/p>\n\n\n\n<p>e- Participaci\u00f3n: 77,1%.<\/p>\n\n\n\n<p>* En las elecciones nacionales se votar\u00e1 3 senadores nacionales<\/p>\n\n\n\n<h2 class=\"wp-block-heading\">16- Jujuy, 7 de mayo &#8211; Juntos por el Cambio<\/h2>\n\n\n\n<p><img loading=\"lazy\" decoding=\"async\" alt=\"Sadir, el gobernador electo, junto a Larreta y Gerardo Morales \" height=\"683\" width=\"1024\" src=\"https:\/\/www.infobae.com\/new-resizer\/7-EWSjVqz_ntnGtQhnPq1h97Ejg=\/arc-anglerfish-arc2-prod-infobae\/public\/L5NEQPA5CZFBROISXUTZDQO4II.jpeg\" srcset=\"https:\/\/www.infobae.com\/new-resizer\/YJk3_wzZxvDKkqaRsi_8v5PxnYY=\/420x280\/filters:format(webp):quality(85)\/cloudfront-us-east-1.images.arcpublishing.com\/infobae\/L5NEQPA5CZFBROISXUTZDQO4II.jpeg 420w,https:\/\/www.infobae.com\/new-resizer\/pUDGIOZzESRgZKsNnyvgfaEFQKg=\/768x512\/filters:format(webp):quality(85)\/cloudfront-us-east-1.images.arcpublishing.com\/infobae\/L5NEQPA5CZFBROISXUTZDQO4II.jpeg 768w,https:\/\/www.infobae.com\/new-resizer\/OBgviwduGwm65fy6VK46wjpSdW4=\/992x661\/filters:format(webp):quality(85)\/cloudfront-us-east-1.images.arcpublishing.com\/infobae\/L5NEQPA5CZFBROISXUTZDQO4II.jpeg 992w,https:\/\/www.infobae.com\/new-resizer\/-BMVNXgkCBoRUCPOCpXum02q50c=\/1200x800\/filters:format(webp):quality(85)\/cloudfront-us-east-1.images.arcpublishing.com\/infobae\/L5NEQPA5CZFBROISXUTZDQO4II.jpeg 1200w,https:\/\/www.infobae.com\/new-resizer\/Z16JzEOZp7AenRsQF7AthlKL5p8=\/1440x960\/filters:format(webp):quality(85)\/cloudfront-us-east-1.images.arcpublishing.com\/infobae\/L5NEQPA5CZFBROISXUTZDQO4II.jpeg 1440w\">Sadir, el gobernador electo, junto a Larreta y Gerardo Morales<\/p>\n\n\n\n<p><strong>Padr\u00f3n electoral nacional: 590.861 ciudadanos habilitados para votar (1,67%).<\/strong><\/p>\n\n\n\n<p>a- Gan\u00f3 Carlos Sadir. Tuvo 196.714 votos (49,59%).<\/p>\n\n\n\n<p>b- Perdi\u00f3 Rub\u00e9n Rivarola (PJ). Tuvo 88.958 votos (22,43%).<\/p>\n\n\n\n<p>c- Blancos y nulos: 53.001 votos.<\/p>\n\n\n\n<p>d- Tercero qued\u00f3 la izquierda. Tuvo 50.500 (12,73%).<\/p>\n\n\n\n<p>e- Participaci\u00f3n: 73,6%.<\/p>\n\n\n\n<p>* En las elecciones nacionales se votar\u00e1 3 senadores nacionales<\/p>\n\n\n\n<h2 class=\"wp-block-heading\">17- R\u00edo Negro, 16 de abril &#8211; Provincial &#8211; Uni\u00f3n por la Patria<\/h2>\n\n\n\n<p><img loading=\"lazy\" decoding=\"async\" alt=\"Poco despu\u00e9s de sus victorias, Massa recibi\u00f3 a los gobernadores electos, el neuquino Figueroa (izquierda) y, de R\u00edo Negro, Alberto Weretilneck (derecha)\" height=\"1279\" width=\"1920\" src=\"https:\/\/www.infobae.com\/new-resizer\/2NS8fSMQ2qF4FwZanm1ypFOI87s=\/arc-anglerfish-arc2-prod-infobae\/public\/QZUKTUQREBEQ3I24CZDJOIC3SU.jpg\" srcset=\"https:\/\/www.infobae.com\/new-resizer\/2Q6brNKoC4fBgcs8t4Q_tC7nfJk=\/420x280\/filters:format(webp):quality(85)\/cloudfront-us-east-1.images.arcpublishing.com\/infobae\/QZUKTUQREBEQ3I24CZDJOIC3SU.jpg 420w,https:\/\/www.infobae.com\/new-resizer\/Y_5vzgg7ji99D4NuGwfUKg9i73w=\/768x512\/filters:format(webp):quality(85)\/cloudfront-us-east-1.images.arcpublishing.com\/infobae\/QZUKTUQREBEQ3I24CZDJOIC3SU.jpg 768w,https:\/\/www.infobae.com\/new-resizer\/zqDwYhHaxnDwc7kD8C8hrrcDijI=\/992x661\/filters:format(webp):quality(85)\/cloudfront-us-east-1.images.arcpublishing.com\/infobae\/QZUKTUQREBEQ3I24CZDJOIC3SU.jpg 992w,https:\/\/www.infobae.com\/new-resizer\/QQuI0Yfay1O3z2u3TNx48F68_X0=\/1200x800\/filters:format(webp):quality(85)\/cloudfront-us-east-1.images.arcpublishing.com\/infobae\/QZUKTUQREBEQ3I24CZDJOIC3SU.jpg 1200w,https:\/\/www.infobae.com\/new-resizer\/H-ayzuGd_jnSzqYCb7trhz4sPLw=\/1440x960\/filters:format(webp):quality(85)\/cloudfront-us-east-1.images.arcpublishing.com\/infobae\/QZUKTUQREBEQ3I24CZDJOIC3SU.jpg 1440w\">Poco despu\u00e9s de sus victorias, Massa recibi\u00f3 a los gobernadores electos, el neuquino Figueroa (izquierda) y, de R\u00edo Negro, Alberto Weretilneck (derecha)<\/p>\n\n\n\n<p><strong>Padr\u00f3n electoral nacional: 595.081 ciudadanos habilitados para votar (1,68%).<\/strong><\/p>\n\n\n\n<p>a- Gan\u00f3 Alberto Weretilneck. Tuvo 154.089 votos (42,43%).<\/p>\n\n\n\n<p>b- Perdi\u00f3 Anibal Tortoriello (JxC). Tuvo 86.660 (23.86%).<\/p>\n\n\n\n<p>c- Blanco y nulos: 38.404 votos (9,56%).<\/p>\n\n\n\n<p>d- Tercera fue Silvia Horne (K). Tuvo 38.298 votos (10,54%).<\/p>\n\n\n\n<p>e- Participaci\u00f3n: 68,2%.<\/p>\n\n\n\n<h2 class=\"wp-block-heading\">18- Neuqu\u00e9n, 16 de abril &#8211; Provincial &#8211; Independiente<\/h2>\n\n\n\n<p><img loading=\"lazy\" decoding=\"async\" alt=\"Figueroa gan\u00f3 las elecciones en Neuqu\u00e9n y derrot\u00f3 la hegemon\u00eda caudillista de Jorge Sapag, en el MPN\" height=\"1278\" width=\"1920\" src=\"https:\/\/www.infobae.com\/new-resizer\/TNwawW75mhjEdpYwFm42m8twr3g=\/arc-anglerfish-arc2-prod-infobae\/public\/TBPXWYKAJJAMFH4EUOWZDRB4SU.jpg\" srcset=\"https:\/\/www.infobae.com\/new-resizer\/IylawC9aC7ltfnEpi-jU7HTRuxA=\/420x280\/filters:format(webp):quality(85)\/cloudfront-us-east-1.images.arcpublishing.com\/infobae\/TBPXWYKAJJAMFH4EUOWZDRB4SU.jpg 420w,https:\/\/www.infobae.com\/new-resizer\/i1jMHPhH251Or2kosNeVTWEsySA=\/768x512\/filters:format(webp):quality(85)\/cloudfront-us-east-1.images.arcpublishing.com\/infobae\/TBPXWYKAJJAMFH4EUOWZDRB4SU.jpg 768w,https:\/\/www.infobae.com\/new-resizer\/06OraSYztWCPQ7faI2MybWZRREE=\/992x661\/filters:format(webp):quality(85)\/cloudfront-us-east-1.images.arcpublishing.com\/infobae\/TBPXWYKAJJAMFH4EUOWZDRB4SU.jpg 992w,https:\/\/www.infobae.com\/new-resizer\/5StIhAR7Awwo-Ih9GvmAacVJPiw=\/1200x800\/filters:format(webp):quality(85)\/cloudfront-us-east-1.images.arcpublishing.com\/infobae\/TBPXWYKAJJAMFH4EUOWZDRB4SU.jpg 1200w,https:\/\/www.infobae.com\/new-resizer\/pzn-S1cNs1MVKkr77H6No5L1FfE=\/1440x960\/filters:format(webp):quality(85)\/cloudfront-us-east-1.images.arcpublishing.com\/infobae\/TBPXWYKAJJAMFH4EUOWZDRB4SU.jpg 1440w\">Figueroa gan\u00f3 las elecciones en Neuqu\u00e9n y derrot\u00f3 la hegemon\u00eda caudillista de Jorge Sapag, en el MPN<\/p>\n\n\n\n<p><strong>Padr\u00f3n electoral nacional: 553.748 ciudadanos habilitados para votar (1,56%).<\/strong><\/p>\n\n\n\n<p>a- Gan\u00f3 Rolando \u201dRolo\u201d Figueroa. Tuvo 148.135 votos (36,94%).<\/p>\n\n\n\n<p>b- Perdi\u00f3 Marcos Koopmann (Movimiento Popular Neuquino). Tuvo 137.965 (34,40%)<\/p>\n\n\n\n<p>c- Blancos y nulos: 15.151 votos.<\/p>\n\n\n\n<p>d- Ram\u00f3n Rioseco (K). Tuvo 52.735 votos (13,15%)<\/p>\n\n\n\n<p>e- Participaci\u00f3n: 76,2%.<\/p>\n","protected":false},"excerpt":{"rendered":"<p>Chubut fue el octavo triunfo de Juntos por el Cambio y la cuarta provincia donde cae la hegemon\u00eda del PJ. El oficialismo gan\u00f3 en 5 y en dos aliadas. Los casos de C\u00f3rdoba y Neuqu\u00e9n. JxC cosech\u00f3 cerca de un mill\u00f3n de sufragios m\u00e1s. Milei no incidi\u00f3. Y hubo casi un mill\u00f3n de votos en<a class=\"read-more\" href=\"https:\/\/elfederalmendoza.com.ar\/index.php\/2023\/07\/31\/ganadores-y-perdedores-de-las-18-elecciones-previas-a-las-paso-mapa-nombres-resultados-y-escenarios\/\"> [&hellip;]<\/a><\/p>\n","protected":false},"author":2,"featured_media":25724,"comment_status":"open","ping_status":"open","sticky":false,"template":"","format":"standard","meta":{"footnotes":""},"categories":[5618],"tags":[],"class_list":["post-25721","post","type-post","status-publish","format-standard","has-post-thumbnail","hentry","category-arg"],"rttpg_featured_image_url":{"full":["https:\/\/elfederalmendoza.com.ar\/wp-content\/uploads\/2023\/07\/chubut1.jpg",832,566,false],"landscape":["https:\/\/elfederalmendoza.com.ar\/wp-content\/uploads\/2023\/07\/chubut1.jpg",832,566,false],"portraits":["https:\/\/elfederalmendoza.com.ar\/wp-content\/uploads\/2023\/07\/chubut1.jpg",832,566,false],"thumbnail":["https:\/\/elfederalmendoza.com.ar\/wp-content\/uploads\/2023\/07\/chubut1-150x150.jpg",150,150,true],"medium":["https:\/\/elfederalmendoza.com.ar\/wp-content\/uploads\/2023\/07\/chubut1-300x204.jpg",300,204,true],"large":["https:\/\/elfederalmendoza.com.ar\/wp-content\/uploads\/2023\/07\/chubut1.jpg",640,435,false],"1536x1536":["https:\/\/elfederalmendoza.com.ar\/wp-content\/uploads\/2023\/07\/chubut1.jpg",832,566,false],"2048x2048":["https:\/\/elfederalmendoza.com.ar\/wp-content\/uploads\/2023\/07\/chubut1.jpg",832,566,false],"ultp_layout_landscape_large":["https:\/\/elfederalmendoza.com.ar\/wp-content\/uploads\/2023\/07\/chubut1.jpg",832,566,false],"ultp_layout_landscape":["https:\/\/elfederalmendoza.com.ar\/wp-content\/uploads\/2023\/07\/chubut1.jpg",832,566,false],"ultp_layout_portrait":["https:\/\/elfederalmendoza.com.ar\/wp-content\/uploads\/2023\/07\/chubut1-600x566.jpg",600,566,true],"ultp_layout_square":["https:\/\/elfederalmendoza.com.ar\/wp-content\/uploads\/2023\/07\/chubut1-600x566.jpg",600,566,true],"rpwe-thumbnail":["https:\/\/elfederalmendoza.com.ar\/wp-content\/uploads\/2023\/07\/chubut1-45x45.jpg",45,45,true],"advps-thumb-one":["https:\/\/elfederalmendoza.com.ar\/wp-content\/uploads\/2023\/07\/chubut1-832x420.jpg",832,420,true]},"rttpg_author":{"display_name":"Redacci\u00f3n El Federal","author_link":"https:\/\/elfederalmendoza.com.ar\/index.php\/author\/angelflores\/"},"rttpg_comment":0,"rttpg_category":"<a href=\"https:\/\/elfederalmendoza.com.ar\/index.php\/category\/arg\/\" rel=\"category tag\">Argentina<\/a>","rttpg_excerpt":"Chubut fue el octavo triunfo de Juntos por el Cambio y la cuarta provincia donde cae la hegemon\u00eda del PJ. El oficialismo gan\u00f3 en 5 y en dos aliadas. Los casos de C\u00f3rdoba y Neuqu\u00e9n. JxC cosech\u00f3 cerca de un mill\u00f3n de sufragios m\u00e1s. Milei no incidi\u00f3. Y hubo casi un mill\u00f3n de votos en&hellip;","_links":{"self":[{"href":"https:\/\/elfederalmendoza.com.ar\/index.php\/wp-json\/wp\/v2\/posts\/25721","targetHints":{"allow":["GET"]}}],"collection":[{"href":"https:\/\/elfederalmendoza.com.ar\/index.php\/wp-json\/wp\/v2\/posts"}],"about":[{"href":"https:\/\/elfederalmendoza.com.ar\/index.php\/wp-json\/wp\/v2\/types\/post"}],"author":[{"embeddable":true,"href":"https:\/\/elfederalmendoza.com.ar\/index.php\/wp-json\/wp\/v2\/users\/2"}],"replies":[{"embeddable":true,"href":"https:\/\/elfederalmendoza.com.ar\/index.php\/wp-json\/wp\/v2\/comments?post=25721"}],"version-history":[{"count":1,"href":"https:\/\/elfederalmendoza.com.ar\/index.php\/wp-json\/wp\/v2\/posts\/25721\/revisions"}],"predecessor-version":[{"id":25725,"href":"https:\/\/elfederalmendoza.com.ar\/index.php\/wp-json\/wp\/v2\/posts\/25721\/revisions\/25725"}],"wp:featuredmedia":[{"embeddable":true,"href":"https:\/\/elfederalmendoza.com.ar\/index.php\/wp-json\/wp\/v2\/media\/25724"}],"wp:attachment":[{"href":"https:\/\/elfederalmendoza.com.ar\/index.php\/wp-json\/wp\/v2\/media?parent=25721"}],"wp:term":[{"taxonomy":"category","embeddable":true,"href":"https:\/\/elfederalmendoza.com.ar\/index.php\/wp-json\/wp\/v2\/categories?post=25721"},{"taxonomy":"post_tag","embeddable":true,"href":"https:\/\/elfederalmendoza.com.ar\/index.php\/wp-json\/wp\/v2\/tags?post=25721"}],"curies":[{"name":"wp","href":"https:\/\/api.w.org\/{rel}","templated":true}]}}