{"id":25758,"date":"2023-07-31T08:13:00","date_gmt":"2023-07-31T11:13:00","guid":{"rendered":"https:\/\/elfederalmendoza.com\/?p=25758"},"modified":"2023-07-31T19:06:49","modified_gmt":"2023-07-31T22:06:49","slug":"batacazo-de-juntos-en-chubut-en-un-final-cabeza-a-cabeza-le-arrebato-otra-provincia-al-peronismo","status":"publish","type":"post","link":"https:\/\/elfederalmendoza.com.ar\/index.php\/2023\/07\/31\/batacazo-de-juntos-en-chubut-en-un-final-cabeza-a-cabeza-le-arrebato-otra-provincia-al-peronismo\/","title":{"rendered":"Batacazo de Juntos en Chubut: en un final cabeza a cabeza, le arrebat\u00f3 otra provincia al peronismo"},"content":{"rendered":"\n<p><strong>Una elecci\u00f3n de&nbsp;extrema paridad,&nbsp;tal como se preve\u00eda, se produjo en Chubut, con&nbsp;Juntos por el Cambio&nbsp;y&nbsp;Uni\u00f3n por la Patria&nbsp;peleando voto a voto hasta el inicio de la madrugada de este lunes.<\/strong><\/p>\n\n\n\n<p>Con el 100% escrutado, el candidato opositor&nbsp;Ignacio Torres&nbsp;se impuso por 5.229&nbsp;votos de diferencia,&nbsp;1,6 punto porcentual, 35,7% a 34,1%, sobre&nbsp;Juan Pablo Luque, el postulante que lideraba la f\u00f3rmula kirchnerista. As\u00ed, con 35 a\u00f1os, se convierte en el gobernador&nbsp;m\u00e1s joven&nbsp;de la provincia desde el regreso a la democracia.<\/p>\n\n\n\n<p>Cuando a\u00fan no hab\u00eda concluido el escrutinio provisorio, Torres&nbsp;sali\u00f3 a festejar su triunfo, acompa\u00f1ado por los dos precandidatos presidenciales de Juntos por el Cambio,&nbsp;Patricia Bullrich y Horacio Rodr\u00edguez Larreta.<\/p>\n\n\n\n<p>\u00abHoy Chubut tiene nuevo gobernador. Chubut cambi\u00f3 su historia de una vez por todas\u00bb, dijo Torres durante su celebraci\u00f3n.<\/p>\n\n\n\n<p>Pero Luque&nbsp;no reconoci\u00f3 la derrota&nbsp;cuando habl\u00f3 en Comodoro Rivadavia. El candidato peronista dijo: \u00abNos est\u00e1 dando cerca de mil votos a favor nuestro\u00bb, solt\u00f3 el candidato peronista que, no obstante, reconoci\u00f3 que es \u00abuna elecci\u00f3n muy re\u00f1ida\u00bb.<\/p>\n\n\n\n<p>Adem\u00e1s, sostuvo: \u00abEs importante que aclaremos que en un electorado de m\u00e1s de 350.000 personas, son diferencias muy menores por lo cual no vamos a festejar una victoria a nivel provincial y&nbsp;vamos a esperar el recuento definitivo\u00bb.<\/p>\n\n\n\n<p>Chubut es&nbsp;la tercera provincia&nbsp;que este a\u00f1o Juntos le arrebata al peronismo: ya le hab\u00eda ganado las gobernaciones de San Luis y San Juan. Adem\u00e1s, tras ganar las PASO en Chaco y Santa Fe, qued\u00f3 muy bien posicionado para las elecciones en esas dos provincias.<\/p>\n\n\n\n<figure class=\"wp-block-image size-full is-resized\"><img loading=\"lazy\" decoding=\"async\" src=\"https:\/\/elfederalmendoza.com\/wp-content\/uploads\/2023\/07\/fPonN8rnf_720x0__1.webp\" alt=\"\" class=\"wp-image-25759\" width=\"720\" height=\"480\" srcset=\"https:\/\/elfederalmendoza.com.ar\/wp-content\/uploads\/2023\/07\/fPonN8rnf_720x0__1.webp 720w, https:\/\/elfederalmendoza.com.ar\/wp-content\/uploads\/2023\/07\/fPonN8rnf_720x0__1-300x200.webp 300w\" sizes=\"auto, (max-width: 720px) 100vw, 720px\" \/><\/figure>\n\n\n\n<p>La ca\u00edda en Chubut de la alianza entre peronistas y kirchneristas es&nbsp;sonora. En la madrugada de este lunes, el sello con el que se presentaron -la alianza Arriba Chubut- ara\u00f1aba los 34 puntos.<\/p>\n\n\n\n<p>En la elecci\u00f3n del 2019, hab\u00edan cosechado -aquella vez fueron separados el K&nbsp;Carlos Linares&nbsp;y el massista&nbsp;Mariano Arcioni (es el actual gobernador)-&nbsp;el 75% de los votos. Hace cuatro a\u00f1os, el candidato opositor de la UCR sum\u00f3 el 15% de los sufragios.<\/p>\n\n\n\n<p>En su celebraci\u00f3n, Torres sostuvo:&nbsp;\u00abEste pibe demostr\u00f3, junto a todos los chubutenses, que despu\u00e9s de 20 a\u00f1os, vamos a terminar con la desidia en la provincia. Hoy Chubut&nbsp;cambi\u00f3 la historia de una vez por todas\u00bb, asegur\u00f3, y cuestion\u00f3 la demora en el recuento de los votos.<\/p>\n\n\n\n<p>\u00abPido disculpas a todos los que est\u00e1n en vilo hasta esta hora. Como chubutenses nos sentimos avergonzados por las cuestiones que no funcionan\u00bb, reflexion\u00f3 sobre el tema. Y concluy\u00f3: \u00abNo puede ser que en este siglo tardemos hasta las 12 de la noche para escrutar una elecci\u00f3n de la que deber\u00edamos haber tenido los resultados en veinte minutos\u00bb.<\/p>\n\n\n\n<p>En una elecci\u00f3n tan pareja, la din\u00e1mica de las ciudades resultaba determinante, ya que se evidenciaba un fuerte corte de boleta en Comodoro Rivadavia y en Puerto Madryn, en la categor\u00eda para intendente.<\/p>\n\n\n\n<p>Adem\u00e1s, en Trelew y Rawson hab\u00eda una buena elecci\u00f3n de C\u00e9sar Treffinger, el candidato de&nbsp;Javier Milei, que superaba en esas localidades los 20 puntos porcentuales y a nivel provincial quedaba tercero, pero con alrededor del 13%.<\/p>\n\n\n\n<p>El voto en blanco jug\u00f3 su partido, siendo la cuarta opci\u00f3n m\u00e1s votada del comicio, con m\u00e1s del 10,5%. Adem\u00e1s, hubo un importante nivel de ausentismo, ya que la participaci\u00f3n qued\u00f3 apenas por debajo del 70%. No obstante, fue mayor que lo que se preve\u00eda, aunque menor a la del comicio de 2019, cuando alcanz\u00f3 el 73%.<\/p>\n\n\n\n<p><strong>Intendencias<\/strong><\/p>\n\n\n\n<p>Las intendencias de Comodoro Rivadavia y de Puerto Madryn las gan\u00f3 el peronismo; la de Rawson, Juntos por el Cambio. Ya en abril, la alianza opositora se hab\u00eda impuesto en Trelew.<\/p>\n\n\n\n<p>Concluidos los comicios a las 18, en el b\u00fanker de Juntos por el Cambio en Trelew se not\u00f3 mucho optimismo de entrada, potenciado cuando los primeros datos mostraban a Torres siete puntos arriba, alrededor de las 21.<\/p>\n\n\n\n<p>La cautela fue primando despu\u00e9s, a medida que Luque achicaba la brecha y en Comodoro Rivadavia, sede de la cumbre kirchnerista, no daban por perdida la elecci\u00f3n.<\/p>\n\n\n\n<p>Torres vot\u00f3 por la ma\u00f1ana, a las 9, junto&nbsp;con su abuelo, de 95 a\u00f1os, y de all\u00ed se fue a acompa\u00f1ar a su abuela, de 89, a otra escuela en la que sufrag\u00f3.<\/p>\n\n\n\n<p>El candidato de Juntos por el Cambio tuvo el apoyo en Trelew de Horacio Rodr\u00edguez Larreta y Patricia Bullrich, que llegaron en aviones separados y con comitiva propia y se reunieron con Torres en lugares distintos: a las 20, Bullrich lo salud\u00f3 a \u00e9l y a su novia Ornella en el hotel Rayentray, y minutos despu\u00e9s Rodr\u00edguez Larreta los recibi\u00f3 a solo cuatro cuadras de distancia, en el caf\u00e9 Vulev\u00fa.<\/p>\n\n\n\n<p>Luque, en tanto, vot\u00f3 a las 11.20 en la escuela 39 de Comodoro Rivadavia, acompa\u00f1ado por su hija Francina. All\u00ed destac\u00f3 que la poblaci\u00f3n comodorense asisti\u00f3 a las urnas aun el d\u00eda despu\u00e9s de un fuert\u00edsimo temporal, con r\u00e1fagas de viento de m\u00e1s de 120 kil\u00f3metros por hora. Tambi\u00e9n vot\u00f3 en Comodoro Rivadavia el actual gobernador peronista,&nbsp;Mariano Arcioni, de quien ambos candidatos se diferenciaron por su cuestionada gesti\u00f3n.<\/p>\n\n\n\n<p>Torres reci\u00e9n lleg\u00f3 al bunker de campa\u00f1a pasadas las 23, consciente de la paridad de la elecci\u00f3n, pero con la confianza por entender que \u00abla tendencia era clara\u00bb. En ese momento lo separaban de su rival menos de 7.000 votos y se hab\u00eda escrutado cerca del 70%. Pero el c\u00e1lculo que hac\u00edan en el cambiemismo era que para perder la provincia en Comodoro la diferencia entre ambos deb\u00eda superar los 15&nbsp;puntos. Finalmente, no lleg\u00f3&nbsp;a los 13, por lo cual no le bast\u00f3&nbsp;a Luque para compensar las derrotas en otras ciudades clave.<\/p>\n","protected":false},"excerpt":{"rendered":"<p>Una elecci\u00f3n de&nbsp;extrema paridad,&nbsp;tal como se preve\u00eda, se produjo en Chubut, con&nbsp;Juntos por el Cambio&nbsp;y&nbsp;Uni\u00f3n por la Patria&nbsp;peleando voto a voto hasta el inicio de la madrugada de este lunes. Con el 100% escrutado, el candidato opositor&nbsp;Ignacio Torres&nbsp;se impuso por 5.229&nbsp;votos de diferencia,&nbsp;1,6 punto porcentual, 35,7% a 34,1%, sobre&nbsp;Juan Pablo Luque, el postulante que lideraba<a class=\"read-more\" href=\"https:\/\/elfederalmendoza.com.ar\/index.php\/2023\/07\/31\/batacazo-de-juntos-en-chubut-en-un-final-cabeza-a-cabeza-le-arrebato-otra-provincia-al-peronismo\/\"> [&hellip;]<\/a><\/p>\n","protected":false},"author":2,"featured_media":25759,"comment_status":"open","ping_status":"open","sticky":false,"template":"","format":"standard","meta":{"footnotes":""},"categories":[5618],"tags":[],"class_list":["post-25758","post","type-post","status-publish","format-standard","has-post-thumbnail","hentry","category-arg"],"rttpg_featured_image_url":{"full":["https:\/\/elfederalmendoza.com.ar\/wp-content\/uploads\/2023\/07\/fPonN8rnf_720x0__1.webp",720,480,false],"landscape":["https:\/\/elfederalmendoza.com.ar\/wp-content\/uploads\/2023\/07\/fPonN8rnf_720x0__1.webp",720,480,false],"portraits":["https:\/\/elfederalmendoza.com.ar\/wp-content\/uploads\/2023\/07\/fPonN8rnf_720x0__1.webp",720,480,false],"thumbnail":["https:\/\/elfederalmendoza.com.ar\/wp-content\/uploads\/2023\/07\/fPonN8rnf_720x0__1-150x150.webp",150,150,true],"medium":["https:\/\/elfederalmendoza.com.ar\/wp-content\/uploads\/2023\/07\/fPonN8rnf_720x0__1-300x200.webp",300,200,true],"large":["https:\/\/elfederalmendoza.com.ar\/wp-content\/uploads\/2023\/07\/fPonN8rnf_720x0__1.webp",640,427,false],"1536x1536":["https:\/\/elfederalmendoza.com.ar\/wp-content\/uploads\/2023\/07\/fPonN8rnf_720x0__1.webp",720,480,false],"2048x2048":["https:\/\/elfederalmendoza.com.ar\/wp-content\/uploads\/2023\/07\/fPonN8rnf_720x0__1.webp",720,480,false],"ultp_layout_landscape_large":["https:\/\/elfederalmendoza.com.ar\/wp-content\/uploads\/2023\/07\/fPonN8rnf_720x0__1.webp",720,480,false],"ultp_layout_landscape":["https:\/\/elfederalmendoza.com.ar\/wp-content\/uploads\/2023\/07\/fPonN8rnf_720x0__1.webp",720,480,false],"ultp_layout_portrait":["https:\/\/elfederalmendoza.com.ar\/wp-content\/uploads\/2023\/07\/fPonN8rnf_720x0__1-600x480.webp",600,480,true],"ultp_layout_square":["https:\/\/elfederalmendoza.com.ar\/wp-content\/uploads\/2023\/07\/fPonN8rnf_720x0__1-600x480.webp",600,480,true],"rpwe-thumbnail":["https:\/\/elfederalmendoza.com.ar\/wp-content\/uploads\/2023\/07\/fPonN8rnf_720x0__1-45x45.webp",45,45,true],"advps-thumb-one":["https:\/\/elfederalmendoza.com.ar\/wp-content\/uploads\/2023\/07\/fPonN8rnf_720x0__1-720x420.webp",720,420,true]},"rttpg_author":{"display_name":"Redacci\u00f3n El Federal","author_link":"https:\/\/elfederalmendoza.com.ar\/index.php\/author\/angelflores\/"},"rttpg_comment":0,"rttpg_category":"<a href=\"https:\/\/elfederalmendoza.com.ar\/index.php\/category\/arg\/\" rel=\"category tag\">Argentina<\/a>","rttpg_excerpt":"Una elecci\u00f3n de&nbsp;extrema paridad,&nbsp;tal como se preve\u00eda, se produjo en Chubut, con&nbsp;Juntos por el Cambio&nbsp;y&nbsp;Uni\u00f3n por la Patria&nbsp;peleando voto a voto hasta el inicio de la madrugada de este lunes. Con el 100% escrutado, el candidato opositor&nbsp;Ignacio Torres&nbsp;se impuso por 5.229&nbsp;votos de diferencia,&nbsp;1,6 punto porcentual, 35,7% a 34,1%, sobre&nbsp;Juan Pablo Luque, el postulante que lideraba&hellip;","_links":{"self":[{"href":"https:\/\/elfederalmendoza.com.ar\/index.php\/wp-json\/wp\/v2\/posts\/25758","targetHints":{"allow":["GET"]}}],"collection":[{"href":"https:\/\/elfederalmendoza.com.ar\/index.php\/wp-json\/wp\/v2\/posts"}],"about":[{"href":"https:\/\/elfederalmendoza.com.ar\/index.php\/wp-json\/wp\/v2\/types\/post"}],"author":[{"embeddable":true,"href":"https:\/\/elfederalmendoza.com.ar\/index.php\/wp-json\/wp\/v2\/users\/2"}],"replies":[{"embeddable":true,"href":"https:\/\/elfederalmendoza.com.ar\/index.php\/wp-json\/wp\/v2\/comments?post=25758"}],"version-history":[{"count":2,"href":"https:\/\/elfederalmendoza.com.ar\/index.php\/wp-json\/wp\/v2\/posts\/25758\/revisions"}],"predecessor-version":[{"id":25775,"href":"https:\/\/elfederalmendoza.com.ar\/index.php\/wp-json\/wp\/v2\/posts\/25758\/revisions\/25775"}],"wp:featuredmedia":[{"embeddable":true,"href":"https:\/\/elfederalmendoza.com.ar\/index.php\/wp-json\/wp\/v2\/media\/25759"}],"wp:attachment":[{"href":"https:\/\/elfederalmendoza.com.ar\/index.php\/wp-json\/wp\/v2\/media?parent=25758"}],"wp:term":[{"taxonomy":"category","embeddable":true,"href":"https:\/\/elfederalmendoza.com.ar\/index.php\/wp-json\/wp\/v2\/categories?post=25758"},{"taxonomy":"post_tag","embeddable":true,"href":"https:\/\/elfederalmendoza.com.ar\/index.php\/wp-json\/wp\/v2\/tags?post=25758"}],"curies":[{"name":"wp","href":"https:\/\/api.w.org\/{rel}","templated":true}]}}