{"id":25828,"date":"2023-08-01T02:37:00","date_gmt":"2023-08-01T05:37:00","guid":{"rendered":"https:\/\/elfederalmendoza.com\/?p=25828"},"modified":"2023-08-01T12:40:01","modified_gmt":"2023-08-01T15:40:01","slug":"el-dueno-de-los-dogos-que-mataron-a-una-chica-de-15-anos-en-cordoba-podria-recibir-hasta-25-anos-de-carcel","status":"publish","type":"post","link":"https:\/\/elfederalmendoza.com.ar\/index.php\/2023\/08\/01\/el-dueno-de-los-dogos-que-mataron-a-una-chica-de-15-anos-en-cordoba-podria-recibir-hasta-25-anos-de-carcel\/","title":{"rendered":"El due\u00f1o de los dogos que mataron a una chica de 15 a\u00f1os en C\u00f3rdoba podr\u00eda recibir hasta 25 a\u00f1os de c\u00e1rcel"},"content":{"rendered":"\n<p><strong>Jos\u00e9 Luis Nieto, el due\u00f1o de los dos dogos que mataron a una adolescente de 15 a\u00f1os en C\u00f3rdoba, podr\u00eda recibir hasta 25 a\u00f1os de c\u00e1rcel luego de que el fiscal de la causa lo haya acusado de homicidio y lesiones leves.<\/strong><\/p>\n\n\n\n<p>El fiscal de Instrucci\u00f3n del Distrito 2 Turno III de C\u00f3rdoba,&nbsp;<strong>Luis Micheli<\/strong>, agrav\u00f3 la imputaci\u00f3n contra el due\u00f1o de los animales que mataron a&nbsp;<strong>Trinidad Ballesteros&nbsp;<\/strong>en la v\u00eda p\u00fablica y<strong>&nbsp;la car\u00e1tula de la causa pas\u00f3 a ser \u201chomicidio simple y lesiones leves, con dolo eventual\u201d.<\/strong><\/p>\n\n\n\n<p>Con esta nueva imputaci\u00f3n,&nbsp;<strong>Nieto podr\u00eda llegar a recibir una pena de entre 8 y 25 a\u00f1os de prisi\u00f3n<\/strong>. Anteriormente, la causa estaba caratulada como \u201chomicidio y lesiones culposas\u201d, pero el dolo eventual puede ser clave en la condena.<\/p>\n\n\n\n<p>Es que la calificaci\u00f3n de dolo eventual que determin\u00f3 el fiscal&nbsp;<strong>significa que el acusado tuvo que haber comprendido con anterioridad que sus perros podr\u00edan ocasionarle la muerte a alguien<\/strong>.<\/p>\n\n\n\n<p>La decisi\u00f3n de la Fiscal\u00eda de Instrucci\u00f3n de modificar la car\u00e1tula \u201cfue adoptada tras analizar los elementos probatorios incorporados a la causa\u201d. \u201cEn los pr\u00f3ximos d\u00edas se fijar\u00e1 la fecha de audiencia a los fines de receptar la declaraci\u00f3n indagatoria del imputado, quien continuar\u00e1 en libertad con la obligaci\u00f3n que le impone el C\u00f3digo Procesal Penal de C\u00f3rdoba\u201d, indic\u00f3 la Fiscal\u00eda.<\/p>\n\n\n\n<p>Esto tambi\u00e9n se debe a los antecedentes con los que cuenta el hombre que vive en el barrio Estaci\u00f3n Flores de C\u00f3rdoba:&nbsp;<strong>en 2022 fue encontrado culpable por no tener seguridad para evitar la fuga de sus animales de su casa.<\/strong><\/p>\n\n\n\n<p>A mediados del a\u00f1o pasado y luego de que varios vecinos realizaran quejas por la ferocidad de los perros y porque sol\u00edan escaparse de su domicilio, una comisi\u00f3n de la divisi\u00f3n Patrulla Ambiental de la Polic\u00eda provincial arrib\u00f3 a la casa de Nieto, ubicada en la calle Bucarest al 4869.<\/p>\n\n\n\n<p>En aquella oportunidad, los polic\u00edas fueron a constatar las denuncias de los vecinos y dejaron todo asentado en el sumario N\u00b04420\/22, seg\u00fan inform\u00f3 el diario La Voz. El propio Nieto les reconoci\u00f3 a los efectivos que era el due\u00f1o de los dos peligrosos animales.<\/p>\n\n\n\n<p>En el sumario los polic\u00edas dejaron constancia en el acta de que los dogos se hab\u00edan mostrado muy agresivos, pero en ning\u00fan momento se baraj\u00f3 la posibilidad de retirarlos del domicilio de manera preventiva.<\/p>\n\n\n\n<p>La causa avanz\u00f3 en la Unidad Judicial 6.0 y el ayudante fiscal&nbsp;<strong>Gerardo Lozada&nbsp;<\/strong>declar\u00f3 culpable a Nieto por la contravenci\u00f3n de no tener seguridad en su casa para retener las constantes fugas de los dogos. El principal reclamo era que las rejas no pod\u00edan contener a los animales si estos quer\u00edan escaparse.<\/p>\n\n\n\n<p>El due\u00f1o de los perros se declar\u00f3 culpable y la condena por la contravenci\u00f3n fue que realizara tareas comunitarias durante un d\u00eda. Sin embargo, Nieto dijo que por su trabajo no pod\u00eda hacer esa tarea y se le fij\u00f3 una multa de alrededor de $1000.<\/p>\n","protected":false},"excerpt":{"rendered":"<p>Jos\u00e9 Luis Nieto, el due\u00f1o de los dos dogos que mataron a una adolescente de 15 a\u00f1os en C\u00f3rdoba, podr\u00eda recibir hasta 25 a\u00f1os de c\u00e1rcel luego de que el fiscal de la causa lo haya acusado de homicidio y lesiones leves. El fiscal de Instrucci\u00f3n del Distrito 2 Turno III de C\u00f3rdoba,&nbsp;Luis Micheli, agrav\u00f3<a class=\"read-more\" href=\"https:\/\/elfederalmendoza.com.ar\/index.php\/2023\/08\/01\/el-dueno-de-los-dogos-que-mataron-a-una-chica-de-15-anos-en-cordoba-podria-recibir-hasta-25-anos-de-carcel\/\"> [&hellip;]<\/a><\/p>\n","protected":false},"author":2,"featured_media":25830,"comment_status":"open","ping_status":"open","sticky":false,"template":"","format":"standard","meta":{"footnotes":""},"categories":[5618],"tags":[],"class_list":["post-25828","post","type-post","status-publish","format-standard","has-post-thumbnail","hentry","category-arg"],"rttpg_featured_image_url":{"full":["https:\/\/elfederalmendoza.com.ar\/wp-content\/uploads\/2023\/08\/WhatsApp-Image-2023-08-01-at-12.39.04.jpeg",1440,806,false],"landscape":["https:\/\/elfederalmendoza.com.ar\/wp-content\/uploads\/2023\/08\/WhatsApp-Image-2023-08-01-at-12.39.04.jpeg",1440,806,false],"portraits":["https:\/\/elfederalmendoza.com.ar\/wp-content\/uploads\/2023\/08\/WhatsApp-Image-2023-08-01-at-12.39.04.jpeg",1440,806,false],"thumbnail":["https:\/\/elfederalmendoza.com.ar\/wp-content\/uploads\/2023\/08\/WhatsApp-Image-2023-08-01-at-12.39.04-150x150.jpeg",150,150,true],"medium":["https:\/\/elfederalmendoza.com.ar\/wp-content\/uploads\/2023\/08\/WhatsApp-Image-2023-08-01-at-12.39.04-300x168.jpeg",300,168,true],"large":["https:\/\/elfederalmendoza.com.ar\/wp-content\/uploads\/2023\/08\/WhatsApp-Image-2023-08-01-at-12.39.04-1024x573.jpeg",640,358,true],"1536x1536":["https:\/\/elfederalmendoza.com.ar\/wp-content\/uploads\/2023\/08\/WhatsApp-Image-2023-08-01-at-12.39.04.jpeg",1440,806,false],"2048x2048":["https:\/\/elfederalmendoza.com.ar\/wp-content\/uploads\/2023\/08\/WhatsApp-Image-2023-08-01-at-12.39.04.jpeg",1440,806,false],"ultp_layout_landscape_large":["https:\/\/elfederalmendoza.com.ar\/wp-content\/uploads\/2023\/08\/WhatsApp-Image-2023-08-01-at-12.39.04-1200x800.jpeg",1200,800,true],"ultp_layout_landscape":["https:\/\/elfederalmendoza.com.ar\/wp-content\/uploads\/2023\/08\/WhatsApp-Image-2023-08-01-at-12.39.04-870x570.jpeg",870,570,true],"ultp_layout_portrait":["https:\/\/elfederalmendoza.com.ar\/wp-content\/uploads\/2023\/08\/WhatsApp-Image-2023-08-01-at-12.39.04-600x806.jpeg",600,806,true],"ultp_layout_square":["https:\/\/elfederalmendoza.com.ar\/wp-content\/uploads\/2023\/08\/WhatsApp-Image-2023-08-01-at-12.39.04-600x600.jpeg",600,600,true],"rpwe-thumbnail":["https:\/\/elfederalmendoza.com.ar\/wp-content\/uploads\/2023\/08\/WhatsApp-Image-2023-08-01-at-12.39.04-45x45.jpeg",45,45,true],"advps-thumb-one":["https:\/\/elfederalmendoza.com.ar\/wp-content\/uploads\/2023\/08\/WhatsApp-Image-2023-08-01-at-12.39.04-1200x420.jpeg",1200,420,true]},"rttpg_author":{"display_name":"Redacci\u00f3n El Federal","author_link":"https:\/\/elfederalmendoza.com.ar\/index.php\/author\/angelflores\/"},"rttpg_comment":0,"rttpg_category":"<a href=\"https:\/\/elfederalmendoza.com.ar\/index.php\/category\/arg\/\" rel=\"category tag\">Argentina<\/a>","rttpg_excerpt":"Jos\u00e9 Luis Nieto, el due\u00f1o de los dos dogos que mataron a una adolescente de 15 a\u00f1os en C\u00f3rdoba, podr\u00eda recibir hasta 25 a\u00f1os de c\u00e1rcel luego de que el fiscal de la causa lo haya acusado de homicidio y lesiones leves. El fiscal de Instrucci\u00f3n del Distrito 2 Turno III de C\u00f3rdoba,&nbsp;Luis Micheli, agrav\u00f3&hellip;","_links":{"self":[{"href":"https:\/\/elfederalmendoza.com.ar\/index.php\/wp-json\/wp\/v2\/posts\/25828","targetHints":{"allow":["GET"]}}],"collection":[{"href":"https:\/\/elfederalmendoza.com.ar\/index.php\/wp-json\/wp\/v2\/posts"}],"about":[{"href":"https:\/\/elfederalmendoza.com.ar\/index.php\/wp-json\/wp\/v2\/types\/post"}],"author":[{"embeddable":true,"href":"https:\/\/elfederalmendoza.com.ar\/index.php\/wp-json\/wp\/v2\/users\/2"}],"replies":[{"embeddable":true,"href":"https:\/\/elfederalmendoza.com.ar\/index.php\/wp-json\/wp\/v2\/comments?post=25828"}],"version-history":[{"count":1,"href":"https:\/\/elfederalmendoza.com.ar\/index.php\/wp-json\/wp\/v2\/posts\/25828\/revisions"}],"predecessor-version":[{"id":25831,"href":"https:\/\/elfederalmendoza.com.ar\/index.php\/wp-json\/wp\/v2\/posts\/25828\/revisions\/25831"}],"wp:featuredmedia":[{"embeddable":true,"href":"https:\/\/elfederalmendoza.com.ar\/index.php\/wp-json\/wp\/v2\/media\/25830"}],"wp:attachment":[{"href":"https:\/\/elfederalmendoza.com.ar\/index.php\/wp-json\/wp\/v2\/media?parent=25828"}],"wp:term":[{"taxonomy":"category","embeddable":true,"href":"https:\/\/elfederalmendoza.com.ar\/index.php\/wp-json\/wp\/v2\/categories?post=25828"},{"taxonomy":"post_tag","embeddable":true,"href":"https:\/\/elfederalmendoza.com.ar\/index.php\/wp-json\/wp\/v2\/tags?post=25828"}],"curies":[{"name":"wp","href":"https:\/\/api.w.org\/{rel}","templated":true}]}}