{"id":25917,"date":"2023-08-03T17:33:29","date_gmt":"2023-08-03T20:33:29","guid":{"rendered":"https:\/\/elfederalmendoza.com\/?p=25917"},"modified":"2023-08-03T17:33:30","modified_gmt":"2023-08-03T20:33:30","slug":"se-cumple-un-ano-de-sergio-massa-como-superministro-creo-12-millones-de-pobres-en-12-meses-de-gestion","status":"publish","type":"post","link":"https:\/\/elfederalmendoza.com.ar\/index.php\/2023\/08\/03\/se-cumple-un-ano-de-sergio-massa-como-superministro-creo-12-millones-de-pobres-en-12-meses-de-gestion\/","title":{"rendered":"Se cumple un a\u00f1o de Sergio Massa como superministro: cre\u00f3 1,2 millones de pobres en 12 meses de gesti\u00f3n"},"content":{"rendered":"\n<p>Hace un a\u00f1o,\u00a0<strong>Sergio Massa<\/strong>\u00a0asumi\u00f3 como ministro de Econom\u00eda de la Naci\u00f3n, con el objetivo principal de controlar la\u00a0inflaci\u00f3n\u00a0que, en ese mes, fue de <strong>7,4% mensual y 71% anual<\/strong>. Doce meses despu\u00e9s, se conoci\u00f3 la inflaci\u00f3n de junio de este a\u00f1o:<strong> 6% mensual y 115,6% anual<\/strong>, siguiendo con seis meses de registros de tres d\u00edgitos y <strong>marcando r\u00e9cords desde la hiperinflaci\u00f3n en 1992<\/strong>, seg\u00fan se\u00f1ala un reporte del Centro de Estudios para la Recuperaci\u00f3n Argentina de la Facultad de Ciencias Econ\u00f3micas de la Universidad de Buenos Aires (UBA). <strong>Asimismo, es el primer mes en m\u00e1s de 30 a\u00f1os que todos los rubros principales del\u00a0<a href=\"https:\/\/www.lagaceta.com.ar\/tags\/527\/instituto-nacional-estadisticas-censos\">IPC<\/a>\u00a0aumentaron m\u00e1s que el 100% anual.<\/strong><\/p>\n\n\n\n<p>Seg\u00fan La Naci\u00f3n, Massa cre\u00f3 1.200.000 m\u00e1s de pobres.<\/p>\n\n\n\n<figure class=\"wp-block-image size-large\"><img loading=\"lazy\" decoding=\"async\" width=\"1024\" height=\"579\" src=\"https:\/\/elfederalmendoza.com\/wp-content\/uploads\/2023\/08\/pobreza-massa-1024x579.jpg\" alt=\"\" class=\"wp-image-25919\" srcset=\"https:\/\/elfederalmendoza.com.ar\/wp-content\/uploads\/2023\/08\/pobreza-massa-1024x579.jpg 1024w, https:\/\/elfederalmendoza.com.ar\/wp-content\/uploads\/2023\/08\/pobreza-massa-300x170.jpg 300w, https:\/\/elfederalmendoza.com.ar\/wp-content\/uploads\/2023\/08\/pobreza-massa-768x434.jpg 768w, https:\/\/elfederalmendoza.com.ar\/wp-content\/uploads\/2023\/08\/pobreza-massa-1536x868.jpg 1536w, https:\/\/elfederalmendoza.com.ar\/wp-content\/uploads\/2023\/08\/pobreza-massa.jpg 1600w\" sizes=\"auto, (max-width: 1024px) 100vw, 1024px\" \/><\/figure>\n\n\n\n<p>En el cierre del primer a\u00f1o de Massa como ministro, el rubro con el mayor aumento fue <strong>Restaurantes y Hoteles<\/strong>, con un incremento del 134,7% anual, seguido por <strong>Equipamiento y Mantenimiento del Hogar<\/strong> (122,3%) e <strong>Indumentaria y Calzado<\/strong> (121,4%). En cambio, el menor aumento se dio en el rubro de Transporte, que creci\u00f3 un 100,5%; lo siguieron Salud (104,7%) y Comunicaciones (106,2%), puntualiza el informe al que accedieron medios nacionales. <\/p>\n\n\n\n<p>En detalle, el subrubro con el mayor incremento anual fue <strong>Verduras, que creci\u00f3 un 162,4%<\/strong> respecto al a\u00f1o anterior, seguido por <strong>Electricidad y Gas (161,6%)<\/strong>, aunque con subas tambi\u00e9n altas en<strong> Frutas (154,5%)<\/strong> y <strong>Az\u00facar y Golosinas (151,6%)<\/strong>. En cambio, los subrubros con las subas m\u00e1s bajas fueron\u00a0<strong>Combustibles\u00a0(73,5%), Alquileres (74,7%), y Carnes (85,5%)<\/strong>.<\/p>\n\n\n\n<p>Los servicios crecieron menos que los bienes (114,8% contra 115,7%) en junio, con heterogeneidad dentro del segmento: el servicio con el mayor aumento fue electricidad, gas, y otros servicios p\u00fablicos (161,6%), seguido de restaurantes y comidas fuera del hogar (132,4%), mientras que el menor aumento anual se dio en alquileres y costo de la vivienda (82,2%), con registros bajos tambi\u00e9n en prepagas (93,8%), y aumentos intermedios en vivienda, transporte p\u00fablico, comunicaciones, y servicios recreativos. En cuanto a los bienes, el m\u00e1ximo aumento se observ\u00f3 en diarios, revistas, libros, y papeler\u00eda (140,5%), seguido por calzado (126,0%) e indumentaria (122,9%), adem\u00e1s de aumentos significativos en alimentos y bebidas, bebidas alcoh\u00f3licas y tabaco, y aumentos m\u00e1s moderados en el resto de los bienes.<\/p>\n\n\n\n<p>Mirando productos espec\u00edficos, el mayor aumento se dio en el kilo de batata, que creci\u00f3 un 419,0% anual, seguido por el kilo de az\u00facar (362,0%). Otros incrementos elevados se observaron en el kilo de banana (292,3%), el kilo de papa (262,2%), el zapallo (226,3%), y la manzana (214,3%). Por encima de la media estuvieron las subas en pan, harinas, galletitas, arroz, fideos, embutidos, aceite, l\u00e1cteos, otras frutas, otras verduras, bebidas alcoh\u00f3licas, bebidas sin alcohol, y productos de cuidado personal. En tanto, las menores subas se dieron en el kilo de asado (67,9%) \u2013 los cortes de carne aumentaron, en promedio, un 73,4% anual -, tomate (68,6%), detergente (85,6%), y el kilo de cebolla (88,0%), con aumentos inferiores al 100% tambi\u00e9n en pollo, shampoo, y desodorante, detalla el centro que depende de la UBA. &nbsp;<\/p>\n\n\n\n<p>\u201cEn el doceavo mes de Massa como ministro,<strong> la canasta b\u00e1sica alimentaria aument\u00f3 un 124% anual<\/strong>, mientras que la <strong>canasta b\u00e1sica total creci\u00f3 un 123% <\/strong>&#8211; de modo que el piso de subsistencia creci\u00f3 m\u00e1s r\u00e1pido que el \u00edndice promedio de precios\u201d, finaliza.<\/p>\n","protected":false},"excerpt":{"rendered":"<p>Hace un a\u00f1o,\u00a0Sergio Massa\u00a0asumi\u00f3 como ministro de Econom\u00eda de la Naci\u00f3n, con el objetivo principal de controlar la\u00a0inflaci\u00f3n\u00a0que, en ese mes, fue de 7,4% mensual y 71% anual. Doce meses despu\u00e9s, se conoci\u00f3 la inflaci\u00f3n de junio de este a\u00f1o: 6% mensual y 115,6% anual, siguiendo con seis meses de registros de tres d\u00edgitos y<a class=\"read-more\" href=\"https:\/\/elfederalmendoza.com.ar\/index.php\/2023\/08\/03\/se-cumple-un-ano-de-sergio-massa-como-superministro-creo-12-millones-de-pobres-en-12-meses-de-gestion\/\"> [&hellip;]<\/a><\/p>\n","protected":false},"author":2,"featured_media":25920,"comment_status":"open","ping_status":"open","sticky":false,"template":"","format":"standard","meta":{"footnotes":""},"categories":[5618],"tags":[],"class_list":["post-25917","post","type-post","status-publish","format-standard","has-post-thumbnail","hentry","category-arg"],"rttpg_featured_image_url":{"full":["https:\/\/elfederalmendoza.com.ar\/wp-content\/uploads\/2023\/08\/super-massa.jpg",1140,641,false],"landscape":["https:\/\/elfederalmendoza.com.ar\/wp-content\/uploads\/2023\/08\/super-massa.jpg",1140,641,false],"portraits":["https:\/\/elfederalmendoza.com.ar\/wp-content\/uploads\/2023\/08\/super-massa.jpg",1140,641,false],"thumbnail":["https:\/\/elfederalmendoza.com.ar\/wp-content\/uploads\/2023\/08\/super-massa-150x150.jpg",150,150,true],"medium":["https:\/\/elfederalmendoza.com.ar\/wp-content\/uploads\/2023\/08\/super-massa-300x169.jpg",300,169,true],"large":["https:\/\/elfederalmendoza.com.ar\/wp-content\/uploads\/2023\/08\/super-massa-1024x576.jpg",640,360,true],"1536x1536":["https:\/\/elfederalmendoza.com.ar\/wp-content\/uploads\/2023\/08\/super-massa.jpg",1140,641,false],"2048x2048":["https:\/\/elfederalmendoza.com.ar\/wp-content\/uploads\/2023\/08\/super-massa.jpg",1140,641,false],"ultp_layout_landscape_large":["https:\/\/elfederalmendoza.com.ar\/wp-content\/uploads\/2023\/08\/super-massa.jpg",1140,641,false],"ultp_layout_landscape":["https:\/\/elfederalmendoza.com.ar\/wp-content\/uploads\/2023\/08\/super-massa-870x570.jpg",870,570,true],"ultp_layout_portrait":["https:\/\/elfederalmendoza.com.ar\/wp-content\/uploads\/2023\/08\/super-massa-600x641.jpg",600,641,true],"ultp_layout_square":["https:\/\/elfederalmendoza.com.ar\/wp-content\/uploads\/2023\/08\/super-massa-600x600.jpg",600,600,true],"rpwe-thumbnail":["https:\/\/elfederalmendoza.com.ar\/wp-content\/uploads\/2023\/08\/super-massa-45x45.jpg",45,45,true],"advps-thumb-one":["https:\/\/elfederalmendoza.com.ar\/wp-content\/uploads\/2023\/08\/super-massa-1140x420.jpg",1140,420,true]},"rttpg_author":{"display_name":"Redacci\u00f3n El Federal","author_link":"https:\/\/elfederalmendoza.com.ar\/index.php\/author\/angelflores\/"},"rttpg_comment":0,"rttpg_category":"<a href=\"https:\/\/elfederalmendoza.com.ar\/index.php\/category\/arg\/\" rel=\"category tag\">Argentina<\/a>","rttpg_excerpt":"Hace un a\u00f1o,\u00a0Sergio Massa\u00a0asumi\u00f3 como ministro de Econom\u00eda de la Naci\u00f3n, con el objetivo principal de controlar la\u00a0inflaci\u00f3n\u00a0que, en ese mes, fue de 7,4% mensual y 71% anual. Doce meses despu\u00e9s, se conoci\u00f3 la inflaci\u00f3n de junio de este a\u00f1o: 6% mensual y 115,6% anual, siguiendo con seis meses de registros de tres d\u00edgitos y&hellip;","_links":{"self":[{"href":"https:\/\/elfederalmendoza.com.ar\/index.php\/wp-json\/wp\/v2\/posts\/25917","targetHints":{"allow":["GET"]}}],"collection":[{"href":"https:\/\/elfederalmendoza.com.ar\/index.php\/wp-json\/wp\/v2\/posts"}],"about":[{"href":"https:\/\/elfederalmendoza.com.ar\/index.php\/wp-json\/wp\/v2\/types\/post"}],"author":[{"embeddable":true,"href":"https:\/\/elfederalmendoza.com.ar\/index.php\/wp-json\/wp\/v2\/users\/2"}],"replies":[{"embeddable":true,"href":"https:\/\/elfederalmendoza.com.ar\/index.php\/wp-json\/wp\/v2\/comments?post=25917"}],"version-history":[{"count":1,"href":"https:\/\/elfederalmendoza.com.ar\/index.php\/wp-json\/wp\/v2\/posts\/25917\/revisions"}],"predecessor-version":[{"id":25921,"href":"https:\/\/elfederalmendoza.com.ar\/index.php\/wp-json\/wp\/v2\/posts\/25917\/revisions\/25921"}],"wp:featuredmedia":[{"embeddable":true,"href":"https:\/\/elfederalmendoza.com.ar\/index.php\/wp-json\/wp\/v2\/media\/25920"}],"wp:attachment":[{"href":"https:\/\/elfederalmendoza.com.ar\/index.php\/wp-json\/wp\/v2\/media?parent=25917"}],"wp:term":[{"taxonomy":"category","embeddable":true,"href":"https:\/\/elfederalmendoza.com.ar\/index.php\/wp-json\/wp\/v2\/categories?post=25917"},{"taxonomy":"post_tag","embeddable":true,"href":"https:\/\/elfederalmendoza.com.ar\/index.php\/wp-json\/wp\/v2\/tags?post=25917"}],"curies":[{"name":"wp","href":"https:\/\/api.w.org\/{rel}","templated":true}]}}